{"id":441180,"date":"2021-04-06T10:53:41","date_gmt":"2021-04-06T08:53:41","guid":{"rendered":"https:\/\/hashtag.al\/?p=441180"},"modified":"2021-04-06T11:25:59","modified_gmt":"2021-04-06T09:25:59","slug":"si-nisi-saga-e-mbi-300-vrasjeve-te-beratit-historia-e-famekeqit-altin-dardha-treguar-nga-ferdinand-dervishi-intervista","status":"publish","type":"post","link":"https:\/\/www.hashtag.al\/index.php\/2021\/04\/06\/si-nisi-saga-e-mbi-300-vrasjeve-te-beratit-historia-e-famekeqit-altin-dardha-treguar-nga-ferdinand-dervishi-intervista\/","title":{"rendered":"Si nisi saga e mbi 300 vrasjeve t\u00eb Beratit, historia e fam\u00ebkeqit Altin Dardha treguar nga Ferdinand Dervishi (INTERVISTA)","gt_translate_keys":[{"key":"rendered","format":"text"}]},"content":{"rendered":"<p><span style=\"color: #000000;\"><a href=\"https:\/\/hashtag.al\/wp-content\/uploads\/2021\/04\/dervishi.jpg\"><img loading=\"lazy\" decoding=\"async\" class=\"aligncenter size-full wp-image-441188\" src=\"https:\/\/hashtag.al\/wp-content\/uploads\/2021\/04\/dervishi.jpg\" alt=\"\" width=\"759\" height=\"391\" srcset=\"https:\/\/www.hashtag.al\/wp-content\/uploads\/2021\/04\/dervishi.jpg 759w, https:\/\/www.hashtag.al\/wp-content\/uploads\/2021\/04\/dervishi-300x155.jpg 300w\" sizes=\"auto, (max-width: 759px) 100vw, 759px\" \/><\/a><\/span><\/p>\n<p><span style=\"color: #000000;\">Altin Dardha, ishte nj\u00eb prej personazheve m\u00eb t\u00eb friksh\u00ebm t\u00eb krimit n\u00eb Berat n\u00eb vitet 1993-1998, q\u00eb u vu n\u00eb qend\u00ebr t\u00eb konfliktit q\u00eb shkaktoi mbi 300 vrasje n\u00eb k\u00ebt\u00eb qark.<\/span><\/p>\n<p><span style=\"color: #000000;\">Gazetari Ferdinand Dervishi ka shkruar nj\u00eb lib\u00ebr mbi aktivitetin e tij kriminal, duke e nisur historin\u00eb q\u00eb nga koha kur Altin Dardha ka qen\u00eb nj\u00eb adoleshent, si nisi lidhja e tij me krimin dhe deri n\u00eb ekzekutimin e tij n\u00eb Janin\u00eb n\u00eb vitin 1998.<\/span><\/p>\n<p><span style=\"color: #000000;\">N\u00eb nj\u00eb intervist\u00eb n\u00eb emisionin \u201cOpinion\u201d me gazetarin dhe ish-kolegun e tij Blendi Fevziu, Dervishi solli nj\u00eb pjes\u00eb t\u00eb rr\u00ebfimit q\u00eb ka b\u00ebr\u00eb n\u00eb librin e tij \u201cAltin Dardha\u201d duke treguar dhe zanafill\u00ebn q\u00eb \u00e7oi n\u00eb sag\u00ebn e vrasjeve t\u00eb Beratit.<\/span><\/p>\n<p><a href=\"https:\/\/hashtag.al\/wp-content\/uploads\/2021\/04\/Altin-Dardha.jpg\"><img loading=\"lazy\" decoding=\"async\" class=\"aligncenter size-full wp-image-441141\" src=\"https:\/\/hashtag.al\/wp-content\/uploads\/2021\/04\/Altin-Dardha.jpg\" alt=\"\" width=\"1213\" height=\"834\" srcset=\"https:\/\/www.hashtag.al\/wp-content\/uploads\/2021\/04\/Altin-Dardha.jpg 1213w, https:\/\/www.hashtag.al\/wp-content\/uploads\/2021\/04\/Altin-Dardha-300x206.jpg 300w, https:\/\/www.hashtag.al\/wp-content\/uploads\/2021\/04\/Altin-Dardha-768x528.jpg 768w, https:\/\/www.hashtag.al\/wp-content\/uploads\/2021\/04\/Altin-Dardha-1024x704.jpg 1024w\" sizes=\"auto, (max-width: 1213px) 100vw, 1213px\" \/><\/a><\/p>\n<p><span style=\"color: #000000;\">Dervishi tregon p\u00ebr Fevziun nj\u00eb detaj nga libri i tij dhe historia e v\u00ebrtet\u00eb e Dardh\u00ebs, se si ky i fundit ndihmoi shokun e tij t\u00eb ngusht\u00eb q\u00eb t\u00eb plagoste nj\u00eb person. Kjo pasi shoku dyshonte se personi n\u00eb fjal\u00eb (i cili ishte i martuar dhe banonte n\u00eb lagjen tjet\u00ebr), kishte lidhje me motr\u00ebn e tij.<\/span><\/p>\n<p><span style=\"color: #000000;\">Ata nuk kishin q\u00ebllim ta vrisnin, mir\u00ebpo di\u00e7ka shkon keq dhe personi vdes, por jo pa i l\u00ebn\u00eb m\u00eb par\u00eb t\u00eb v\u00ebllait amanet t\u00eb merrte hak. Dhe Burhan Tomorri, v\u00ebllai i t\u00eb ndjerit k\u00ebt\u00eb b\u00ebn. Ai i futet rrug\u00ebs s\u00eb krimit pas k\u00ebsaj ndodhie p\u00ebr t\u00eb marr\u00eb hakun e v\u00ebllait. K\u00ebtu nis gjith\u00eb saga e hakmarrjeve n\u00eb Berat, t\u00eb lidhura me Altin Dardh\u00ebn dhe Burhan Tomorrin.<\/span><\/p>\n<p><span style=\"color: #000000;\"><strong>INTERVISTA E PLOT\u00cb<\/strong><\/span><\/p>\n<p><span style=\"color: #000000;\"><strong>Fevziu<\/strong>: Librin e ke shkruar n\u00eb nj\u00eb koh\u00eb t\u00eb shkurt\u00ebr, nd\u00ebrkoh\u00eb duket se ti ke punuar p\u00ebr k\u00ebt\u00eb lib\u00ebr m\u00eb shum\u00eb se 24 vjet apo jo?<\/span><\/p>\n<p><span style=\"color: #000000;\"><strong>Dervishi:<\/strong> Jan\u00eb mbledhur dokumentet n\u00eb 24 vjet vjet dhe libri \u00ebsht\u00eb shkruar n\u00eb dy-tre vitet e fundit.<\/span><\/p>\n<p><span style=\"color: #000000;\"><strong>Fevziu<\/strong>: Pra ke punuar dy-tre vjet vet\u00ebm p\u00ebr ta shkruajtur nd\u00ebrkoh\u00eb q\u00eb dokumentet gjat\u00eb gjith\u00eb k\u00ebsaj kohe?! B\u00ebhet fjal\u00eb p\u00ebr band\u00ebn kriminale t\u00eb Altin Dardh\u00ebs, band\u00ebn e Beratit pra, dhe aktivitetin e tij criminal q\u00eb prej vitit 1993 deri n\u00eb vitin 1998 kur ai u ekzekutua n\u00eb Janin\u00eb apo jo?<\/span><\/p>\n<p><span style=\"color: #000000;\"><strong>Dervishi<\/strong>: Pak a shum\u00eb \u00ebsht\u00eb historia e viteve 1991-1998 kur ai u ekzekutua, sepse un\u00eb e kam marr\u00eb historin\u00eb q\u00eb n\u00eb shkoll\u00eb t\u00eb mesme kur ai filloi t\u00eb lidhet me k\u00ebto keqb\u00ebr\u00ebsit e vegj\u00ebl si\u00e7 i quaj un\u00eb n\u00eb lib\u00ebr, kur formoheshin k\u00ebto bandat e vogla q\u00eb nuk shkonin m\u00eb shum\u00eb se grabitjet.<\/span><\/p>\n<p><span style=\"color: #000000;\"><strong>Fevziu<\/strong>: K\u00ebto ishin vitet e fundit t\u00eb komunizmit dhe vitet e para t\u00eb demokracis\u00eb kur filluan t\u00eb shfaqen apo jo?<\/span><\/p>\n<p><span style=\"color: #000000;\"><strong>Dervishi<\/strong>: Po<\/span><\/p>\n<p><span style=\"color: #000000;\"><strong>Fevziu<\/strong>: N\u00eb fillim ishin bandit\u00eb, q\u00eb luanin m\u00eb shum\u00eb p\u00ebr t\u00eb treguar se kush ishte m\u00eb i fort\u00eb se tjetri.<\/span><\/p>\n<p><span style=\"color: #000000;\"><strong>Dervishi<\/strong>: M\u00eb i forti n\u00eb grupin e vet t\u00eb shok\u00ebve\u2026<\/span><\/p>\n<p><span style=\"color: #000000;\"><strong>Fevziu<\/strong>: Nuk ishin njer\u00ebz q\u00eb synonin aktivitete ekonomike? Thjesht kush ishte m\u00eb i forti i lagjes?<\/span><\/p>\n<p><span style=\"color: #000000;\"><strong>Dervishi<\/strong>: Absolutisht jo. Ndryshimi q\u00eb ndodhi ishte se n\u00eb t\u00eb nj\u00ebjt\u00ebn periudh\u00eb, ajo periudha q\u00eb ndryshoi sistemin dhe u hap Europa, pra shkonin n\u00eb Europ\u00eb dhe binin n\u00eb kontakt me lekun, filluan t\u00eb ktheheshin me pasuri, me xhepin plot, me makina t\u00eb bukura, por jo Altin Dardha. Ishin disa m\u00eb t\u00eb rritur. T\u00eb cil\u00ebt u shk\u00ebput\u00ebn dhe i b\u00ebn\u00eb shum\u00eb xheloz\u00eb Altin Dardh\u00ebn dhe pjes\u00ebn tjet\u00ebr.<\/span><\/p>\n<p><span style=\"color: #000000;\"><strong>Fevziu<\/strong>: Ju keni jetuar n\u00eb Berat gjat\u00eb k\u00ebsaj periudhe apo jo?<\/span><\/p>\n<p><span style=\"color: #000000;\"><strong>Dervishi<\/strong>: Un\u00eb kam jetuar n\u00eb Ur\u00ebn Vajgurore, n\u00eb Berat n\u00eb k\u00ebt\u00eb periudh\u00eb.<\/span><\/p>\n<p><span style=\"color: #000000;\"><strong>Fevziu<\/strong>: Ishte v\u00ebrtet kaq e frikshme sa e p\u00ebrshkruani n\u00eb lib\u00ebr?<\/span><\/p>\n<p><span style=\"color: #000000;\"><strong>Dervishi<\/strong>: N\u00eb vitin 1997 po. Dhe \u201996-ta n\u00eb disa periudha ishte shum\u00eb e v\u00ebshtir\u00eb.<\/span><\/p>\n<p><span style=\"color: #000000;\"><strong>Fevziu<\/strong>: Nd\u00ebrkoh\u00eb q\u00eb ju filloni q\u00eb prej momenteve t\u00eb para t\u00eb Altin Dardh\u00ebs dhe thoni se ai u kthye, pra gjith\u00eb zinxhiri i hakmarrjeve q\u00eb \u00e7oi n\u00eb dhjet\u00ebra e dhjet\u00ebra viktima, nisi nga nj\u00eb ngjarje n\u00eb dukje banale. Nj\u00eb tentativ\u00eb p\u00ebr t\u2019i ngulur thik\u00ebn, pra p\u00ebr t\u00eb paralajm\u00ebruar dik\u00eb dhe nga kjo ngulje thike shkoi n\u00eb nj\u00eb seri viktimash, ku u p\u00ebrfshin\u00eb disa nga emrat m\u00eb t\u00eb famsh\u00ebm t\u00eb kriminalitetit n\u00eb Shqip\u00ebri apo jo? Si ishte kjo ngjarje e par\u00eb?<\/span><\/p>\n<p><span style=\"color: #000000;\"><strong>Dervishi<\/strong>: Ishte nj\u00eb ngjarje banale, shoku i ngusht\u00eb i Altinit kishte krijuar grupin e vet t\u00eb adoleshent\u00ebve t\u00eb fort\u00eb. Altini ishte 19-vje\u00e7. Shoku i vet kishte dyshime se nj\u00eb burr\u00eb i martuar n\u00eb lagjen tjet\u00ebr shkonte me motr\u00ebn e tij. Kishin dyshime, asnj\u00ebher\u00eb nuk u v\u00ebrtetua dhe shprehte pesh\u00ebn e nj\u00eb halli. Altini del direkt dhe i thot\u00eb: \u201cT\u00eb ndihmoj un\u00eb \u00e7ke ti\u2026\u201d Shqiptari nuk godet femr\u00ebn, godet mashkullin dhe bien dakord p\u00ebr t\u00eb goditur mashkullin, por jo p\u00ebr ta vrar\u00eb, p\u00ebr ta plagosur. Dhe nj\u00eb thik\u00eb kalon n\u00eb m\u00ebl\u00e7i dhe n\u00eb at\u00eb koh\u00eb dhe spitalet nuk ishin ato q\u00eb jan\u00eb sot dhe ai humb jet\u00ebn. Por ai ka qen\u00eb koshient. Ai fliste me shok\u00ebt, me njer\u00ebzit, me policin\u00eb, njer\u00ebzit q\u00eb i erdh\u00ebn n\u00eb spital. Por b\u00ebri nj\u00eb gabim. Gabimi ishte se nuk ia tha emrat policis\u00eb, por ia la amanet v\u00ebllait.<\/span><\/p>\n<p><span style=\"color: #000000;\">Dhe amaneti i kaluar tek v\u00ebllai\u2026 Dhe v\u00ebllai i vet Burhan Tomorri q\u00eb i ndenji tek koka, nuk i tha askujt se \u00e7far\u00eb m\u00eb la amanet mua v\u00ebllai dhe filloi p\u00ebr t\u2019i eliminuar vet\u00eb.<\/span><\/p>\n<p><span style=\"color: #000000;\"><strong>Fevziu<\/strong>: Pra vet\u00eb v\u00ebllai i personit q\u00eb humbi jet\u00ebn u kthye n\u00eb nj\u00eb kriminel, padashje?<\/span><\/p>\n<p><span style=\"color: #000000;\"><strong>Dervishi<\/strong>: U kthye n\u00eb nj\u00eb kriminel p\u00ebr shkak t\u00eb vdekjes s\u00eb v\u00ebllait t\u00eb vet.<\/span><\/p>\n<p><span style=\"color: #000000;\"><strong>Fevziu<\/strong>: Por ka qen\u00eb i rreziksh\u00ebm dhe ai apo jo?<\/span><\/p>\n<p><span style=\"color: #000000;\"><strong>Dervishi<\/strong>: N\u00ebse Altin Dardha dhe gjith\u00eb t\u00eb tjer\u00ebt bandit\u00ebt shqiptar\u00eb, b\u00ebnin nj\u00eb akt criminal p\u00ebr t\u00eb r\u00ebn\u00eb n\u00eb sy, p\u00ebr t\u00eb th\u00ebn\u00eb njer\u00ebzit \u201coo ky i forti\u201d, Burhan Tomorri b\u00ebri t\u00eb kund\u00ebrt\u00ebn. Ai u quajt m\u00eb von\u00eb n\u00eb Berat \u201cPushka e that\u00eb\u201d, \u201chija\u201d, pra u b\u00eb nj\u00eb person q\u00eb i b\u00ebnte vrasjet t\u00eb gjitha n\u00eb kok\u00ebn e vet dhe i mbaronte t\u00eb gjitha n\u00eb kok\u00ebn e vet derisa e realizonte.<\/span><\/p>\n<p><span style=\"color: #000000;\">K\u00ebshtu q\u00eb arriti t\u2019i vriste tre shok\u00eb Altinit.<\/span><\/p>\n<p><span style=\"color: #000000;\"><strong>Fevziu<\/strong>: Pra kjo \u00ebsht\u00eb zanafilla? Altin Dardha pati nj\u00eb aktivitet 5-vje\u00e7ar apo jo q\u00eb kulmon n\u00eb vitin \u201997\u2026<\/span><\/p>\n<p><span style=\"color: #000000;\"><strong>Dervishi<\/strong>: At\u00ebhere \u201993-\u201895 (dy vjet) dhe \u201897-\u201898 (dy vjet t\u00eb tjera). Kat\u00ebr vjet dhe ato jo t\u00eb plota.<\/span><\/p>\n<p><span style=\"color: #000000;\"><strong>Fevziu<\/strong>: Dhe kulmin e kriminalitetit t\u00eb tij e ka arritur n\u00eb vitin 1997?<\/span><\/p>\n<p><span style=\"color: #000000;\"><strong>Dervishi<\/strong>: N\u00eb ver\u00ebn e vitit 1997.<\/span><\/p>\n<p><span style=\"color: #000000;\"><strong>Fevziu<\/strong>: Ky njeri kontrollonte krejt\u00ebsisht Beratin dhe zonat rreth tij?<\/span><\/p>\n<p><span style=\"color: #000000;\"><strong>Dervishi<\/strong>: Ky njeri ishte ai q\u00eb policia duhej t\u00eb merrte leje q\u00eb n\u00ebse b\u00ebhej nj\u00eb vrasje do shihte vendngjarjen, n\u00ebse do \u00e7onte ekspert\u00ebt n\u00eb nj\u00eb vendngjarje apo jo. N\u00ebse e b\u00ebnte vet\u00eb vrasjen i thoshte nuk do shkoni, n\u00ebse e kishin b\u00ebr\u00eb t\u00eb tjer\u00ebt, ndonj\u00ebher\u00eb u jepte leje. Pra ishte absolutisht njeriu m\u00eb i fuqish\u00ebm n\u00eb Berat.<\/span><\/p>\n<p><span style=\"color: #000000;\">Fevziu: A ishte e v\u00ebrtet\u00eb q\u00eb ky zbriti nga makina grupin e gatsh\u00ebm t\u00eb policis\u00eb? I \u00e7armatosi, u mori jelek\u00ebt antiplumb dhe i la t\u00eb iknin n\u00eb k\u00ebmb\u00eb?<\/span><\/p>\n<p><span style=\"color: #000000;\"><strong>Dervishi<\/strong>: Po edhe pse kishin nj\u00eb marr\u00ebveshje t\u00eb heshtur me at\u00eb q\u00eb u quajt komisariati i riformuar n\u00eb koh\u00ebn q\u00eb aty mungonte shteti dhe i ndihmuar edhe nga k\u00ebto q\u00eb quheshin Komitete t\u00eb Sh\u00ebrbimit Publik, pra k\u00ebta reformuan nj\u00eb komisariat, mor\u00ebn njer\u00ebz nga rruga, pa shkoll\u00eb\u2026 Edhe pse t\u00eb gjith\u00eb ata q\u00eb u fut\u00ebn aty kishin marr\u00eb \u201cOK\u201d-n e band\u00ebs s\u00eb Beratit dhe Altin Dardh\u00ebs, ai e kishte shum\u00eb t\u00eb fort\u00eb at\u00eb instiktin anti-polic. Pra nuk e duronte dot uniform\u00ebn blu dhe n\u00eb k\u00ebt\u00eb moment i del p\u00ebrpara makin\u00ebs s\u00eb grupit t\u00eb gatsh\u00ebm, i zbret n\u00eb tok\u00eb, i degjeneron, i shan, u merr jelek\u00ebt anti-plumb, arm\u00ebt, thuhet nga disa se e b\u00ebri vet\u00ebm p\u00ebr t\u2019u marr\u00eb jelek\u00ebt anti-plumb se ato s\u2019i kishin, t\u00eb tjerat i kishin, por kjo ndodhi dhe k\u00ebt\u00eb e mori vesh i gjith\u00eb Berati.<\/span><\/p>\n<p><span style=\"color: #000000;\"><strong>Fevziu<\/strong>: Ky person ka b\u00ebr\u00eb sipas jush 61 vrasje apo jo?<\/span><\/p>\n<p><span style=\"color: #000000;\"><strong>Dervishi<\/strong>: Ky ka b\u00ebr\u00eb 61, vet\u00eb dhe n\u00eb bashk\u00ebpunim. Shumic\u00ebn e vrasjeve i ka b\u00ebr\u00eb p\u00ebr hakmarrje, pra n\u00eb at\u00eb linj\u00ebn q\u00eb nisi n\u00eb \u201993-shin. Pra ky kishte nj\u00eb kund\u00ebrshtar q\u00eb i kishte vrar\u00eb tre shok\u00ebt dhe n\u00eb \u201997-\u00ebn kjo mori pamjen e nj\u00eb lufte midis dy grupeve.<\/span><\/p>\n<p><span style=\"color: #000000;\">Pra shumica ishin nga krahu i tij kund\u00ebrshtar, q\u00eb i binin dhe kush\u00ebrinj t\u00eb 15-t\u00eb. Mjaft q\u00eb Burhan Tomorri ta merrte vesh q\u00eb un\u00eb e kam b\u00ebr\u00eb vrasjen t\u00eb t\u00eb b\u00ebj d\u00ebm ty. E njihte apo s\u2019e njihte ai kush\u00ebririn e 15-t\u00eb. Vrasjet e tjera i ka b\u00ebr\u00eb p\u00ebr miq\u00ebsi dhe shoq\u00ebri. Si\u00e7 ishte kjo me thika.<\/span><\/p>\n<p><span style=\"color: #000000;\"><strong>Fevziu<\/strong>: Pra vrasje q\u00eb i b\u00ebnte me dor\u00ebn e tij, jo q\u00eb porosiste njer\u00ebz p\u00ebr t\u00eb kryer vrasje.<\/span><\/p>\n<p><span style=\"color: #000000;\"><strong>Dervishi<\/strong>: Jo, i b\u00ebnte vet\u00eb.<\/span><\/p>\n<p><span style=\"color: #000000;\"><strong>Fevziu<\/strong>: Pra n\u00eb 61 vrasje ky ka marr\u00eb pjes\u00eb vet\u00eb dhe i ka q\u00eblluar vet\u00eb.<\/span><\/p>\n<p><span style=\"color: #000000;\"><strong>Dervishi<\/strong>: Vet\u00eb, por ky ka listuar n\u00eb k\u00ebto vrasje. Vras\u00ebsit i mbajn\u00eb mend ato \u00e7far\u00eb kan\u00eb b\u00ebr\u00eb. Nj\u00eb, dy, tre\u2026 dhjet\u00eb. Sikur 500 t\u00eb kishte b\u00ebr\u00eb, sepse vendosen mbi-njera tjetr\u00ebn. Dhe ky u kishte th\u00ebn\u00eb miqve t\u00eb ngusht\u00eb, p\u00ebrpara se t\u00eb ikte nga Berati i plagosur n\u00eb 24 korrik t\u00eb vitit 1997, q\u00eb \u201cun\u00eb kam vrar\u00eb 56 njer\u00ebz\u201d. Vet\u00ebm tek e tek dhe n\u00eb bashk\u00ebpunim.<\/span><\/p>\n<p><span style=\"color: #000000;\">Ky \u00ebsht\u00eb kthyer n\u00eb rangun e 5-6 muajve dhe vrau dhe pes\u00eb t\u00eb tjer\u00eb. Q\u00eb vete 61. Por gjat\u00eb 6-7 muajve q\u00eb ka qen\u00eb n\u00eb Greqi rr\u00ebfen dhe nj\u00eb vrasje tjet\u00ebr t\u00eb tij. T\u00eb nj\u00eb rusi. Q\u00eb rr\u00ebfehet n\u00eb m\u00ebnyra t\u00eb ndryshme.\u00a0 Disa thon\u00eb se ishte sherr p\u00ebr nj\u00eb fem\u00ebr dhe ky u fut n\u00eb lokalin Menidhi t\u00eb Athin\u00ebs, ku ka shum\u00eb rus\u00eb dhe ai ka qen\u00eb n\u00eb lokalin e vet, me miqt\u00eb e vet, mes t\u00eb fort\u00ebve aty dhe disa z\u00ebra thon\u00eb q\u00eb ka qen\u00eb i k\u00ebrkuar n\u00eb disa shtete t\u00eb Europ\u00ebs, shum\u00eb i famsh\u00ebm. Dhe u fut qet\u00eb-qet\u00eb e doli po qet\u00eb-qet\u00eb, duke i skandalizuar t\u00eb gjith\u00eb.<\/span><\/p>\n<p><span style=\"color: #000000;\">Nd\u00ebrkoh\u00eb ka t\u00eb tjer\u00eb versione q\u00eb ka vrar\u00eb tre vet\u00eb, por un\u00eb s\u2019e besoj se ky lajm do kap\u00ebrcente Greqin\u00eb, do vinte k\u00ebtu.<\/span><\/p>\n<p><span style=\"color: #000000;\"><strong>Fevziu<\/strong>: Nd\u00ebrkoh\u00eb \u00ebsht\u00eb e v\u00ebrtet\u00eb q\u00eb ka q\u00eblluar njer\u00ebz thjesht p\u00ebr nishan?<\/span><\/p>\n<p><span style=\"color: #000000;\"><strong>Dervishi<\/strong>: Jan\u00eb histori q\u00eb l\u00ebvizin n\u00eb Berat. jan\u00eb disa histori. Un\u00eb i kam pasur shum\u00eb kujdes, por nj\u00eb e kam futur aty. Si t\u00eb thuash p\u00ebr t\u2019i v\u00ebn\u00eb nj\u00eb em\u00ebr k\u00ebsaj historie, q\u00eb kan\u00eb v\u00ebn\u00eb n\u00eb nishan nj\u00eb plak q\u00eb kalonte rrug\u00ebn dhe e kan\u00eb q\u00eblluar me pistolet\u00eb. Por ke parasysh, pistoleta \u00ebsht\u00eb shum\u00eb e v\u00ebshtir\u00eb t\u00eb q\u00ebllosh, n\u00eb larg\u00ebsi \u00ebsht\u00eb shum\u00eb e v\u00ebshtir\u00eb, dhe nj\u00eb sh\u00ebnjest\u00ebr e l\u00ebvizshme \u00ebsht\u00eb p\u00ebrs\u00ebri shum\u00eb e v\u00ebshtir\u00eb p\u00ebr t\u2019u kapur. Nuk e kan\u00eb kapur plakun, kjo \u00ebsht\u00eb historia, pork a shum\u00eb histori t\u00eb tjera q\u00eb i tregojn\u00eb. P\u00ebrshembull, ka q\u00eblluar nj\u00eb shokun e vet q\u00eb vinte me motor\u00e7iklet\u00eb, ti bie k\u00ebtij se po provonte nj\u00eb snajper. Nj\u00eb i panjohur q\u00eb po afrohej me motor\u00e7iklet\u00eb. N\u00eb momentin e fundit dikush i thot\u00eb, l\u00ebre se \u00ebsht\u00eb filani. Mir\u00eb thot\u00eb se e ndre un\u00eb. Dhe i \u00e7on nj\u00eb plumb af\u00ebr dhe ai rrokulliset. Pra p\u00ebr sho\u00eb, p\u00ebr humor.<\/span><\/p>\n<p><span style=\"color: #000000;\"><strong>Fevziu<\/strong>: Fillon t\u00eb dal\u00eb nga loja n\u00eb vitin 1998. Kishte lidhje politike Altin Dardha?<\/span><\/p>\n<p><span style=\"color: #000000;\"><strong>Dervishi<\/strong>: Nuk kishte Altin Dardha lidhje politike. Ishte shum\u00eb larg Altini.<\/span><\/p>\n<p><span style=\"color: #000000;\"><strong>Fevziu<\/strong>: U p\u00ebrdor nga politika?<\/span><\/p>\n<p><span style=\"color: #000000;\"><strong>Dervishi<\/strong>: Nuk u p\u00ebrdor.<\/span><\/p>\n<p><span style=\"color: #000000;\"><strong>Fevziu<\/strong>: Nd\u00ebrkoh\u00eb n\u00eb vitin 1998 ai u ekzekutua pothuajse kur kishte mbetur i vet\u00ebm apo jo? Kur e humbi pjes\u00ebn kryesore t\u00eb band\u00ebs s\u00eb tij\u2026<\/span><\/p>\n<p><span style=\"color: #000000;\"><strong>Dervishi<\/strong>: N\u00eb vitin 1998 ai \u00ebsht\u00eb ekzekutuar tri dit\u00eb pasi vrau Burhan Tomorri q\u00ebllimin e jet\u00ebs s\u00eb vet. Kund\u00ebrshtarin e tij kryesor. Vrau at\u00eb dhe e mor\u00ebn njer\u00ebz t\u00eb tjer\u00eb m\u00eb t\u00eb fuqish\u00ebm se ai, me lidhje n\u00eb Tiran\u00eb. E marrin dhe e \u00e7ojn\u00eb n\u00eb Janin\u00eb, si\u00e7 b\u00ebjn\u00eb gjithmon\u00eb. Porn \u00eb Janin\u00eb k\u00ebsaj radh\u00eb d\u00ebrguan edhe njer\u00ebz me lidhje politike. Njer\u00ebz me lidhje politike, por jo se k\u00ebtu kishte lidhje politika n\u00eb k\u00ebt\u00eb histori. Por njer\u00ebz t\u00eb fuqish\u00ebm., t\u00eb cil\u00ebt e nxor\u00ebn n\u00eb prit\u00eb Altin Dardh\u00ebn dhe i d\u00ebrguan dy vras\u00ebs nga Athina.<\/span><\/p>\n<p><span style=\"color: #000000;\"><strong>Fevziu<\/strong>: Vras\u00ebsit kishin histori personale me t\u00eb?<\/span><\/p>\n<p><span style=\"color: #000000;\"><strong>Dervishi<\/strong>: Nj\u00ebri kishte hesape personale deri diku, tjetri s\u2019kishte ndonj\u00eb gj\u00eb q\u00eb njihet me t\u00eb.<\/span><\/p>\n<p><span style=\"color: #000000;\"><strong>Fevziu<\/strong>: Dhe ku e ekzekutuan?<\/span><\/p>\n<p><span style=\"color: #000000;\"><strong>Dervishi<\/strong>: E ekzekutuan n\u00eb lokalet q\u00eb jan\u00eb p\u00ebrball\u00eb ishullit t\u00eb Ali Pash\u00eb Tepelen\u00ebs n\u00eb Janin\u00eb.<\/span><\/p>\n<p><span style=\"color: #000000;\"><strong>Fevziu<\/strong>: Nd\u00ebrkoh\u00eb vras\u00ebsit e dinin q\u00eb ai do t\u00eb mb\u00ebrrinte aty?<\/span><\/p>\n<p><span style=\"color: #000000;\"><strong>Dervishi<\/strong>: Ishin t\u00eb lajm\u00ebruar se do vij\u00eb edhe me x taksi, se ajo taksia qarkullonte gjithmon\u00eb. Nj\u00eb Gjirokastrit e \u00e7onte gjithmon\u00eb. Por at\u00eb dit\u00eb ishin kujdesur mos t\u2019i linin pistolet\u00eb n\u00eb makin\u00eb.<\/span><\/p>\n<p><span style=\"color: #000000;\">Pra ishte i paarmatosur Altini. Ata u l\u00ebshuan t\u00eb dy ta q\u00ebllojn\u00eb. Nj\u00ebri i mbaron krejt fishek\u00ebt. Kurse tjetri kishte akoma dhe vete n\u00eb der\u00ebn e lokalit p\u00ebr t\u2019u futur n\u00eb brend\u00ebsi. Por aty vonohet, dhe e shpjeguar m\u00eb mbrapa nga ata q\u00eb e q\u00eblluan ai e shtynte der\u00ebn. Dera pra duhej t\u00ebrhequr. PRa \u00ebsht\u00eb e ngjashme me Gabriel Garcia Marquez\u2026<\/span><\/p>\n<p><span style=\"color: #000000;\"><strong>Fevziu<\/strong>: Dhe n\u00eb at\u00eb moment e vran\u00eb apo jo?<\/span><\/p>\n<p><span style=\"color: #000000;\"><strong>Dervishi<\/strong>: Dhe n\u00eb at\u00eb moment e vran\u00eb.<\/span><\/p>\n<p><span style=\"color: #000000;\"><strong>Fevziu<\/strong>: \u00cbsht\u00eb varrosur n\u00eb Athin\u00eb keni th\u00ebn\u00eb ju?<\/span><\/p>\n<p><span style=\"color: #000000;\"><strong>Dervishi<\/strong>: \u00cbsht\u00eb varrozur n\u00eb Athin\u00eb ku kishte n\u00ebn\u00ebn dhe motr\u00ebn. Nuk kishte ndonj\u00eb arsye t\u00eb rrinte n\u00eb Janin\u00eb se s\u2019kishte ndonj\u00eb lidhje. Dhe nuk \u00ebsht\u00eb sjell\u00eb n\u00eb Shqip\u00ebri sepse n\u00eb at\u00eb koh\u00eb ka patur edhe sinjale q\u00eb hapnin varret dhe d\u00ebmtonin njer\u00ebz t\u00eb urryer, etj.<\/span><\/p>\n<p><span style=\"color: #000000;\"><strong>Fevziu<\/strong>: Ka qen\u00eb nj\u00eb nga kriminel\u00ebt m\u00eb fam\u00ebkeq t\u00eb Shqip\u00ebris\u00eb, por ju thoni q\u00eb pjes\u00eb t\u00eb band\u00ebs s\u00eb tij filluan t\u00eb shnd\u00ebrroheshin n\u00eb biznesmen\u00eb n\u00eb Berat. Nj\u00ebri prej tyre u b\u00eb president i klubit t\u00eb Tomorrit dhe ai u vra pas ndeshjes. A ka pjes\u00ebtar\u00eb t\u00eb tjer\u00eb t\u00eb k\u00ebtyre bandave kriminale q\u00eb jan\u00eb kthyer n\u00eb biznesmen\u00eb dhe jan\u00eb akoma aktiv\u00eb n\u00eb shoq\u00ebrin\u00eb shqiptare?<\/span><\/p>\n<p><span style=\"color: #000000;\"><strong>Dervishi<\/strong>: Shiko, n\u00eb Beratin e \u201997-\u00ebs ka patur dy kategori t\u00eb fort\u00ebsh. Ata q\u00eb ishin edhe pak m\u00eb t\u00eb rritur se Altini dhe pak m\u00eb t\u00eb heshtur se Altini n\u00eb ato aktivitete, t\u00eb cil\u00ebt e dinin shum\u00eb mir\u00eb se shteti do t\u00eb forcohej dhe gjat\u00eb \u201997-\u00ebs ka patur thyerje t\u00eb band\u00ebs. Ishin Altini me shok\u00eb q\u00eb mor\u00ebn k\u00ebt\u00eb rolin q\u00eb \u201cdo vrasim pun\u00eb e madhe\u201d dhe ishin dhe k\u00ebta t\u00eb tjer\u00ebt q\u00eb u t\u00ebrhoq\u00ebn. Q\u00eb ishin t\u00eb zgjuar. Dhe k\u00ebta q\u00eb jan\u00eb t\u00eb zgjuar edhe sot e k\u00ebsaj dite&#8230; s\u2019i ka prekur njeri.<\/span><\/p>\n<p><span style=\"color: #000000;\">\u2026<\/span><\/p>\n<p><span style=\"color: #000000;\">N\u00eb studio tregohen disa foto t\u00eb Altin Dardh\u00ebs.<\/span><\/p>\n<p><span style=\"color: #000000;\">\u2026<\/span><\/p>\n<p><a href=\"https:\/\/hashtag.al\/wp-content\/uploads\/2021\/04\/fotoja.jpg\"><img loading=\"lazy\" decoding=\"async\" class=\"aligncenter size-full wp-image-441187\" src=\"https:\/\/hashtag.al\/wp-content\/uploads\/2021\/04\/fotoja.jpg\" alt=\"\" width=\"762\" height=\"389\" srcset=\"https:\/\/www.hashtag.al\/wp-content\/uploads\/2021\/04\/fotoja.jpg 762w, https:\/\/www.hashtag.al\/wp-content\/uploads\/2021\/04\/fotoja-300x153.jpg 300w, https:\/\/www.hashtag.al\/wp-content\/uploads\/2021\/04\/fotoja-760x389.jpg 760w, https:\/\/www.hashtag.al\/wp-content\/uploads\/2021\/04\/fotoja-568x290.jpg 568w\" sizes=\"auto, (max-width: 762px) 100vw, 762px\" \/><\/a><\/p>\n<p><span style=\"color: #000000;\"><strong>Dervishi<\/strong>: N\u00eb \u201995-\u00ebn, jo n\u00eb nj\u00eb atentat. N\u00eb nj\u00eb incident kur kishin dal\u00eb p\u00ebr t\u00eb grabitur dhe fshatari q\u00eb do grabitej, q\u00ebllon me arm\u00eb gjahu dhe humbet syrin. N\u00eb \u201995-\u00ebn. Kjo \u00ebsht\u00eb foto n\u00eb korrikun e 1997-\u00ebs kur ai vriste. N\u00eb koh\u00ebn e kulmit t\u00eb aktivitetit t\u00eb tij kriminal.<\/span><\/p>\n<p><span style=\"color: #000000;\">K\u00ebt\u00eb foto ma ka nisur nj\u00eb person i panjohur, n\u00eb messenger. Pasi ka d\u00ebgjuar bised\u00ebn q\u00eb kemi b\u00ebr\u00eb n\u00eb studio para 3-4 muajsh. Ai ma ka nisur dhe s\u2019u duk m\u00eb se kush ishte. I thash\u00eb t\u00eb mi sillte pak m\u00eb t\u00eb mira.<\/span><\/p>\n<p><span style=\"color: #000000;\">N\u00eb ekran shfaqet nj\u00eb foto tjet\u00ebr\u2026<\/span><\/p>\n<p><a href=\"https:\/\/hashtag.al\/wp-content\/uploads\/2021\/04\/foto-2.jpg\"><img loading=\"lazy\" decoding=\"async\" class=\"aligncenter size-full wp-image-441183\" src=\"https:\/\/hashtag.al\/wp-content\/uploads\/2021\/04\/foto-2.jpg\" alt=\"\" width=\"758\" height=\"386\" srcset=\"https:\/\/www.hashtag.al\/wp-content\/uploads\/2021\/04\/foto-2.jpg 758w, https:\/\/www.hashtag.al\/wp-content\/uploads\/2021\/04\/foto-2-300x153.jpg 300w, https:\/\/www.hashtag.al\/wp-content\/uploads\/2021\/04\/foto-2-568x290.jpg 568w\" sizes=\"auto, (max-width: 758px) 100vw, 758px\" \/><\/a><\/p>\n<p><span style=\"color: #000000;\"><strong>Dervishi<\/strong>: Edhe kjo foto m\u00eb ka ardhur nga i nj\u00ebjti person. Por kjo \u00ebsht\u00eb foto m\u00eb e hershme e tij. Duhet t\u00eb jet\u00eb nj\u00eb foto e vitit \u201992. Fotoja m\u00eb e herdhme e njohur, q\u00eb tregon nj\u00eb adoleshent bukurosh. Kjo \u00ebsht\u00eb foto e vitit 1993, para se t\u00eb b\u00ebnte vrasjen e Jonuz Tomorrit. Dy jav\u00eb.<\/span><\/p>\n<p><span style=\"color: #000000;\"><strong>Fevziu<\/strong>: Vrasje q\u00eb filloi sherrin q\u00eb shkaktoi sa viktima n\u00eb total n\u00eb Berat?<\/span><\/p>\n<p><span style=\"color: #000000;\"><strong>Dervishi<\/strong>: Berati n\u00eb total ka patur rreth 300 viktima, por Berati si qytet ka patur 100.<\/span><\/p>\n<p><span style=\"color: #000000;\"><strong>Fevziu<\/strong>: Q\u00eb ishin kryesisht peng i k\u00ebsaj vrasje\u2026<\/span><\/p>\n<p><span style=\"color: #000000;\"><strong><a href=\"https:\/\/hashtag.al\/wp-content\/uploads\/2021\/04\/foto-3.jpg\"><img loading=\"lazy\" decoding=\"async\" class=\"aligncenter size-full wp-image-441184\" src=\"https:\/\/hashtag.al\/wp-content\/uploads\/2021\/04\/foto-3.jpg\" alt=\"\" width=\"756\" height=\"384\" srcset=\"https:\/\/www.hashtag.al\/wp-content\/uploads\/2021\/04\/foto-3.jpg 756w, https:\/\/www.hashtag.al\/wp-content\/uploads\/2021\/04\/foto-3-300x152.jpg 300w, https:\/\/www.hashtag.al\/wp-content\/uploads\/2021\/04\/foto-3-568x290.jpg 568w\" sizes=\"auto, (max-width: 756px) 100vw, 756px\" \/><\/a><\/strong><\/span><\/p>\n<p><span style=\"color: #000000;\"><strong>Dervishi<\/strong>: Q\u00eb ishin dora e Altinit. T\u00eb dyja fotografit\u00eb jan\u00eb t\u00eb vitit 1993, dy jav\u00eb p\u00ebrpara te t\u00eb b\u00ebnte vrasjen e Jonuz Tomorrit dhe jan\u00eb t\u00eb kartel\u00ebs s\u00eb policis\u00eb.<\/span><\/p>\n<p><span style=\"color: #000000;\"><a href=\"https:\/\/hashtag.al\/wp-content\/uploads\/2021\/04\/f3.jpg\"><img loading=\"lazy\" decoding=\"async\" class=\"aligncenter size-full wp-image-441182\" src=\"https:\/\/hashtag.al\/wp-content\/uploads\/2021\/04\/f3.jpg\" alt=\"\" width=\"757\" height=\"386\" srcset=\"https:\/\/www.hashtag.al\/wp-content\/uploads\/2021\/04\/f3.jpg 757w, https:\/\/www.hashtag.al\/wp-content\/uploads\/2021\/04\/f3-300x153.jpg 300w, https:\/\/www.hashtag.al\/wp-content\/uploads\/2021\/04\/f3-568x290.jpg 568w\" sizes=\"auto, (max-width: 757px) 100vw, 757px\" \/><\/a><\/span><\/p>\n<p><span style=\"color: #000000;\">Altin Dardha \u00ebsht\u00eb 160 cm i gjat\u00eb, me flok\u00eb kafe. Kjo \u00ebsht\u00eb foto e revist\u00ebs Klan q\u00eb mbase t\u00eb kujtohet, ke k\u00ebmb\u00ebngulur q\u00eb t\u00eb publikohet shkrimi im i dyt\u00eb tek revista Klan. Sepse un\u00eb kisha gjetur k\u00ebt\u00eb foto. Dhe n\u00eb at\u00eb koh\u00eb meq\u00eb s\u2019kishin shum\u00eb p\u00ebr t\u00eb b\u00ebr\u00eb, ngrit\u00ebm aureol\u00ebn e nj\u00eb njeriu q\u00eb nuk e kapin plumbat, q\u00eb \u00ebsht\u00eb i pavdeksh\u00ebm etj, etj. Dhe q\u00eb mbeti gjat\u00eb si legjend\u00eb.<\/span><\/p>\n<p><span style=\"color: #000000;\"><strong>Fevziu<\/strong>: Q\u00eb n\u00eb fakt mori at\u00eb q\u00eb meriton.<\/span><\/p>\n<p><span style=\"color: #000000;\"><strong>Dervishi<\/strong>: \u00cbsht\u00eb foto e vitit \u201995, duket syri i d\u00ebmtuar, menj\u00ebher\u00eb pasi e ka q\u00eblluar ai fshatari.<\/span><\/p>\n<p><span style=\"color: #000000;\"><a href=\"https:\/\/hashtag.al\/wp-content\/uploads\/2021\/04\/foto-4.jpg\"><img loading=\"lazy\" decoding=\"async\" class=\"aligncenter size-full wp-image-441185\" src=\"https:\/\/hashtag.al\/wp-content\/uploads\/2021\/04\/foto-4.jpg\" alt=\"\" width=\"761\" height=\"386\" srcset=\"https:\/\/www.hashtag.al\/wp-content\/uploads\/2021\/04\/foto-4.jpg 761w, https:\/\/www.hashtag.al\/wp-content\/uploads\/2021\/04\/foto-4-300x152.jpg 300w, https:\/\/www.hashtag.al\/wp-content\/uploads\/2021\/04\/foto-4-760x386.jpg 760w\" sizes=\"auto, (max-width: 761px) 100vw, 761px\" \/><\/a><\/span><\/p>\n<p><span style=\"color: #000000;\">\u2026Kjo \u00ebsht\u00eb foto e fundit, e \u201998-\u00ebs q\u00eb u gjet n\u00eb pasaport\u00ebn e tij. Pasi vrau ato pes\u00eb veta, i hodhi pasaport\u00ebn dhe xhupin. ME identitet fals, Ilia Pando, me nj\u00eb pasaport\u00eb t\u00eb nxjerr\u00eb nga komisariati i Sarand\u00ebs.<\/span><\/p>\n<p>&nbsp;<\/p>\n<p><span style=\"color: #000000;\"><strong>Fevziu<\/strong>: Kjo \u00ebsht\u00eb fotoja e tij e fundit.<\/span><\/p>\n<p><span style=\"color: #000000;\"><strong>Dervishi<\/strong>: E fundit, s\u2019kan\u00eb dal\u00eb m\u00eb foto.<\/span><\/p>\n<p><span style=\"color: #000000;\"><strong>Fevziu<\/strong>: Nd\u00ebrkoh\u00eb duket se bandat kan\u00eb qen\u00eb shum\u00eb t\u00eb fuqishme n\u00eb \u201997-\u00ebn. Si u shp\u00ebrb\u00ebn\u00eb k\u00ebto banda?<\/span><\/p>\n<p><a href=\"https:\/\/hashtag.al\/wp-content\/uploads\/2021\/04\/foto-5.jpg\"><img loading=\"lazy\" decoding=\"async\" class=\"aligncenter size-full wp-image-441186\" src=\"https:\/\/hashtag.al\/wp-content\/uploads\/2021\/04\/foto-5.jpg\" alt=\"\" width=\"763\" height=\"385\" srcset=\"https:\/\/www.hashtag.al\/wp-content\/uploads\/2021\/04\/foto-5.jpg 763w, https:\/\/www.hashtag.al\/wp-content\/uploads\/2021\/04\/foto-5-300x151.jpg 300w\" sizes=\"auto, (max-width: 763px) 100vw, 763px\" \/><\/a><\/p>\n<p><span style=\"color: #000000;\"><strong>Dervishi<\/strong>: At\u00ebher\u00eb\u2026 oh kjo \u00ebsht\u00eb kartela. N\u00eb 23.05.1993 e ka b\u00ebr\u00eb vrasjen. Kjo \u00ebsht\u00eb kartela e plot\u00eb e policis\u00eb, \u00ebsht\u00eb shum\u00eb interesante. Ka dat\u00eblindjen, ka gjith\u00e7ka. Flok\u00ebt i ka pasur g\u00ebshtenj\u00eb, jo t\u00eb zeza.<\/span><\/p>\n<p><span style=\"color: #000000;\"><strong>Fevziu<\/strong>: Dhe po t\u00eb pyesja, bandat si u zhduk\u00ebn?<\/span><\/p>\n<p><span style=\"color: #000000;\"><strong>Dervishi<\/strong>: Bandat jan\u00eb goditur nga shteti pas fuqizimit t\u00eb vet. Ka nj\u00eb histori interesante ku ministri Neritan Ceka th\u00ebrriste njer\u00ebz p\u00ebr t\u2019i d\u00ebrguar drejtor\u00eb policie n\u00eb Berat, por askush nuk pranonte. I pesti apo i gjashti vete Mit\u2019hat Havari dhe thot\u00eb e b\u00ebj un\u00eb. Dhe e b\u00ebri.<\/span><\/p>\n<p><span style=\"color: #000000;\"><strong>Fevziu<\/strong>: Nd\u00ebrkoh\u00eb kam nj\u00eb pyetje t\u00eb fundit: P\u00ebrse duhet shkruajtur nj\u00eb lib\u00ebr p\u00ebr nj\u00eb kriminel?<\/span><\/p>\n<p><span style=\"color: #000000;\"><strong>Dervishi<\/strong>: At\u00ebhere se kan\u00eb plasur debate tani se pse shkruhet lib\u00ebr p\u00ebr nj\u00eb kriminel, nuk \u00ebsht\u00eb nj\u00eb lib\u00ebr p\u00ebr nj\u00eb kriminel. Ky \u00ebsht\u00eb nj\u00eb lib\u00ebr, q\u00eb sjell Shqip\u00ebrin\u00eb e atyre viteve. Ama Shkullaku e ka th\u00ebn\u00eb shum\u00eb bukur aty mbrapa, \u00ebsht\u00eb: \u201cT\u00eb m\u00ebsojm\u00eb se sit \u00eb mos kthehemi m\u00eb n\u00eb at\u00eb lloj feje\u201d .<\/span><\/p>\n<p><span style=\"color: #000000;\"><strong>Fevziu<\/strong>: \u00cbsht\u00eb nj\u00eb lib\u00ebr q\u00eb ia vlen p\u00ebr ta lexuar, p\u00ebr t\u00eb kuptuar se n\u00eb \u00e7far\u00eb lloj ferri ka jetuar Berati n\u00eb vitet 1997-1998 dhe \u00ebsht\u00eb pjes\u00eb e kujtes\u00ebs historike, t\u00eb momenteve t\u00eb turbullta t\u00eb ndryshimit t\u00eb sistemit n\u00eb Shqip\u00ebri, \u00ebsht\u00eb dhe historia e nj\u00eb keqb\u00ebr\u00ebsi, q\u00eb si gjith\u00eb keqb\u00ebr\u00ebsit e bot\u00ebs ka t\u00eb nj\u00ebjtin fund. P\u00ebrfundon me disa plumba n\u00eb kok\u00eb, n\u00eb nj\u00eb rrug\u00eb t\u00eb nj\u00eb qyteti grek, pasi kishte \u00e7uar n\u00eb varr pjes\u00ebn m\u00eb t\u00eb madhe t\u00eb shok\u00ebve dhe t\u00eb an\u00ebtar\u00ebve t\u00eb band\u00ebs s\u00eb tij.<\/span><\/p>\n","protected":false,"gt_translate_keys":[{"key":"rendered","format":"html"}]},"excerpt":{"rendered":"<p>Altin Dardha, ishte nj\u00eb prej personazheve m\u00eb t\u00eb friksh\u00ebm t\u00eb krimit n\u00eb Berat n\u00eb vitet 1993-1998, q\u00eb u vu n\u00eb qend\u00ebr t\u00eb konfliktit q\u00eb shkaktoi mbi 300 vrasje n\u00eb k\u00ebt\u00eb qark. Gazetari Ferdinand Dervishi ka shkruar nj\u00eb lib\u00ebr mbi aktivitetin e tij kriminal, duke e nisur historin\u00eb q\u00eb nga koha kur Altin Dardha ka qen\u00eb [&hellip;]<\/p>\n","protected":false,"gt_translate_keys":[{"key":"rendered","format":"html"}]},"author":30,"featured_media":441188,"comment_status":"open","ping_status":"open","sticky":false,"template":"","format":"standard","meta":{"footnotes":""},"categories":[22,65,13],"tags":[],"class_list":["post-441180","post","type-post","status-publish","format-standard","has-post-thumbnail","hentry","category-ballina","category-lajme","category-te-fundit"],"gt_translate_keys":[{"key":"link","format":"url"}],"_links":{"self":[{"href":"https:\/\/www.hashtag.al\/index.php\/wp-json\/wp\/v2\/posts\/441180","targetHints":{"allow":["GET"]}}],"collection":[{"href":"https:\/\/www.hashtag.al\/index.php\/wp-json\/wp\/v2\/posts"}],"about":[{"href":"https:\/\/www.hashtag.al\/index.php\/wp-json\/wp\/v2\/types\/post"}],"author":[{"embeddable":true,"href":"https:\/\/www.hashtag.al\/index.php\/wp-json\/wp\/v2\/users\/30"}],"replies":[{"embeddable":true,"href":"https:\/\/www.hashtag.al\/index.php\/wp-json\/wp\/v2\/comments?post=441180"}],"version-history":[{"count":0,"href":"https:\/\/www.hashtag.al\/index.php\/wp-json\/wp\/v2\/posts\/441180\/revisions"}],"wp:featuredmedia":[{"embeddable":true,"href":"https:\/\/www.hashtag.al\/index.php\/wp-json\/wp\/v2\/media\/441188"}],"wp:attachment":[{"href":"https:\/\/www.hashtag.al\/index.php\/wp-json\/wp\/v2\/media?parent=441180"}],"wp:term":[{"taxonomy":"category","embeddable":true,"href":"https:\/\/www.hashtag.al\/index.php\/wp-json\/wp\/v2\/categories?post=441180"},{"taxonomy":"post_tag","embeddable":true,"href":"https:\/\/www.hashtag.al\/index.php\/wp-json\/wp\/v2\/tags?post=441180"}],"curies":[{"name":"wp","href":"https:\/\/api.w.org\/{rel}","templated":true}]}}