{"id":441090,"date":"2021-04-05T18:28:03","date_gmt":"2021-04-05T16:28:03","guid":{"rendered":"https:\/\/hashtag.al\/?p=441090"},"modified":"2021-04-05T18:28:03","modified_gmt":"2021-04-05T16:28:03","slug":"ministri-vitia-refuzon-vaksinat-kineze-dhe-ruse-te-shqiperise","status":"publish","type":"post","link":"https:\/\/www.hashtag.al\/index.php\/2021\/04\/05\/ministri-vitia-refuzon-vaksinat-kineze-dhe-ruse-te-shqiperise\/","title":{"rendered":"Ministri Vitia refuzon vaksinat kineze dhe ruse t\u00eb Shqip\u00ebris\u00eb","gt_translate_keys":[{"key":"rendered","format":"text"}]},"content":{"rendered":"<p><span style=\"color: #000000;\"><img loading=\"lazy\" decoding=\"async\" class=\"aligncenter size-full wp-image-441091\" src=\"https:\/\/hashtag.al\/wp-content\/uploads\/2021\/04\/arben-vitia-sot-1.jpg\" alt=\"\" width=\"1319\" height=\"640\" srcset=\"https:\/\/www.hashtag.al\/wp-content\/uploads\/2021\/04\/arben-vitia-sot-1.jpg 1319w, https:\/\/www.hashtag.al\/wp-content\/uploads\/2021\/04\/arben-vitia-sot-1-300x146.jpg 300w, https:\/\/www.hashtag.al\/wp-content\/uploads\/2021\/04\/arben-vitia-sot-1-768x373.jpg 768w, https:\/\/www.hashtag.al\/wp-content\/uploads\/2021\/04\/arben-vitia-sot-1-1024x497.jpg 1024w\" sizes=\"auto, (max-width: 1319px) 100vw, 1319px\" \/><\/span><\/p>\n<p><span style=\"color: #000000;\">Kryeministri i Kosov\u00ebs Albin Kurti deklaroi dit\u00ebn e sotme se qeveria q\u00eb drejton sheh vaksinimin e popullsis\u00eb vet\u00ebm nga vende q\u00eb e njohin at\u00eb duke shprehur rezerv\u00ebn ndaj ofertave nga vende t\u00eb ndryshme q\u00eb nuk e njohin si shtet.<\/span><\/p>\n<p><span style=\"color: #000000;\">\u201c<em>Duhet ta keni parasysh q\u00eb Kosova duke qen\u00eb q\u00eb nuk njihet nga jo pak shtete n\u00eb bot\u00eb, nuk e ka komoditetin e pranimit t\u00eb vaksinave gjithandej. Orientimi yn\u00eb \u00ebsht\u00eb me shtetet q\u00eb na kan\u00eb njohur andaj edhe e kemi rezerv\u00ebn ton\u00eb dhe q\u00ebndrimin ton\u00eb karshi ofertave t\u00eb ndryshme t\u00eb cilat mund t\u00eb na vin\u00eb nga shtetet mosnjoh\u00ebs<\/em>e\u201d-deklaroi Kurti.<\/span><\/p>\n<p><span style=\"color: #000000;\">Ministri i Sh\u00ebndet\u00ebsis\u00eb, Arben Vitia nga ana tjet\u00ebr b\u00ebri t\u00eb ditur se n\u00eb Shqip\u00ebri jan\u00eb shpenzuar vaksinat e AstraZenecas dhe ato t\u00eb Pfizer, andaj kan\u00eb mbetur vet\u00ebm vaksinat kineze.<\/span><\/p>\n<p><span style=\"color: #000000;\">Vitia ka th\u00ebn\u00eb se nuk ka pranuar q\u00eb m\u00ebsimdh\u00ebn\u00ebsit kosovar t\u00eb vaksinohen me vaksina kineze.<\/span><\/p>\n<p><span style=\"color: #000000;\">\u201c<em>Ne n\u00eb fillim nga kryeministri Rama dhe ministrja Manastirliu kemi pasur ofert\u00eb gjeneroze q\u00eb t\u00eb vaksinohet personeli sh\u00ebndet\u00ebsor\u00eb n\u00eb Shqip\u00ebri, ku ne do t\u00eb organizonim procesin e transportit. N\u00eb nd\u00ebrkoh\u00eb vaksinat erdh\u00ebn me kontingjentin e par\u00eb dhe vaksinimi i personelit sh\u00ebndet\u00ebsor\u00eb m\u00eb shpejt\u00eb ndodhi n\u00eb Kosov\u00eb. Un\u00eb kam k\u00ebrkuar nga Qeveria e Shqip\u00ebris\u00eb q\u00eb t\u00eb mund\u00ebsohet edhe vaksinimi i kategorive tjera. Fatkeq\u00ebsisht vaksinat Pfizer dhe AstraZeneca jan\u00eb shpenzuar dhe kan\u00eb mbetur vet\u00ebm ato nga Kina<\/em>\u201d- ka shtuar ai.<\/span><\/p>\n<p>&nbsp;<\/p>\n","protected":false,"gt_translate_keys":[{"key":"rendered","format":"html"}]},"excerpt":{"rendered":"<p>Kryeministri i Kosov\u00ebs Albin Kurti deklaroi dit\u00ebn e sotme se qeveria q\u00eb drejton sheh vaksinimin e popullsis\u00eb vet\u00ebm nga vende q\u00eb e njohin at\u00eb duke shprehur rezerv\u00ebn ndaj ofertave nga vende t\u00eb ndryshme q\u00eb nuk e njohin si shtet. \u201cDuhet ta keni parasysh q\u00eb Kosova duke qen\u00eb q\u00eb nuk njihet nga jo pak shtete n\u00eb [&hellip;]<\/p>\n","protected":false,"gt_translate_keys":[{"key":"rendered","format":"html"}]},"author":32,"featured_media":441091,"comment_status":"open","ping_status":"open","sticky":false,"template":"","format":"standard","meta":{"footnotes":""},"categories":[149,13],"tags":[],"class_list":["post-441090","post","type-post","status-publish","format-standard","has-post-thumbnail","hentry","category-kosoverajon","category-te-fundit"],"gt_translate_keys":[{"key":"link","format":"url"}],"_links":{"self":[{"href":"https:\/\/www.hashtag.al\/index.php\/wp-json\/wp\/v2\/posts\/441090","targetHints":{"allow":["GET"]}}],"collection":[{"href":"https:\/\/www.hashtag.al\/index.php\/wp-json\/wp\/v2\/posts"}],"about":[{"href":"https:\/\/www.hashtag.al\/index.php\/wp-json\/wp\/v2\/types\/post"}],"author":[{"embeddable":true,"href":"https:\/\/www.hashtag.al\/index.php\/wp-json\/wp\/v2\/users\/32"}],"replies":[{"embeddable":true,"href":"https:\/\/www.hashtag.al\/index.php\/wp-json\/wp\/v2\/comments?post=441090"}],"version-history":[{"count":0,"href":"https:\/\/www.hashtag.al\/index.php\/wp-json\/wp\/v2\/posts\/441090\/revisions"}],"wp:featuredmedia":[{"embeddable":true,"href":"https:\/\/www.hashtag.al\/index.php\/wp-json\/wp\/v2\/media\/441091"}],"wp:attachment":[{"href":"https:\/\/www.hashtag.al\/index.php\/wp-json\/wp\/v2\/media?parent=441090"}],"wp:term":[{"taxonomy":"category","embeddable":true,"href":"https:\/\/www.hashtag.al\/index.php\/wp-json\/wp\/v2\/categories?post=441090"},{"taxonomy":"post_tag","embeddable":true,"href":"https:\/\/www.hashtag.al\/index.php\/wp-json\/wp\/v2\/tags?post=441090"}],"curies":[{"name":"wp","href":"https:\/\/api.w.org\/{rel}","templated":true}]}}