{"id":440624,"date":"2021-04-03T16:54:39","date_gmt":"2021-04-03T14:54:39","guid":{"rendered":"https:\/\/hashtag.al\/?p=440624"},"modified":"2021-04-03T16:54:39","modified_gmt":"2021-04-03T14:54:39","slug":"kurti-mbreme-fitoi-opozita-sot-zgjedhim-presidenten-dhe-reformen-zgjedhore-e-perfundojme-sivjet","status":"publish","type":"post","link":"https:\/\/www.hashtag.al\/index.php\/2021\/04\/03\/kurti-mbreme-fitoi-opozita-sot-zgjedhim-presidenten-dhe-reformen-zgjedhore-e-perfundojme-sivjet\/","title":{"rendered":"Kurti: Mbr\u00ebm\u00eb fitoi opozita, sot zgjedhim Presidenten dhe Reform\u00ebn Zgjedhore e p\u00ebrfundojm\u00eb sivjet","gt_translate_keys":[{"key":"rendered","format":"text"}]},"content":{"rendered":"<p><span style=\"color: #000000;\"><img loading=\"lazy\" decoding=\"async\" class=\"aligncenter size-full wp-image-438379\" src=\"https:\/\/hashtag.al\/wp-content\/uploads\/2021\/03\/kurtiosmani.jpg\" alt=\"\" width=\"1200\" height=\"675\" srcset=\"https:\/\/www.hashtag.al\/wp-content\/uploads\/2021\/03\/kurtiosmani.jpg 1200w, https:\/\/www.hashtag.al\/wp-content\/uploads\/2021\/03\/kurtiosmani-300x169.jpg 300w, https:\/\/www.hashtag.al\/wp-content\/uploads\/2021\/03\/kurtiosmani-768x432.jpg 768w, https:\/\/www.hashtag.al\/wp-content\/uploads\/2021\/03\/kurtiosmani-1024x576.jpg 1024w\" sizes=\"auto, (max-width: 1200px) 100vw, 1200px\" \/><\/span><\/p>\n<p><span style=\"color: #000000;\">Kryeministri i Kosov\u00ebs Albin Kurti nj\u00eb or\u00eb para fillimit t\u00eb seanc\u00ebs n\u00eb Kuvend p\u00ebr zgjedhjen e Presidentit t\u00eb Republik\u00ebs ka reaguar p\u00ebr betej\u00ebn e mbr\u00ebmshme p\u00ebr Ligjin e Zgjedhjeve.<\/span><\/p>\n<p><span style=\"color: #000000;\">Kurti e quan seanc\u00ebn e mbr\u00ebmshme fitore t\u00eb opozit\u00ebs nd\u00ebrsa sot thot\u00eb se duhet t\u00eb fitoj\u00eb shteti.<\/span><\/p>\n<p><span style=\"color: #000000;\">Ai k\u00ebshtu k\u00ebrkon n\u00ebp\u00ebrmjet nj\u00eb postimi n\u00eb rrjetet sociale q\u00eb deputet\u00ebt e Kuvendit t\u00eb votojn\u00eb Vjosa Osmanin p\u00ebr Presidente.<\/span><\/p>\n<p><span style=\"color: #000000;\">\u201c<em>Mbr\u00ebm\u00eb fitoi opozita, sonte duhet t\u00eb fitoj\u00eb shteti. Zgjedhja e Presidentes s\u00eb Republik\u00ebs \u00ebsht\u00eb fitore p\u00ebr Kosov\u00ebn. Ajo nuk \u00ebsht\u00eb kund\u00ebr askujt dhe \u00ebsht\u00eb p\u00ebr t\u00eb gjith\u00eb. Me zgjedhjen e Presidentes p\u00ebrmbyllet hapi i tret\u00eb i konstituimit t\u00eb institucioneve t\u00eb legjislatur\u00ebs s\u00eb tet\u00eb.<\/em><\/span><\/p>\n<p><span style=\"color: #000000;\"><em>Pas fitores me 50,28% t\u00eb votave n\u00eb zgjedhjet e 14 shkurtit, ne jemi shumica n\u00eb Kuvendin e Kosov\u00ebs. Mbr\u00ebm\u00eb deputet\u00ebt tan\u00eb ishin shumica, por nuk ishin 2\/3 e t\u00eb pranishm\u00ebve. Nuk arrit\u00ebm t\u00eb procedojm\u00eb me projektligjin q\u00eb ua mund\u00ebson m\u00ebrgat\u00ebs t\u00eb votoj\u00eb n\u00eb ambasadat e konsullatat tona.<\/em><\/span><\/p>\n<p><span style=\"color: #000000;\"><em>Ky Projektligj nuk kishte t\u00eb b\u00ebnte me reform\u00ebn zgjedhore. Sidoqoft\u00eb, ai sot nuk \u00ebsht\u00eb aktual. Sot kemi seanc\u00ebn p\u00ebr zgjedhjen Presidente t\u00eb znj. Vjosa Osmani. Menj\u00ebher\u00eb pas k\u00ebsaj formojm\u00eb komisionin ku bashk\u00eb me opozit\u00ebn punojm\u00eb, pajtohemi dhe sivjet e p\u00ebrmbyllim reform\u00ebn zgjedhore<\/em>\u201d-shkruan Kurti.<\/span><\/p>\n","protected":false,"gt_translate_keys":[{"key":"rendered","format":"html"}]},"excerpt":{"rendered":"<p>Kryeministri i Kosov\u00ebs Albin Kurti nj\u00eb or\u00eb para fillimit t\u00eb seanc\u00ebs n\u00eb Kuvend p\u00ebr zgjedhjen e Presidentit t\u00eb Republik\u00ebs ka reaguar p\u00ebr betej\u00ebn e mbr\u00ebmshme p\u00ebr Ligjin e Zgjedhjeve. Kurti e quan seanc\u00ebn e mbr\u00ebmshme fitore t\u00eb opozit\u00ebs nd\u00ebrsa sot thot\u00eb se duhet t\u00eb fitoj\u00eb shteti. Ai k\u00ebshtu k\u00ebrkon n\u00ebp\u00ebrmjet nj\u00eb postimi n\u00eb rrjetet sociale [&hellip;]<\/p>\n","protected":false,"gt_translate_keys":[{"key":"rendered","format":"html"}]},"author":32,"featured_media":438379,"comment_status":"open","ping_status":"open","sticky":false,"template":"","format":"standard","meta":{"footnotes":""},"categories":[149,13],"tags":[],"class_list":["post-440624","post","type-post","status-publish","format-standard","has-post-thumbnail","hentry","category-kosoverajon","category-te-fundit"],"gt_translate_keys":[{"key":"link","format":"url"}],"_links":{"self":[{"href":"https:\/\/www.hashtag.al\/index.php\/wp-json\/wp\/v2\/posts\/440624","targetHints":{"allow":["GET"]}}],"collection":[{"href":"https:\/\/www.hashtag.al\/index.php\/wp-json\/wp\/v2\/posts"}],"about":[{"href":"https:\/\/www.hashtag.al\/index.php\/wp-json\/wp\/v2\/types\/post"}],"author":[{"embeddable":true,"href":"https:\/\/www.hashtag.al\/index.php\/wp-json\/wp\/v2\/users\/32"}],"replies":[{"embeddable":true,"href":"https:\/\/www.hashtag.al\/index.php\/wp-json\/wp\/v2\/comments?post=440624"}],"version-history":[{"count":0,"href":"https:\/\/www.hashtag.al\/index.php\/wp-json\/wp\/v2\/posts\/440624\/revisions"}],"wp:featuredmedia":[{"embeddable":true,"href":"https:\/\/www.hashtag.al\/index.php\/wp-json\/wp\/v2\/media\/438379"}],"wp:attachment":[{"href":"https:\/\/www.hashtag.al\/index.php\/wp-json\/wp\/v2\/media?parent=440624"}],"wp:term":[{"taxonomy":"category","embeddable":true,"href":"https:\/\/www.hashtag.al\/index.php\/wp-json\/wp\/v2\/categories?post=440624"},{"taxonomy":"post_tag","embeddable":true,"href":"https:\/\/www.hashtag.al\/index.php\/wp-json\/wp\/v2\/tags?post=440624"}],"curies":[{"name":"wp","href":"https:\/\/api.w.org\/{rel}","templated":true}]}}