{"id":440165,"date":"2021-04-01T13:27:38","date_gmt":"2021-04-01T11:27:38","guid":{"rendered":"https:\/\/hashtag.al\/?p=440165"},"modified":"2021-04-01T13:32:55","modified_gmt":"2021-04-01T11:32:55","slug":"vokshi-takim-me-banoret-ne-laprake-mos-e-votoni-nje-qeveri-qe-ju-vjedh-e-ska-mbajtur-premtimet","status":"publish","type":"post","link":"https:\/\/www.hashtag.al\/index.php\/2021\/04\/01\/vokshi-takim-me-banoret-ne-laprake-mos-e-votoni-nje-qeveri-qe-ju-vjedh-e-ska-mbajtur-premtimet\/","title":{"rendered":"Vokshi takim me banor\u00ebt n\u00eb Laprak\u00eb: Mos e votoni nj\u00eb qeveri q\u00eb ju vjedh e s\u2019ka mbajtur premtimet","gt_translate_keys":[{"key":"rendered","format":"text"}]},"content":{"rendered":"<p><span style=\"color: #000000;\"><img loading=\"lazy\" decoding=\"async\" class=\"aligncenter size-full wp-image-440166\" src=\"https:\/\/hashtag.al\/wp-content\/uploads\/2021\/04\/vokshi.jpg\" alt=\"\" width=\"1515\" height=\"837\" srcset=\"https:\/\/www.hashtag.al\/wp-content\/uploads\/2021\/04\/vokshi.jpg 1515w, https:\/\/www.hashtag.al\/wp-content\/uploads\/2021\/04\/vokshi-300x166.jpg 300w, https:\/\/www.hashtag.al\/wp-content\/uploads\/2021\/04\/vokshi-768x424.jpg 768w, https:\/\/www.hashtag.al\/wp-content\/uploads\/2021\/04\/vokshi-1024x566.jpg 1024w, https:\/\/www.hashtag.al\/wp-content\/uploads\/2021\/04\/vokshi-750x415.jpg 750w\" sizes=\"auto, (max-width: 1515px) 100vw, 1515px\" \/><\/span><\/p>\n<p><span style=\"color: #000000;\">Albana Vokshi ka zhvilluar sot nj\u00eb takim me banor\u00ebt e Laprak\u00ebs n\u00eb Tiran\u00eb. Kandidatja p\u00ebr deputete n\u00eb Tiran\u00eb d\u00ebgjoi shqet\u00ebsimet\u00a0 e banor\u00ebve t\u00eb zon\u00ebs mes balt\u00ebs e gropave q\u00eb mbulon gjith\u00eb zon\u00ebn. <\/span><\/p>\n<p><span style=\"color: #000000;\">Ata i than\u00eb ish-deutetes demokrate se fondet p\u00ebr rrug\u00ebn jan\u00eb vjedhur e p\u00ebr k\u00ebt\u00eb arsye rruga ka mbetur si mos m\u00eb keq. <\/span><\/p>\n<p><span style=\"color: #000000;\">Po k\u00ebshtu banor\u00ebt e zon\u00ebs than\u00eb se aty nuk ka as \u00e7erdhe, as kopsht e as shkoll\u00eb pavar\u00ebsisht se ia paguajn\u00eb bashkis\u00eb t\u00eb gjitha taksat.<\/span><\/p>\n<p><span style=\"color: #000000;\">Vokshi nga ana e saj u tha banor\u00ebve q\u00eb takoi q\u00eb t\u00eb mos e votonin m\u00eb nj\u00eb qeveri q\u00eb i ka grabitur dhe q\u00eb nuk ka mbajtur asnj\u00eb premtim.<\/span><\/p>\n<p><span style=\"color: #000000;\"><em>\u201cKu kan\u00eb shkuar taksat q\u00eb keni paguar. Mendoni, jan\u00eb 20 mij\u00eb banor\u00eb pa asnj\u00eb shkoll\u00eb. K\u00ebta b\u00ebjn\u00eb gar\u00eb e nj\u00ebri-tjetrin, kush vjedh m\u00eb shum\u00eb, kush mashtron m\u00eb shum\u00eb, gjith\u00eb taksat e detyrimet q\u00eb paguani, ju jeni krejt t\u00eb braktisur. Mos e votoni m\u00eb nj\u00eb qeveri q\u00eb ju vjedh dhe nuk ka mbajtur premtimet.\u201d<\/em> &#8211; tha Vokshi.<\/span><\/p>\n","protected":false,"gt_translate_keys":[{"key":"rendered","format":"html"}]},"excerpt":{"rendered":"<p>Albana Vokshi ka zhvilluar sot nj\u00eb takim me banor\u00ebt e Laprak\u00ebs n\u00eb Tiran\u00eb. Kandidatja p\u00ebr deputete n\u00eb Tiran\u00eb d\u00ebgjoi shqet\u00ebsimet\u00a0 e banor\u00ebve t\u00eb zon\u00ebs mes balt\u00ebs e gropave q\u00eb mbulon gjith\u00eb zon\u00ebn. Ata i than\u00eb ish-deutetes demokrate se fondet p\u00ebr rrug\u00ebn jan\u00eb vjedhur e p\u00ebr k\u00ebt\u00eb arsye rruga ka mbetur si mos m\u00eb keq. Po [&hellip;]<\/p>\n","protected":false,"gt_translate_keys":[{"key":"rendered","format":"html"}]},"author":51,"featured_media":440166,"comment_status":"open","ping_status":"open","sticky":false,"template":"","format":"standard","meta":{"footnotes":""},"categories":[65,13],"tags":[],"class_list":["post-440165","post","type-post","status-publish","format-standard","has-post-thumbnail","hentry","category-lajme","category-te-fundit"],"gt_translate_keys":[{"key":"link","format":"url"}],"_links":{"self":[{"href":"https:\/\/www.hashtag.al\/index.php\/wp-json\/wp\/v2\/posts\/440165","targetHints":{"allow":["GET"]}}],"collection":[{"href":"https:\/\/www.hashtag.al\/index.php\/wp-json\/wp\/v2\/posts"}],"about":[{"href":"https:\/\/www.hashtag.al\/index.php\/wp-json\/wp\/v2\/types\/post"}],"author":[{"embeddable":true,"href":"https:\/\/www.hashtag.al\/index.php\/wp-json\/wp\/v2\/users\/51"}],"replies":[{"embeddable":true,"href":"https:\/\/www.hashtag.al\/index.php\/wp-json\/wp\/v2\/comments?post=440165"}],"version-history":[{"count":0,"href":"https:\/\/www.hashtag.al\/index.php\/wp-json\/wp\/v2\/posts\/440165\/revisions"}],"wp:featuredmedia":[{"embeddable":true,"href":"https:\/\/www.hashtag.al\/index.php\/wp-json\/wp\/v2\/media\/440166"}],"wp:attachment":[{"href":"https:\/\/www.hashtag.al\/index.php\/wp-json\/wp\/v2\/media?parent=440165"}],"wp:term":[{"taxonomy":"category","embeddable":true,"href":"https:\/\/www.hashtag.al\/index.php\/wp-json\/wp\/v2\/categories?post=440165"},{"taxonomy":"post_tag","embeddable":true,"href":"https:\/\/www.hashtag.al\/index.php\/wp-json\/wp\/v2\/tags?post=440165"}],"curies":[{"name":"wp","href":"https:\/\/api.w.org\/{rel}","templated":true}]}}