{"id":439979,"date":"2021-03-31T18:15:38","date_gmt":"2021-03-31T16:15:38","guid":{"rendered":"https:\/\/hashtag.al\/?p=439979"},"modified":"2021-03-31T18:15:38","modified_gmt":"2021-03-31T16:15:38","slug":"rama-fushate-ne-shkoder-sulmon-voltana-ademin","status":"publish","type":"post","link":"https:\/\/www.hashtag.al\/index.php\/2021\/03\/31\/rama-fushate-ne-shkoder-sulmon-voltana-ademin\/","title":{"rendered":"Rama fushat\u00eb n\u00eb Shkod\u00ebr, sulmon Voltana Ademin","gt_translate_keys":[{"key":"rendered","format":"text"}]},"content":{"rendered":"<p><span style=\"color: #000000;\"><img loading=\"lazy\" decoding=\"async\" class=\"aligncenter size-full wp-image-439980\" src=\"https:\/\/hashtag.al\/wp-content\/uploads\/2021\/03\/rama-malesi.png\" alt=\"\" width=\"939\" height=\"689\" srcset=\"https:\/\/www.hashtag.al\/wp-content\/uploads\/2021\/03\/rama-malesi.png 939w, https:\/\/www.hashtag.al\/wp-content\/uploads\/2021\/03\/rama-malesi-300x220.png 300w, https:\/\/www.hashtag.al\/wp-content\/uploads\/2021\/03\/rama-malesi-768x564.png 768w\" sizes=\"auto, (max-width: 939px) 100vw, 939px\" \/>Kryeministri Edi Rama dit\u00ebn e sotme ka qen\u00eb n\u00eb Shkod\u00ebr p\u00ebr fushat\u00eb elektorale, nga ku nuk ka l\u00ebn\u00eb pa sulmuar kryetaren e Bashkis\u00eb t\u00eb K\u00ebtij qyteti, Voltana Ademi.<\/span><\/p>\n<p><span style=\"color: #000000;\">Ai e ka quajtur drejtuesen e Bashkis\u00eb shembull t\u00eb injoranc\u00ebs dhe prapambejtjes.<\/span><\/p>\n<p><span style=\"color: #000000;\">Kryeministri Rama e ka cil\u00ebsuar Shkodr\u00ebn qytetin m\u00eb t\u00eb pis\u00ebt q\u00eb nuk mblidhen mbeturinat dhe Bashki q\u00eb i ka mbetur ora.<\/span><\/p>\n<p><span style=\"color: #000000;\">\u201c<em>Na ka ngec sharra n\u00eb gozhd\u00eb, se k\u00ebtu \u00ebsht\u00eb nj\u00eb lloj gozhde q\u00eb s\u2019ka sharr\u00eb q\u00eb i b\u00ebn derman. \u00cbsht\u00eb nj\u00eb lloj gozhde e ngulur n\u00eb tru, q\u00eb e than\u00eb dhe e than\u00eb trurin. Ata e kan\u00eb mendjen tap\u00eb. Nuk dua t\u00eb shfaj\u00ebsohem, se ne kemi borxhe ndaj Shkodr\u00ebs, e cila \u00ebsht\u00eb pjes\u00eb e pandashme e gravitetit t\u00eb historis\u00eb son\u00eb, kultur\u00ebs e tradit\u00ebs son\u00eb. Shkodra \u00ebsht\u00eb nj\u00eb potencial i jasht\u00ebzakonsh\u00ebm. Nuk kan\u00eb m\u00eb shum\u00eb se Shkodra ato qytete q\u00eb sot jan\u00eb n\u00eb proces t\u00eb pakthyesh\u00ebm transformimi, madje ka m\u00eb shum\u00eb Shkodra. Un\u00eb jam k\u00ebtu sot p\u00ebr t\u2019iu th\u00ebn\u00eb shkodran\u00ebve se n\u00ebse duan t\u00eb na japin mund\u00ebsin\u00eb t\u00eb shlyejm\u00eb borxhet tona, t\u00eb na japin mb\u00ebshtetje. P\u00ebr t\u00eb mb\u00ebshtetur Shkodr\u00ebn ne i kemi ardhur v\u00ebrdall\u00eb kufijve t\u00eb vendosur nga nj\u00eb bashki qorre, q\u00eb \u00ebsht\u00eb shembulli m\u00eb drith\u00ebrues i injoranc\u00ebs, prapambetjes, inercis\u00eb, duke shkuar qorrazi drejt t\u00eb ardhmes. I kemi ardhur rrotull dhe kemi nd\u00ebrtuar rrug\u00ebn Shkod\u00ebr-Velipoj\u00eb, nj\u00eb rrug\u00eb turistike q\u00eb ishte nj\u00eb premtim dembabadem i t\u00eb gjitha her\u00ebve q\u00eb PD ka ardhur k\u00ebtu p\u00ebr t\u00eb marr\u00eb vot\u00ebn dhe q\u00eb nuk u nd\u00ebrtua kurr\u00eb.<\/em><\/span><\/p>\n<p><span style=\"color: #000000;\"><em>E nd\u00ebrtuam ne, duke i ardhur rrotull se nuk merrnim dot leje n\u00eb bashki. Ata duan ta mbajn\u00eb Shkodr\u00ebn n\u00eb k\u00ebt\u00eb gjendje. Komunizmi ka vdekur dhe mban peng vet\u00ebm Shkodr\u00ebn, nga k\u00ebta q\u00eb e p\u00ebrdorin komunizmin p\u00ebr t\u00eb marr\u00eb peng gjith\u00eb Shkodr\u00ebn. Nuk mundet dot ti t\u00eb shkosh t\u00eb votosh, sikur shkon p\u00ebr t\u00eb b\u00ebrtitur n\u00eb stadium dit\u00ebn e diel, se t\u00eb h\u00ebn\u00ebn dita vazhdon. Dhe kur ti ja jep vot\u00ebn nj\u00eb idioti, je peng i tij. Shkodra ka mbetur peng e nj\u00eb idiot\u00ebsie prej 30 vitesh, me iden\u00eb se po i reziston komunizmit, q\u00eb ka vdekur dhe q\u00eb s\u2019ka asnj\u00eb shans t\u00eb ringjallet, por rri gjall\u00eb n\u00eb form\u00ebn e fantazm\u00ebs k\u00ebtu n\u00eb Shkod\u00ebr. Si prishet fare terezia asaj kryetares s\u00eb Bashkis\u00eb se \u00e7far\u00eb ndodh me plehrat. Shkodra \u00ebsht\u00eb qyteti m\u00eb i pist\u00eb i Shqip\u00ebris\u00eb, ku nuk mblidhen plehrat. \u00cbsht\u00eb qyteti me m\u00eb shum\u00eb gropa n\u00eb vend. K\u00ebtu \u00ebsht\u00eb qytet q\u00eb ka mbetur ora. Por, pun\u00ebt e veta edhe kryetarja e bashkis\u00eb, edhe ata t\u00eb shpur\u00ebs s\u00eb PD, q\u00eb ven\u00eb e vin\u00eb sa k\u00ebtu sa n\u00eb Tiran\u00eb p\u00ebr t\u00eb b\u00ebr\u00eb deputetin e Shkodr\u00ebs, i kan\u00eb n\u00eb terezi. Lufta q\u00eb b\u00ebjn\u00eb sot \u00ebsht\u00eb prap\u00eb p\u00ebr pun\u00ebt e tyre, jo p\u00ebr pun\u00ebt e Shkodr\u00ebs apo t\u00eb Shqip\u00ebris\u00eb<\/em>\u201d- tha Rama.<\/span><\/p>\n","protected":false,"gt_translate_keys":[{"key":"rendered","format":"html"}]},"excerpt":{"rendered":"<p>Kryeministri Edi Rama dit\u00ebn e sotme ka qen\u00eb n\u00eb Shkod\u00ebr p\u00ebr fushat\u00eb elektorale, nga ku nuk ka l\u00ebn\u00eb pa sulmuar kryetaren e Bashkis\u00eb t\u00eb K\u00ebtij qyteti, Voltana Ademi. Ai e ka quajtur drejtuesen e Bashkis\u00eb shembull t\u00eb injoranc\u00ebs dhe prapambejtjes. Kryeministri Rama e ka cil\u00ebsuar Shkodr\u00ebn qytetin m\u00eb t\u00eb pis\u00ebt q\u00eb nuk mblidhen mbeturinat dhe [&hellip;]<\/p>\n","protected":false,"gt_translate_keys":[{"key":"rendered","format":"html"}]},"author":32,"featured_media":439980,"comment_status":"open","ping_status":"open","sticky":false,"template":"","format":"standard","meta":{"footnotes":""},"categories":[65,13],"tags":[],"class_list":["post-439979","post","type-post","status-publish","format-standard","has-post-thumbnail","hentry","category-lajme","category-te-fundit"],"gt_translate_keys":[{"key":"link","format":"url"}],"_links":{"self":[{"href":"https:\/\/www.hashtag.al\/index.php\/wp-json\/wp\/v2\/posts\/439979","targetHints":{"allow":["GET"]}}],"collection":[{"href":"https:\/\/www.hashtag.al\/index.php\/wp-json\/wp\/v2\/posts"}],"about":[{"href":"https:\/\/www.hashtag.al\/index.php\/wp-json\/wp\/v2\/types\/post"}],"author":[{"embeddable":true,"href":"https:\/\/www.hashtag.al\/index.php\/wp-json\/wp\/v2\/users\/32"}],"replies":[{"embeddable":true,"href":"https:\/\/www.hashtag.al\/index.php\/wp-json\/wp\/v2\/comments?post=439979"}],"version-history":[{"count":0,"href":"https:\/\/www.hashtag.al\/index.php\/wp-json\/wp\/v2\/posts\/439979\/revisions"}],"wp:featuredmedia":[{"embeddable":true,"href":"https:\/\/www.hashtag.al\/index.php\/wp-json\/wp\/v2\/media\/439980"}],"wp:attachment":[{"href":"https:\/\/www.hashtag.al\/index.php\/wp-json\/wp\/v2\/media?parent=439979"}],"wp:term":[{"taxonomy":"category","embeddable":true,"href":"https:\/\/www.hashtag.al\/index.php\/wp-json\/wp\/v2\/categories?post=439979"},{"taxonomy":"post_tag","embeddable":true,"href":"https:\/\/www.hashtag.al\/index.php\/wp-json\/wp\/v2\/tags?post=439979"}],"curies":[{"name":"wp","href":"https:\/\/api.w.org\/{rel}","templated":true}]}}