{"id":439856,"date":"2021-03-31T10:04:08","date_gmt":"2021-03-31T08:04:08","guid":{"rendered":"https:\/\/hashtag.al\/?p=439856"},"modified":"2021-03-31T10:13:01","modified_gmt":"2021-03-31T08:13:01","slug":"dita-e-4-t-e-vaksinimit-masiv-te-te-moshuarve-manastirliu-brenda-prillit-vijne-edhe-20-mije-doza-te-pfizer-it","status":"publish","type":"post","link":"https:\/\/www.hashtag.al\/index.php\/2021\/03\/31\/dita-e-4-t-e-vaksinimit-masiv-te-te-moshuarve-manastirliu-brenda-prillit-vijne-edhe-20-mije-doza-te-pfizer-it\/","title":{"rendered":"Dita e 4-t e vaksinimit masiv t\u00eb t\u00eb moshuarve, Manastirliu: Brenda Prillit vijn\u00eb edhe 20 mij\u00eb doza t\u00eb Pfizer-it","gt_translate_keys":[{"key":"rendered","format":"text"}]},"content":{"rendered":"<p><a href=\"https:\/\/hashtag.al\/wp-content\/uploads\/2021\/03\/Screenshot_1-39.jpg\"><img loading=\"lazy\" decoding=\"async\" class=\"aligncenter size-full wp-image-439857\" src=\"https:\/\/hashtag.al\/wp-content\/uploads\/2021\/03\/Screenshot_1-39.jpg\" alt=\"\" width=\"828\" height=\"474\" srcset=\"https:\/\/www.hashtag.al\/wp-content\/uploads\/2021\/03\/Screenshot_1-39.jpg 828w, https:\/\/www.hashtag.al\/wp-content\/uploads\/2021\/03\/Screenshot_1-39-300x172.jpg 300w, https:\/\/www.hashtag.al\/wp-content\/uploads\/2021\/03\/Screenshot_1-39-768x440.jpg 768w\" sizes=\"auto, (max-width: 828px) 100vw, 828px\" \/><\/a><\/p>\n<p><span style=\"color: #000000;\">Sot \u00ebsht\u00eb dita e kat\u00ebrt e vaksinimit masiv t\u00eb personave mbi mosh\u00ebn 70-vje\u00e7, q\u00eb do marrin vaksin\u00ebn kineze t\u00eb \u2018Coronavac\u2019-it. T\u00eb moshuarit presin n\u00eb radh\u00eb jasht\u00eb tendave, t\u00eb ulur n\u00ebp\u00ebr karrige.<\/span><\/p>\n<p><span style=\"color: #000000;\">Procesi i vaksinimit po zhvillohet n\u00eb tendat e ngritura n\u00eb Sheshin Sk\u00ebnderbej n\u00eb Tiran\u00eb, ku ministrja e Sh\u00ebndet\u00ebsis\u00eb Ogerta Manastirliu ka shkuar q\u00eb n\u00eb m\u00ebngjes p\u00ebr ta ndjekur nga af\u00ebr.<\/span><\/p>\n<p><span style=\"color: #000000;\">Zonja Manastirliu ka deklaruar se brenda muajit prill do t\u00eb vijn\u00eb edhe 20 mij\u00eb doza t\u00eb tjetra t\u00eb vaksin\u00ebs s\u00eb Pfizer.<\/span><\/p>\n<p><span style=\"color: #000000;\"><em>\u201cPresim nga kontrata me kompanin\u00eb Pfizer t\u00eb kemi s\u00ebrish p\u00ebrgjat\u00eb muajit prill rreth 20 mij\u00eb doza. Brenda jav\u00ebs s\u00eb par\u00eb presim 7 mij\u00eb dozat e para, e m\u00eb tej deri n\u00eb dat\u00eb 19 prill 20 mij\u00eb doza. Nd\u00ebrkoh\u00eb q\u00eb presim q\u00eb t\u00eb l\u00ebvrohen edhe sipas kalendarit t\u00eb l\u00ebvrimit dhe pjesa tjet\u00ebr e dozave Sinovac.\u201d<\/em>&#8211; thot\u00eb Manastirliu.<\/span><\/p>\n<p><a href=\"https:\/\/hashtag.al\/wp-content\/uploads\/2021\/03\/Manastirliu-1.jpg\"><img loading=\"lazy\" decoding=\"async\" class=\"aligncenter size-full wp-image-439866\" src=\"https:\/\/hashtag.al\/wp-content\/uploads\/2021\/03\/Manastirliu-1.jpg\" alt=\"\" width=\"942\" height=\"534\" srcset=\"https:\/\/www.hashtag.al\/wp-content\/uploads\/2021\/03\/Manastirliu-1.jpg 942w, https:\/\/www.hashtag.al\/wp-content\/uploads\/2021\/03\/Manastirliu-1-300x170.jpg 300w, https:\/\/www.hashtag.al\/wp-content\/uploads\/2021\/03\/Manastirliu-1-768x435.jpg 768w\" sizes=\"auto, (max-width: 942px) 100vw, 942px\" \/><\/a><\/p>\n<p><span style=\"color: #000000;\">Ministrja vler\u00ebsoi grupin e vaksinator\u00ebve, q\u00eb sipas saj po b\u00ebjn\u00eb nj\u00eb pun\u00eb shum\u00eb t\u00eb mir\u00eb. Ajo tha se p\u00ebr tre dit\u00eb radhazi jan\u00eb kryer mbi 50 mij\u00eb vaksinime, gj\u00eb q\u00eb sipas saj <em>\u201ctregon q\u00eb kapacitetet tona jan\u00eb t\u00eb mjaftueshme\u201d.<\/em><\/span><\/p>\n<p><a href=\"https:\/\/hashtag.al\/wp-content\/uploads\/2021\/03\/v-1.jpg\"><img loading=\"lazy\" decoding=\"async\" class=\"aligncenter size-full wp-image-439863\" src=\"https:\/\/hashtag.al\/wp-content\/uploads\/2021\/03\/v-1.jpg\" alt=\"\" width=\"1911\" height=\"1145\" srcset=\"https:\/\/www.hashtag.al\/wp-content\/uploads\/2021\/03\/v-1.jpg 1911w, https:\/\/www.hashtag.al\/wp-content\/uploads\/2021\/03\/v-1-300x180.jpg 300w, https:\/\/www.hashtag.al\/wp-content\/uploads\/2021\/03\/v-1-768x460.jpg 768w, https:\/\/www.hashtag.al\/wp-content\/uploads\/2021\/03\/v-1-1024x614.jpg 1024w\" sizes=\"auto, (max-width: 1911px) 100vw, 1911px\" \/><\/a><\/p>\n<p><span style=\"color: #000000;\">Ajo shtoi se jan\u00eb t\u00eb p\u00ebrgatitur q\u00eb t\u00eb rrisin edhe numrin e vaksinimeve n\u00ebp\u00ebrmjet kapaciteteve t\u00eb burimeve njer\u00ebzore, t\u00eb cilat tashm\u00eb jan\u00eb trajnuar.<\/span><\/p>\n<p><span style=\"color: #000000;\">Manastirliu tha se procesi i vaksinimit do t\u00eb vijoj\u00eb n\u00eb qendrat e p\u00ebrqendruara por edhe qendrat sh\u00ebndet\u00ebsore kudo n\u00eb vend.<\/span><\/p>\n<p><a href=\"https:\/\/hashtag.al\/wp-content\/uploads\/2021\/03\/sheshi-skenderbej.jpg\"><img loading=\"lazy\" decoding=\"async\" class=\"aligncenter size-full wp-image-439861\" src=\"https:\/\/hashtag.al\/wp-content\/uploads\/2021\/03\/sheshi-skenderbej.jpg\" alt=\"\" width=\"1591\" height=\"1182\" srcset=\"https:\/\/www.hashtag.al\/wp-content\/uploads\/2021\/03\/sheshi-skenderbej.jpg 1591w, https:\/\/www.hashtag.al\/wp-content\/uploads\/2021\/03\/sheshi-skenderbej-300x223.jpg 300w, https:\/\/www.hashtag.al\/wp-content\/uploads\/2021\/03\/sheshi-skenderbej-768x571.jpg 768w, https:\/\/www.hashtag.al\/wp-content\/uploads\/2021\/03\/sheshi-skenderbej-1024x761.jpg 1024w\" sizes=\"auto, (max-width: 1591px) 100vw, 1591px\" \/><\/a><a href=\"https:\/\/hashtag.al\/wp-content\/uploads\/2021\/03\/vaksinimi.jpg\"><img loading=\"lazy\" decoding=\"async\" class=\"aligncenter size-full wp-image-439865\" src=\"https:\/\/hashtag.al\/wp-content\/uploads\/2021\/03\/vaksinimi.jpg\" alt=\"\" width=\"1978\" height=\"1290\" srcset=\"https:\/\/www.hashtag.al\/wp-content\/uploads\/2021\/03\/vaksinimi.jpg 1978w, https:\/\/www.hashtag.al\/wp-content\/uploads\/2021\/03\/vaksinimi-300x196.jpg 300w, https:\/\/www.hashtag.al\/wp-content\/uploads\/2021\/03\/vaksinimi-768x501.jpg 768w, https:\/\/www.hashtag.al\/wp-content\/uploads\/2021\/03\/vaksinimi-1024x668.jpg 1024w\" sizes=\"auto, (max-width: 1978px) 100vw, 1978px\" \/><\/a><a href=\"https:\/\/hashtag.al\/wp-content\/uploads\/2021\/03\/vaksin.jpg\"><img loading=\"lazy\" decoding=\"async\" class=\"aligncenter size-full wp-image-439864\" src=\"https:\/\/hashtag.al\/wp-content\/uploads\/2021\/03\/vaksin.jpg\" alt=\"\" width=\"1932\" height=\"1124\" srcset=\"https:\/\/www.hashtag.al\/wp-content\/uploads\/2021\/03\/vaksin.jpg 1932w, https:\/\/www.hashtag.al\/wp-content\/uploads\/2021\/03\/vaksin-300x175.jpg 300w, https:\/\/www.hashtag.al\/wp-content\/uploads\/2021\/03\/vaksin-768x447.jpg 768w, https:\/\/www.hashtag.al\/wp-content\/uploads\/2021\/03\/vaksin-1024x596.jpg 1024w, https:\/\/www.hashtag.al\/wp-content\/uploads\/2021\/03\/vaksin-250x145.jpg 250w\" sizes=\"auto, (max-width: 1932px) 100vw, 1932px\" \/><\/a><\/p>\n","protected":false,"gt_translate_keys":[{"key":"rendered","format":"html"}]},"excerpt":{"rendered":"<p>Sot \u00ebsht\u00eb dita e kat\u00ebrt e vaksinimit masiv t\u00eb personave mbi mosh\u00ebn 70-vje\u00e7, q\u00eb do marrin vaksin\u00ebn kineze t\u00eb \u2018Coronavac\u2019-it. T\u00eb moshuarit presin n\u00eb radh\u00eb jasht\u00eb tendave, t\u00eb ulur n\u00ebp\u00ebr karrige. Procesi i vaksinimit po zhvillohet n\u00eb tendat e ngritura n\u00eb Sheshin Sk\u00ebnderbej n\u00eb Tiran\u00eb, ku ministrja e Sh\u00ebndet\u00ebsis\u00eb Ogerta Manastirliu ka shkuar q\u00eb n\u00eb [&hellip;]<\/p>\n","protected":false,"gt_translate_keys":[{"key":"rendered","format":"html"}]},"author":30,"featured_media":439865,"comment_status":"open","ping_status":"open","sticky":false,"template":"","format":"standard","meta":{"footnotes":""},"categories":[65,13],"tags":[],"class_list":["post-439856","post","type-post","status-publish","format-standard","has-post-thumbnail","hentry","category-lajme","category-te-fundit"],"gt_translate_keys":[{"key":"link","format":"url"}],"_links":{"self":[{"href":"https:\/\/www.hashtag.al\/index.php\/wp-json\/wp\/v2\/posts\/439856","targetHints":{"allow":["GET"]}}],"collection":[{"href":"https:\/\/www.hashtag.al\/index.php\/wp-json\/wp\/v2\/posts"}],"about":[{"href":"https:\/\/www.hashtag.al\/index.php\/wp-json\/wp\/v2\/types\/post"}],"author":[{"embeddable":true,"href":"https:\/\/www.hashtag.al\/index.php\/wp-json\/wp\/v2\/users\/30"}],"replies":[{"embeddable":true,"href":"https:\/\/www.hashtag.al\/index.php\/wp-json\/wp\/v2\/comments?post=439856"}],"version-history":[{"count":0,"href":"https:\/\/www.hashtag.al\/index.php\/wp-json\/wp\/v2\/posts\/439856\/revisions"}],"wp:featuredmedia":[{"embeddable":true,"href":"https:\/\/www.hashtag.al\/index.php\/wp-json\/wp\/v2\/media\/439865"}],"wp:attachment":[{"href":"https:\/\/www.hashtag.al\/index.php\/wp-json\/wp\/v2\/media?parent=439856"}],"wp:term":[{"taxonomy":"category","embeddable":true,"href":"https:\/\/www.hashtag.al\/index.php\/wp-json\/wp\/v2\/categories?post=439856"},{"taxonomy":"post_tag","embeddable":true,"href":"https:\/\/www.hashtag.al\/index.php\/wp-json\/wp\/v2\/tags?post=439856"}],"curies":[{"name":"wp","href":"https:\/\/api.w.org\/{rel}","templated":true}]}}