{"id":439798,"date":"2021-03-30T23:28:38","date_gmt":"2021-03-30T21:28:38","guid":{"rendered":"https:\/\/hashtag.al\/?p=439798"},"modified":"2021-03-30T23:28:38","modified_gmt":"2021-03-30T21:28:38","slug":"33-viktima-dhe-1272-raste-te-reja-lidhur-me-covid-19-ne-maqedonine-e-veriut","status":"publish","type":"post","link":"https:\/\/www.hashtag.al\/index.php\/2021\/03\/30\/33-viktima-dhe-1272-raste-te-reja-lidhur-me-covid-19-ne-maqedonine-e-veriut\/","title":{"rendered":"33 viktima dhe 1272 raste t\u00eb reja lidhur me Covid-19 n\u00eb Maqedonin\u00eb e Veriut","gt_translate_keys":[{"key":"rendered","format":"text"}]},"content":{"rendered":"<p><span style=\"color: #000000;\"><img loading=\"lazy\" decoding=\"async\" class=\"aligncenter size-full wp-image-384627\" src=\"https:\/\/hashtag.al\/wp-content\/uploads\/2020\/07\/maqedoniaeveriut-covid.jpg\" alt=\"\" width=\"1600\" height=\"901\" srcset=\"https:\/\/www.hashtag.al\/wp-content\/uploads\/2020\/07\/maqedoniaeveriut-covid.jpg 1600w, https:\/\/www.hashtag.al\/wp-content\/uploads\/2020\/07\/maqedoniaeveriut-covid-300x169.jpg 300w, https:\/\/www.hashtag.al\/wp-content\/uploads\/2020\/07\/maqedoniaeveriut-covid-768x432.jpg 768w, https:\/\/www.hashtag.al\/wp-content\/uploads\/2020\/07\/maqedoniaeveriut-covid-1024x577.jpg 1024w\" sizes=\"auto, (max-width: 1600px) 100vw, 1600px\" \/><\/span><\/p>\n<p><span style=\"color: #000000;\">Maqedonia e Veriut gjat\u00eb 24 or\u00ebve t\u00eb fundit ka regjistruar 33 viktima dhe 1.272 raste t\u00eb tjera t\u00eb COVID-19.<\/span><\/p>\n<p><span style=\"color: #000000;\">Sipas t\u00eb dh\u00ebnave t\u00eb Ministris\u00eb s\u00eb Sh\u00ebndet\u00ebsis\u00eb, numri i p\u00ebrgjithsh\u00ebm i rasteve t\u00eb konfirmuara me COVID-19 n\u00eb vend ka shkuar n\u00eb 128.511, nd\u00ebrsa numri i vdekjeve n\u00eb 3.749.<\/span><\/p>\n<p><span style=\"color: #000000;\">Institucionet sh\u00ebndet\u00ebsore njoftojn\u00eb se 868 pacient\u00eb t\u00eb tjer\u00eb fituan betej\u00ebn kund\u00ebr koronavirusit, duke e \u00e7uar n\u00eb 106.392 numrin e p\u00ebrgjithsh\u00ebm t\u00eb pacient\u00ebve t\u00eb sh\u00ebruar.<\/span><\/p>\n<p><span style=\"color: #000000;\">Q\u00eb nga shp\u00ebrthimi i pandemis\u00eb, autoritetet sh\u00ebndet\u00ebsore kan\u00eb kryer 620.810 teste t\u00eb dyshuara p\u00ebr COVID-19, p\u00ebrfshir\u00eb 3.948 teste t\u00eb kryera brenda dit\u00ebs s\u00eb fundit.<\/span><\/p>\n<p><span style=\"color: #000000;\">Aktualisht numri i rasteve aktive me COVID-19 n\u00eb Maqedonin\u00eb e Veriut \u00ebsht\u00eb 18.370.\u200b\u200b\u200b\u200b\u200b\u200b\u200b<\/span><\/p>\n<p>&nbsp;<\/p>\n","protected":false,"gt_translate_keys":[{"key":"rendered","format":"html"}]},"excerpt":{"rendered":"<p>Maqedonia e Veriut gjat\u00eb 24 or\u00ebve t\u00eb fundit ka regjistruar 33 viktima dhe 1.272 raste t\u00eb tjera t\u00eb COVID-19. Sipas t\u00eb dh\u00ebnave t\u00eb Ministris\u00eb s\u00eb Sh\u00ebndet\u00ebsis\u00eb, numri i p\u00ebrgjithsh\u00ebm i rasteve t\u00eb konfirmuara me COVID-19 n\u00eb vend ka shkuar n\u00eb 128.511, nd\u00ebrsa numri i vdekjeve n\u00eb 3.749. Institucionet sh\u00ebndet\u00ebsore njoftojn\u00eb se 868 pacient\u00eb t\u00eb tjer\u00eb [&hellip;]<\/p>\n","protected":false,"gt_translate_keys":[{"key":"rendered","format":"html"}]},"author":32,"featured_media":384627,"comment_status":"open","ping_status":"open","sticky":false,"template":"","format":"standard","meta":{"footnotes":""},"categories":[149,13],"tags":[],"class_list":["post-439798","post","type-post","status-publish","format-standard","has-post-thumbnail","hentry","category-kosoverajon","category-te-fundit"],"gt_translate_keys":[{"key":"link","format":"url"}],"_links":{"self":[{"href":"https:\/\/www.hashtag.al\/index.php\/wp-json\/wp\/v2\/posts\/439798","targetHints":{"allow":["GET"]}}],"collection":[{"href":"https:\/\/www.hashtag.al\/index.php\/wp-json\/wp\/v2\/posts"}],"about":[{"href":"https:\/\/www.hashtag.al\/index.php\/wp-json\/wp\/v2\/types\/post"}],"author":[{"embeddable":true,"href":"https:\/\/www.hashtag.al\/index.php\/wp-json\/wp\/v2\/users\/32"}],"replies":[{"embeddable":true,"href":"https:\/\/www.hashtag.al\/index.php\/wp-json\/wp\/v2\/comments?post=439798"}],"version-history":[{"count":0,"href":"https:\/\/www.hashtag.al\/index.php\/wp-json\/wp\/v2\/posts\/439798\/revisions"}],"wp:featuredmedia":[{"embeddable":true,"href":"https:\/\/www.hashtag.al\/index.php\/wp-json\/wp\/v2\/media\/384627"}],"wp:attachment":[{"href":"https:\/\/www.hashtag.al\/index.php\/wp-json\/wp\/v2\/media?parent=439798"}],"wp:term":[{"taxonomy":"category","embeddable":true,"href":"https:\/\/www.hashtag.al\/index.php\/wp-json\/wp\/v2\/categories?post=439798"},{"taxonomy":"post_tag","embeddable":true,"href":"https:\/\/www.hashtag.al\/index.php\/wp-json\/wp\/v2\/tags?post=439798"}],"curies":[{"name":"wp","href":"https:\/\/api.w.org\/{rel}","templated":true}]}}