{"id":439424,"date":"2021-03-29T11:26:50","date_gmt":"2021-03-29T09:26:50","guid":{"rendered":"https:\/\/hashtag.al\/?p=439424"},"modified":"2021-03-29T11:28:06","modified_gmt":"2021-03-29T09:28:06","slug":"dha-jeten-mes-flakeve-duke-shpetuar-te-tjeret-shpallet-deshmor-i-atdheut-arjan-sala","status":"publish","type":"post","link":"https:\/\/www.hashtag.al\/index.php\/2021\/03\/29\/dha-jeten-mes-flakeve-duke-shpetuar-te-tjeret-shpallet-deshmor-i-atdheut-arjan-sala\/","title":{"rendered":"Dha jet\u00ebn mes flak\u00ebve duke shp\u00ebtuar t\u00eb tjer\u00ebt, shpallet \u201cD\u00ebshmor i Atdheut\u201d Arjan Sala","gt_translate_keys":[{"key":"rendered","format":"text"}]},"content":{"rendered":"<p><a href=\"https:\/\/hashtag.al\/wp-content\/uploads\/2021\/03\/arjan-sala-1.jpg\"><img loading=\"lazy\" decoding=\"async\" class=\"aligncenter size-full wp-image-439425\" src=\"https:\/\/hashtag.al\/wp-content\/uploads\/2021\/03\/arjan-sala-1.jpg\" alt=\"\" width=\"2000\" height=\"1054\" srcset=\"https:\/\/www.hashtag.al\/wp-content\/uploads\/2021\/03\/arjan-sala-1.jpg 2000w, https:\/\/www.hashtag.al\/wp-content\/uploads\/2021\/03\/arjan-sala-1-300x158.jpg 300w, https:\/\/www.hashtag.al\/wp-content\/uploads\/2021\/03\/arjan-sala-1-768x405.jpg 768w, https:\/\/www.hashtag.al\/wp-content\/uploads\/2021\/03\/arjan-sala-1-1024x540.jpg 1024w\" sizes=\"auto, (max-width: 2000px) 100vw, 2000px\" \/><\/a><\/p>\n<p><span style=\"color: #000000;\">Tanim\u00eb \u00ebsht\u00eb zyrtare. 33-vje\u00e7ari q\u00eb humbi jet\u00ebn mes flak\u00ebve n\u00eb magazin\u00ebn e nj\u00eb qendre tregtare pran\u00eb kthes\u00ebs s\u00eb Kamz\u00ebs, \u00ebsht\u00eb shpallur sot \u2018D\u00ebshmor i Atdheut\u2019.<\/span><\/p>\n<p><span style=\"color: #000000;\">Vendimi \u00ebsht\u00eb firmosur nga ministri i Mbrojtjes Niko Peleshi.<\/span><\/p>\n<p><span style=\"color: #000000;\">K\u00ebt\u00eb titull pritet q\u00eb t\u2019ua dor\u00ebzoj\u00eb familjar\u00ebve t\u00eb tij, kryeministri Edi Rama n\u00eb vizit\u00ebn q\u00eb do t\u00eb zhvilloj\u00eb sot n\u00eb sht\u00ebpin\u00eb e Sal\u00ebs.<\/span><\/p>\n<p><span style=\"color: #000000;\">Kujtojm\u00eb se i riu, i cili punonte si shef i siguris\u00eb n\u00eb qendr\u00ebn tregtare ku ra zjarri, hyri mes flak\u00ebve n\u00eb magazin\u00eb duke shp\u00ebtuar 25 persona, por vet\u00eb u bllokua dhe nd\u00ebrroi jet\u00eb.<\/span><\/p>\n<p><span style=\"color: #000000;\">Trupi i tij i pajet\u00eb u gjet vet\u00ebm pas 60 or\u00eb k\u00ebrkimesh n\u00eb nj\u00eb dhom\u00eb t\u00eb vog\u00ebl n\u00eb katin minus 1 t\u00eb k\u00ebsaj godine, ku kishte r\u00ebn\u00eb dhe zjarri.<\/span><\/p>\n","protected":false,"gt_translate_keys":[{"key":"rendered","format":"html"}]},"excerpt":{"rendered":"<p>Tanim\u00eb \u00ebsht\u00eb zyrtare. 33-vje\u00e7ari q\u00eb humbi jet\u00ebn mes flak\u00ebve n\u00eb magazin\u00ebn e nj\u00eb qendre tregtare pran\u00eb kthes\u00ebs s\u00eb Kamz\u00ebs, \u00ebsht\u00eb shpallur sot \u2018D\u00ebshmor i Atdheut\u2019. Vendimi \u00ebsht\u00eb firmosur nga ministri i Mbrojtjes Niko Peleshi. K\u00ebt\u00eb titull pritet q\u00eb t\u2019ua dor\u00ebzoj\u00eb familjar\u00ebve t\u00eb tij, kryeministri Edi Rama n\u00eb vizit\u00ebn q\u00eb do t\u00eb zhvilloj\u00eb sot n\u00eb sht\u00ebpin\u00eb [&hellip;]<\/p>\n","protected":false,"gt_translate_keys":[{"key":"rendered","format":"html"}]},"author":30,"featured_media":439425,"comment_status":"open","ping_status":"open","sticky":false,"template":"","format":"standard","meta":{"footnotes":""},"categories":[65,13],"tags":[],"class_list":["post-439424","post","type-post","status-publish","format-standard","has-post-thumbnail","hentry","category-lajme","category-te-fundit"],"gt_translate_keys":[{"key":"link","format":"url"}],"_links":{"self":[{"href":"https:\/\/www.hashtag.al\/index.php\/wp-json\/wp\/v2\/posts\/439424","targetHints":{"allow":["GET"]}}],"collection":[{"href":"https:\/\/www.hashtag.al\/index.php\/wp-json\/wp\/v2\/posts"}],"about":[{"href":"https:\/\/www.hashtag.al\/index.php\/wp-json\/wp\/v2\/types\/post"}],"author":[{"embeddable":true,"href":"https:\/\/www.hashtag.al\/index.php\/wp-json\/wp\/v2\/users\/30"}],"replies":[{"embeddable":true,"href":"https:\/\/www.hashtag.al\/index.php\/wp-json\/wp\/v2\/comments?post=439424"}],"version-history":[{"count":0,"href":"https:\/\/www.hashtag.al\/index.php\/wp-json\/wp\/v2\/posts\/439424\/revisions"}],"wp:featuredmedia":[{"embeddable":true,"href":"https:\/\/www.hashtag.al\/index.php\/wp-json\/wp\/v2\/media\/439425"}],"wp:attachment":[{"href":"https:\/\/www.hashtag.al\/index.php\/wp-json\/wp\/v2\/media?parent=439424"}],"wp:term":[{"taxonomy":"category","embeddable":true,"href":"https:\/\/www.hashtag.al\/index.php\/wp-json\/wp\/v2\/categories?post=439424"},{"taxonomy":"post_tag","embeddable":true,"href":"https:\/\/www.hashtag.al\/index.php\/wp-json\/wp\/v2\/tags?post=439424"}],"curies":[{"name":"wp","href":"https:\/\/api.w.org\/{rel}","templated":true}]}}