{"id":439172,"date":"2021-03-28T08:52:33","date_gmt":"2021-03-28T06:52:33","guid":{"rendered":"https:\/\/hashtag.al\/?p=439172"},"modified":"2021-03-28T08:52:33","modified_gmt":"2021-03-28T06:52:33","slug":"nis-sot-vaksinimi-masiv-ngrihet-cadra-te-sheshi-skenderbej","status":"publish","type":"post","link":"https:\/\/www.hashtag.al\/index.php\/2021\/03\/28\/nis-sot-vaksinimi-masiv-ngrihet-cadra-te-sheshi-skenderbej\/","title":{"rendered":"Nis sot vaksinimi masiv, ngrihet \u00e7adra te sheshi Sk\u00ebnderbej","gt_translate_keys":[{"key":"rendered","format":"text"}]},"content":{"rendered":"<p><span style=\"color: #000000;\"><img loading=\"lazy\" decoding=\"async\" class=\"aligncenter size-full wp-image-439173\" src=\"https:\/\/hashtag.al\/wp-content\/uploads\/2021\/03\/Screenshot_20210328-085059_Facebook.jpg\" alt=\"\" width=\"978\" height=\"586\" srcset=\"https:\/\/www.hashtag.al\/wp-content\/uploads\/2021\/03\/Screenshot_20210328-085059_Facebook.jpg 978w, https:\/\/www.hashtag.al\/wp-content\/uploads\/2021\/03\/Screenshot_20210328-085059_Facebook-300x180.jpg 300w, https:\/\/www.hashtag.al\/wp-content\/uploads\/2021\/03\/Screenshot_20210328-085059_Facebook-768x460.jpg 768w\" sizes=\"auto, (max-width: 978px) 100vw, 978px\" \/><\/span><\/p>\n<p><span style=\"color: #000000;\">Dit\u00ebn e sotme n\u00eb sheshin \u201cSk\u00ebnderbej\u201d nis procesi i vaksinimit masiv me vaksin\u00ebn kineze, duke filluar me t\u00eb moshuarit mbi 70 vje\u00e7, t\u00eb cil\u00ebt jan\u00eb lajm\u00ebruar nga qendrat sh\u00ebndet\u00ebsore sipas rendit alfabetik.<\/span><\/p>\n<p><span style=\"color: #000000;\">N\u00eb hap\u00ebsir\u00ebn e sheshit \u201cSk\u00ebnderbej\u201d nisen mbr\u00ebmjen e s\u00eb shtun\u00ebs p\u00ebrgatitjet p\u00ebr ngritjen tendave q\u00eb do t\u00eb sh\u00ebrbejn\u00eb si qendra vaksinimi.<\/span><\/p>\n<p><span style=\"color: #000000;\">Qendra e vaksinimit n\u00eb Tiran\u00eb \u00ebsht\u00eb zhvendosut nga Stadiumi &#8220;Air Albania&#8221; te Sheshi Sk\u00ebnderbej.\u00a0<\/span><\/p>\n","protected":false,"gt_translate_keys":[{"key":"rendered","format":"html"}]},"excerpt":{"rendered":"<p>Dit\u00ebn e sotme n\u00eb sheshin \u201cSk\u00ebnderbej\u201d nis procesi i vaksinimit masiv me vaksin\u00ebn kineze, duke filluar me t\u00eb moshuarit mbi 70 vje\u00e7, t\u00eb cil\u00ebt jan\u00eb lajm\u00ebruar nga qendrat sh\u00ebndet\u00ebsore sipas rendit alfabetik. N\u00eb hap\u00ebsir\u00ebn e sheshit \u201cSk\u00ebnderbej\u201d nisen mbr\u00ebmjen e s\u00eb shtun\u00ebs p\u00ebrgatitjet p\u00ebr ngritjen tendave q\u00eb do t\u00eb sh\u00ebrbejn\u00eb si qendra vaksinimi. Qendra e [&hellip;]<\/p>\n","protected":false,"gt_translate_keys":[{"key":"rendered","format":"html"}]},"author":32,"featured_media":439173,"comment_status":"open","ping_status":"open","sticky":false,"template":"","format":"standard","meta":{"footnotes":""},"categories":[65,13],"tags":[],"class_list":["post-439172","post","type-post","status-publish","format-standard","has-post-thumbnail","hentry","category-lajme","category-te-fundit"],"gt_translate_keys":[{"key":"link","format":"url"}],"_links":{"self":[{"href":"https:\/\/www.hashtag.al\/index.php\/wp-json\/wp\/v2\/posts\/439172","targetHints":{"allow":["GET"]}}],"collection":[{"href":"https:\/\/www.hashtag.al\/index.php\/wp-json\/wp\/v2\/posts"}],"about":[{"href":"https:\/\/www.hashtag.al\/index.php\/wp-json\/wp\/v2\/types\/post"}],"author":[{"embeddable":true,"href":"https:\/\/www.hashtag.al\/index.php\/wp-json\/wp\/v2\/users\/32"}],"replies":[{"embeddable":true,"href":"https:\/\/www.hashtag.al\/index.php\/wp-json\/wp\/v2\/comments?post=439172"}],"version-history":[{"count":0,"href":"https:\/\/www.hashtag.al\/index.php\/wp-json\/wp\/v2\/posts\/439172\/revisions"}],"wp:featuredmedia":[{"embeddable":true,"href":"https:\/\/www.hashtag.al\/index.php\/wp-json\/wp\/v2\/media\/439173"}],"wp:attachment":[{"href":"https:\/\/www.hashtag.al\/index.php\/wp-json\/wp\/v2\/media?parent=439172"}],"wp:term":[{"taxonomy":"category","embeddable":true,"href":"https:\/\/www.hashtag.al\/index.php\/wp-json\/wp\/v2\/categories?post=439172"},{"taxonomy":"post_tag","embeddable":true,"href":"https:\/\/www.hashtag.al\/index.php\/wp-json\/wp\/v2\/tags?post=439172"}],"curies":[{"name":"wp","href":"https:\/\/api.w.org\/{rel}","templated":true}]}}