{"id":439042,"date":"2021-03-27T11:59:51","date_gmt":"2021-03-27T10:59:51","guid":{"rendered":"https:\/\/hashtag.al\/?p=439042"},"modified":"2021-03-27T11:59:51","modified_gmt":"2021-03-27T10:59:51","slug":"basha-me-25-prill-fillon-ndryshimi-do-prije-bashkimin-e-te-gjithe-shqiptareve","status":"publish","type":"post","link":"https:\/\/www.hashtag.al\/index.php\/2021\/03\/27\/basha-me-25-prill-fillon-ndryshimi-do-prije-bashkimin-e-te-gjithe-shqiptareve\/","title":{"rendered":"Basha: M\u00eb 25 prill fillon ndryshimi, do prij\u00eb bashkimin e t\u00eb gjith\u00eb shqiptar\u00ebve","gt_translate_keys":[{"key":"rendered","format":"text"}]},"content":{"rendered":"<p><span style=\"color: #000000;\"><img loading=\"lazy\" decoding=\"async\" class=\"aligncenter size-full wp-image-439043\" src=\"https:\/\/hashtag.al\/wp-content\/uploads\/2021\/03\/Basha-njesia-11-1.jpeg\" alt=\"\" width=\"1024\" height=\"682\" srcset=\"https:\/\/www.hashtag.al\/wp-content\/uploads\/2021\/03\/Basha-njesia-11-1.jpeg 1024w, https:\/\/www.hashtag.al\/wp-content\/uploads\/2021\/03\/Basha-njesia-11-1-300x200.jpeg 300w, https:\/\/www.hashtag.al\/wp-content\/uploads\/2021\/03\/Basha-njesia-11-1-768x512.jpeg 768w\" sizes=\"auto, (max-width: 1024px) 100vw, 1024px\" \/><\/span><\/p>\n<p><span style=\"color: #000000;\">Kryetari i Partis\u00eb Demokratike Lulzim Basha ishte sot n\u00eb nj\u00ebsin\u00eb 11 n\u00eb kryeqytet, ku \u00ebsht\u00eb takuar me qytetar\u00ebt, ka par\u00eb nga af\u00ebr gjendjen e tyre dhe ka d\u00ebgjuar shqet\u00ebsimet q\u00eb i kan\u00eb p\u00ebrcjell\u00eb.<\/span><\/p>\n<p><span style=\"color: #000000;\">Qytetar\u00ebt fol\u00ebn p\u00ebr nj\u00eb situat\u00eb ekonomike dhe sociale shum\u00eb e v\u00ebshtir\u00eb, nd\u00ebrsa biznesi sipas tyre rrezikon t\u00eb shkoj\u00eb drejt falimentimit.<\/span><\/p>\n<p><span style=\"color: #000000;\">Basha tha se situata do t\u00eb ndryshoj\u00eb m\u00eb 25 prill dhe k\u00ebtij ndryshimi do t\u2019i prij\u00eb bashkimi i t\u00eb gjith\u00eb shqiptar\u00ebve.<\/span><\/p>\n<p><span style=\"color: #000000;\"><strong>Lulzim Basha:<\/strong> Ma merr mendja q\u00eb shumica e lek\u00ebve vijn\u00eb nga emigrant\u00ebt apo jo?<\/span><\/p>\n<p><span style=\"color: #000000;\"><strong>Qytetari:<\/strong>\u00a0Absolutisht po dhe me hallet tani q\u00eb ka r\u00ebn\u00eb pandemia k\u00ebto shum\u00eb m\u00eb pak.<\/span><\/p>\n<p><span style=\"color: #000000;\"><strong>Lulzim Basha:<\/strong> Shum\u00eb m\u00eb pak t\u00eb ardhura?<\/span><\/p>\n<p><span style=\"color: #000000;\"><strong>Qytetari:<\/strong>\u00a0Jasht\u00ebzakonisht! Me e krahasu me dy vitet para, jemi shum\u00eb dob\u00ebt \u00ebsht\u00eb jasht\u00ebzakonisht shum\u00eb dob\u00ebt!<\/span><\/p>\n<p><span style=\"color: #000000;\"><strong>Lulzim Basha:<\/strong> Edhe nevojat e familjeve k\u00ebtu jan\u00eb m\u00eb t\u00eb larta se shpenzimet p\u00ebr ila\u00e7et e pandemis\u00eb jan\u00eb shum\u00eb m\u00eb t\u00eb larta.<\/span><\/p>\n<p><span style=\"color: #000000;\"><strong>Qytetari:<\/strong>\u00a0\u00c7mimet jan\u00eb rritur puna ka r\u00ebn\u00eb, dometh\u00ebn\u00eb rrim\u00eb n\u00eb k\u00ebmb\u00eb me 500 zor i bie.\u201d<\/span><\/p>\n<p><span style=\"color: #000000;\">\u201c<em>Ai m\u00eb mat taks\u00ebn mua e m\u00eb thot\u00eb, un\u00eb taksat i kam zero. Ja taksat e bashkis\u00eb q\u00eb derdhen p\u00ebr nj\u00eb vit. 170 mij\u00eb lek\u00eb me tre met\u00ebr katror vend. Ja me kas\u00eb me t\u00eb gjitha. Me t\u00eb gjitha rregullat. Vet\u00eb i pesti k\u00ebtu. Kam me qira k\u00ebtu, qira n\u00eb shpi, me kalamaj me t\u00eb gjitha dhe s\u2019do t\u2019ia dij\u00eb i biri i bot\u00ebs. Thot\u00eb aty e ke kok\u00ebn do t\u00eb shtyp me k\u00ebmb\u00eb thot\u00eb, edhe akoma del edhe thot\u00eb un\u00eb kam b\u00ebr\u00eb mrekulli. Ku jan\u00eb mrekullit\u00eb e\u00a0 k\u00ebtij personi? Un\u00eb jam shum\u00eb i irrituar me k\u00ebt\u00eb njeri<\/em>\u201d-u shpreh nj\u00eb qytetar tjet\u00ebr.<\/span><\/p>\n<p><span style=\"color: #000000;\"><strong>Lulzim Basha:<\/strong>\u00a0Ti vet\u00eb si je?<\/span><\/p>\n<p><span style=\"color: #000000;\"><strong>Qytetari:<\/strong>\u00a0Mir\u00eb.<\/span><\/p>\n<p><span style=\"color: #000000;\"><strong>Lulzim Basha:<\/strong>\u00a0Puna keq fare?<\/span><\/p>\n<p><span style=\"color: #000000;\"><strong>Qytetari:<\/strong>\u00a0Puna keq fare! Presim 25 prillin.<\/span><\/p>\n<p><span style=\"color: #000000;\"><strong>Lulzim Basha:<\/strong>\u00a0Prisni ndryshimin.<\/span><\/p>\n<p><span style=\"color: #000000;\"><strong>Qytetari:<\/strong>\u00a0Ose e mbyllim fare, ose e hapim.<\/span><\/p>\n<p><span style=\"color: #000000;\">\u201c<em>25 \u00ebsht\u00eb dit\u00eb ndryshimi! 25 \u00ebsht\u00eb dit\u00eb fitoreje p\u00ebr t\u00eb gjith\u00eb shqiptar\u00ebt! \u00cbsht\u00eb dit\u00eb shprese dhe besimi se Shqip\u00ebria ka shum\u00eb pasuri ve\u00e7 i kan\u00eb z\u00ebn\u00eb dy veta, pes\u00eb veta, 10 veta p\u00ebr veten e tyre. Ne do i \u00e7lirojm\u00eb e do i japim oksigjen e frym\u00ebmarrje juve si sip\u00ebrmarrje, familjeve shqiptare edhe f\u00ebmij\u00ebve shqiptar\u00eb. K\u00ebshtu q\u00eb t\u00eb b\u00ebhemi t\u00eb gjith\u00eb bashk\u00eb e t\u00eb gjith\u00eb n\u00eb kutin e votimit me 25 prill<\/em>\u201d- tha Basha.<\/span><\/p>\n<p><span style=\"color: #000000;\">Basha gjithashtu pati nj\u00eb pritje t\u00eb ve\u00e7ant\u00eb nga simpatizant t\u00eb k\u00ebsaj zone. Duke i fal\u00ebnderuar p\u00ebr k\u00ebt\u00eb surpriz\u00eb, ai u shpreh se vota n\u00eb 25 prill \u00ebsht\u00eb nisja e nj\u00eb vizioni t\u00eb ri p\u00ebr Shqip\u00ebrin\u00eb dhe b\u00ebrjen realitet t\u00eb planeve.<\/span><\/p>\n<p><span style=\"color: #000000;\">\u201c<em>Surpriza juaj, e mrekullueshme. Faleminderit! 25 Prilli t\u00eb jet\u00eb nj\u00eb dit\u00eb e bashkimit dhe e fitores p\u00ebr t\u00eb gjith\u00eb shqiptar\u00ebt. Natyrisht, m\u00eb takon mua dhe Partis\u00eb Demokratike ta drejtojm\u00eb ndryshimin q\u00eb mezi prisni t\u00eb gjith\u00eb. Ndryshim n\u00eb ekonomi, ndryshim n\u00eb arsim, ndryshim n\u00eb paga, pensione, n\u00eb shpres\u00eb dhe n\u00eb besim. Ndryshim p\u00ebr rinin\u00eb, ndryshim p\u00ebr gjysh\u00ebrit dhe gjyshet shqiptare. \u00cbsht\u00eb plot\u00ebsisht i mundur sepse kemi besimin, kemi vizionet, kemi planin dhe vendosm\u00ebrin\u00eb dhe p\u00ebrvoj\u00ebn p\u00ebr t\u00eb filluar p\u00ebr t\u2019i b\u00ebr\u00eb k\u00ebto plane realitet p\u00ebr t\u00eb gjith\u00eb qytetar\u00ebt. Kontrasti \u00ebsht\u00eb i qart\u00eb, gjithmon\u00eb e m\u00eb shum\u00eb shqiptar\u00eb po na bashkohen p\u00ebr ndryshimin dhe besojn\u00eb te ndryshimi dhe e kuptojn\u00eb se ndryshimi do t\u00eb vij\u00eb vet\u00ebm kur t\u00eb jemi t\u00eb gjith\u00eb bashk\u00eb kund\u00ebr nj\u00eb grushti t\u00eb vog\u00ebl q\u00eb nuk e do ndryshimin se ju p\u00eblqen k\u00ebshtu<\/em>\u201d-u shpreh Basha.<\/span><\/p>\n","protected":false,"gt_translate_keys":[{"key":"rendered","format":"html"}]},"excerpt":{"rendered":"<p>Kryetari i Partis\u00eb Demokratike Lulzim Basha ishte sot n\u00eb nj\u00ebsin\u00eb 11 n\u00eb kryeqytet, ku \u00ebsht\u00eb takuar me qytetar\u00ebt, ka par\u00eb nga af\u00ebr gjendjen e tyre dhe ka d\u00ebgjuar shqet\u00ebsimet q\u00eb i kan\u00eb p\u00ebrcjell\u00eb. Qytetar\u00ebt fol\u00ebn p\u00ebr nj\u00eb situat\u00eb ekonomike dhe sociale shum\u00eb e v\u00ebshtir\u00eb, nd\u00ebrsa biznesi sipas tyre rrezikon t\u00eb shkoj\u00eb drejt falimentimit. Basha tha [&hellip;]<\/p>\n","protected":false,"gt_translate_keys":[{"key":"rendered","format":"html"}]},"author":32,"featured_media":439043,"comment_status":"open","ping_status":"open","sticky":false,"template":"","format":"standard","meta":{"footnotes":""},"categories":[65,13],"tags":[],"class_list":["post-439042","post","type-post","status-publish","format-standard","has-post-thumbnail","hentry","category-lajme","category-te-fundit"],"gt_translate_keys":[{"key":"link","format":"url"}],"_links":{"self":[{"href":"https:\/\/www.hashtag.al\/index.php\/wp-json\/wp\/v2\/posts\/439042","targetHints":{"allow":["GET"]}}],"collection":[{"href":"https:\/\/www.hashtag.al\/index.php\/wp-json\/wp\/v2\/posts"}],"about":[{"href":"https:\/\/www.hashtag.al\/index.php\/wp-json\/wp\/v2\/types\/post"}],"author":[{"embeddable":true,"href":"https:\/\/www.hashtag.al\/index.php\/wp-json\/wp\/v2\/users\/32"}],"replies":[{"embeddable":true,"href":"https:\/\/www.hashtag.al\/index.php\/wp-json\/wp\/v2\/comments?post=439042"}],"version-history":[{"count":0,"href":"https:\/\/www.hashtag.al\/index.php\/wp-json\/wp\/v2\/posts\/439042\/revisions"}],"wp:featuredmedia":[{"embeddable":true,"href":"https:\/\/www.hashtag.al\/index.php\/wp-json\/wp\/v2\/media\/439043"}],"wp:attachment":[{"href":"https:\/\/www.hashtag.al\/index.php\/wp-json\/wp\/v2\/media?parent=439042"}],"wp:term":[{"taxonomy":"category","embeddable":true,"href":"https:\/\/www.hashtag.al\/index.php\/wp-json\/wp\/v2\/categories?post=439042"},{"taxonomy":"post_tag","embeddable":true,"href":"https:\/\/www.hashtag.al\/index.php\/wp-json\/wp\/v2\/tags?post=439042"}],"curies":[{"name":"wp","href":"https:\/\/api.w.org\/{rel}","templated":true}]}}