{"id":439019,"date":"2021-03-27T09:50:35","date_gmt":"2021-03-27T08:50:35","guid":{"rendered":"https:\/\/hashtag.al\/?p=439019"},"modified":"2021-03-27T09:50:35","modified_gmt":"2021-03-27T08:50:35","slug":"me-7-femije-ne-shtepi-dhe-jetesa-vetem-me-pensionin-e-bashkeshortit-te-ndjere-kryefamiljarja-ne-tirane-braktiset-nga-shteti","status":"publish","type":"post","link":"https:\/\/www.hashtag.al\/index.php\/2021\/03\/27\/me-7-femije-ne-shtepi-dhe-jetesa-vetem-me-pensionin-e-bashkeshortit-te-ndjere-kryefamiljarja-ne-tirane-braktiset-nga-shteti\/","title":{"rendered":"Me 7 f\u00ebmij\u00eb n\u00eb sht\u00ebpi dhe jetesa vet\u00ebm me pensionin e bashk\u00ebshortit t\u00eb ndjer\u00eb, kryefamiljarja n\u00eb Tiran\u00eb braktiset nga shteti","gt_translate_keys":[{"key":"rendered","format":"text"}]},"content":{"rendered":"<p><span style=\"color: #000000;\"><img loading=\"lazy\" decoding=\"async\" class=\"aligncenter size-full wp-image-439020\" src=\"https:\/\/hashtag.al\/wp-content\/uploads\/2021\/03\/kryefamiljarja.jpg\" alt=\"\" width=\"2000\" height=\"1000\" srcset=\"https:\/\/www.hashtag.al\/wp-content\/uploads\/2021\/03\/kryefamiljarja.jpg 2000w, https:\/\/www.hashtag.al\/wp-content\/uploads\/2021\/03\/kryefamiljarja-300x150.jpg 300w, https:\/\/www.hashtag.al\/wp-content\/uploads\/2021\/03\/kryefamiljarja-768x384.jpg 768w, https:\/\/www.hashtag.al\/wp-content\/uploads\/2021\/03\/kryefamiljarja-1024x512.jpg 1024w\" sizes=\"auto, (max-width: 2000px) 100vw, 2000px\" \/><\/span><\/p>\n<p><span style=\"color: #000000;\">Drejtuesi i fushat\u00ebs s\u00eb PD-s\u00eb, Alfred Rushaj dit\u00ebn e djeshme ka ndar\u00eb historin\u00eb e nj\u00eb kryefamiljare n\u00eb v\u00ebshtir\u00ebsi ekonomike e cila \u00ebsht\u00eb braktisur nga autoritetet shtet\u00ebrore.<\/span><\/p>\n<p><span style=\"color: #000000;\">Kryefamiljarja tregon n\u00eb prani t\u00eb Rushajt se ka 9 f\u00ebmij\u00eb, 7 prej t\u00eb cil\u00ebve q\u00eb jetojn\u00eb me t\u00eb dhe q\u00eb marrin vet\u00ebm nj\u00eb pension social t\u00eb bashk\u00ebshortit t\u00eb saj t\u00eb ndjer\u00eb.<\/span><\/p>\n<p><span style=\"color: #000000;\">M\u00eb tej ajo thot\u00eb se merr ushqime me borxhe dhe ndihmohet nga shoqatat nd\u00ebrsa nga autoritetet i japin 2-3 muaj ndihm\u00eb ekonomike dhe m\u00eb pas ia nd\u00ebrpresin.<\/span><\/p>\n<p><span style=\"color: #000000;\">Nd\u00ebrsa me pensionin social q\u00eb merr i dihet t\u00eb paguaj\u00eb fatur\u00ebn e energjis\u00eb elektrike.<\/span><\/p>\n<p><span style=\"color: #000000;\">Nga ana tjet\u00ebr Rushaj shkruan se pas 25 prillit do dyfishohet asistenca ekonomike p\u00ebr familjet n\u00eb nevoj\u00eb dhe do mb\u00ebshten f\u00ebmij\u00ebt q\u00eb kan\u00eb humbur nj\u00ebrin prin me strehim dhe ndihm\u00eb ekonomike.<\/span><\/p>\n<p><span style=\"color: #000000;\">\u201c<em>Nj\u00eb kryefamiljare n\u00eb v\u00ebshtir\u00ebsi, me t\u00eb cil\u00ebn luajn\u00eb me dh\u00ebnien dhe heqjen e ndihm\u00ebs ekonomike. Qeveria ka detyr\u00eb t\u00eb ndihmoj\u00eb me politikat e saj qytetar\u00ebt n\u00eb v\u00ebshtir\u00ebsi. <\/em><\/span><\/p>\n<p><span style=\"color: #000000;\"><em>Do t\u00eb dyfishojm\u00eb menj\u00ebher\u00eb pas 25 prillit asistenc\u00ebn ekonomike p\u00ebr t\u00eb gjitha familjet n\u00eb nevoj\u00eb.<\/em><\/span><\/p>\n<p><span style=\"color: #000000;\"><em>Angazhohemi q\u00eb t\u00eb mb\u00ebshtesim f\u00ebmij\u00ebt q\u00eb kan\u00eb humbur nj\u00ebrin nga prind\u00ebrit, duke p\u00ebrfshir\u00eb strehimin, ndihm\u00ebn ekonomike, leht\u00ebsit\u00eb p\u00ebr arsimimin, tekstet shkollore, bursat studentore, pagesat p\u00ebr konviktet apo leht\u00ebsirat n\u00eb transportin urban<\/em>\u201d-shkruan Rushaj.<\/span><\/p>\n<p><iframe loading=\"lazy\" style=\"border: none; overflow: hidden;\" src=\"https:\/\/www.facebook.com\/plugins\/video.php?height=314&amp;href=https%3A%2F%2Fwww.facebook.com%2Frushaj.alfred%2Fvideos%2F723043355003937%2F&amp;show_text=false&amp;width=560\" width=\"560\" height=\"314\" frameborder=\"0\" scrolling=\"no\" allowfullscreen=\"allowfullscreen\"><\/iframe><\/p>\n","protected":false,"gt_translate_keys":[{"key":"rendered","format":"html"}]},"excerpt":{"rendered":"<p>Drejtuesi i fushat\u00ebs s\u00eb PD-s\u00eb, Alfred Rushaj dit\u00ebn e djeshme ka ndar\u00eb historin\u00eb e nj\u00eb kryefamiljare n\u00eb v\u00ebshtir\u00ebsi ekonomike e cila \u00ebsht\u00eb braktisur nga autoritetet shtet\u00ebrore. Kryefamiljarja tregon n\u00eb prani t\u00eb Rushajt se ka 9 f\u00ebmij\u00eb, 7 prej t\u00eb cil\u00ebve q\u00eb jetojn\u00eb me t\u00eb dhe q\u00eb marrin vet\u00ebm nj\u00eb pension social t\u00eb bashk\u00ebshortit t\u00eb saj [&hellip;]<\/p>\n","protected":false,"gt_translate_keys":[{"key":"rendered","format":"html"}]},"author":32,"featured_media":439020,"comment_status":"open","ping_status":"open","sticky":false,"template":"","format":"standard","meta":{"footnotes":""},"categories":[65,13],"tags":[],"class_list":["post-439019","post","type-post","status-publish","format-standard","has-post-thumbnail","hentry","category-lajme","category-te-fundit"],"gt_translate_keys":[{"key":"link","format":"url"}],"_links":{"self":[{"href":"https:\/\/www.hashtag.al\/index.php\/wp-json\/wp\/v2\/posts\/439019","targetHints":{"allow":["GET"]}}],"collection":[{"href":"https:\/\/www.hashtag.al\/index.php\/wp-json\/wp\/v2\/posts"}],"about":[{"href":"https:\/\/www.hashtag.al\/index.php\/wp-json\/wp\/v2\/types\/post"}],"author":[{"embeddable":true,"href":"https:\/\/www.hashtag.al\/index.php\/wp-json\/wp\/v2\/users\/32"}],"replies":[{"embeddable":true,"href":"https:\/\/www.hashtag.al\/index.php\/wp-json\/wp\/v2\/comments?post=439019"}],"version-history":[{"count":0,"href":"https:\/\/www.hashtag.al\/index.php\/wp-json\/wp\/v2\/posts\/439019\/revisions"}],"wp:featuredmedia":[{"embeddable":true,"href":"https:\/\/www.hashtag.al\/index.php\/wp-json\/wp\/v2\/media\/439020"}],"wp:attachment":[{"href":"https:\/\/www.hashtag.al\/index.php\/wp-json\/wp\/v2\/media?parent=439019"}],"wp:term":[{"taxonomy":"category","embeddable":true,"href":"https:\/\/www.hashtag.al\/index.php\/wp-json\/wp\/v2\/categories?post=439019"},{"taxonomy":"post_tag","embeddable":true,"href":"https:\/\/www.hashtag.al\/index.php\/wp-json\/wp\/v2\/tags?post=439019"}],"curies":[{"name":"wp","href":"https:\/\/api.w.org\/{rel}","templated":true}]}}