{"id":439016,"date":"2021-03-27T09:35:47","date_gmt":"2021-03-27T08:35:47","guid":{"rendered":"https:\/\/hashtag.al\/?p=439016"},"modified":"2021-03-27T09:35:47","modified_gmt":"2021-03-27T08:35:47","slug":"meta-reagon-pas-gjetjes-te-trupit-te-salajt-hero-u-veteflijua-per-te-shpetuar-jeten-e-te-tjereve","status":"publish","type":"post","link":"https:\/\/www.hashtag.al\/index.php\/2021\/03\/27\/meta-reagon-pas-gjetjes-te-trupit-te-salajt-hero-u-veteflijua-per-te-shpetuar-jeten-e-te-tjereve\/","title":{"rendered":"Meta reagon pas gjetjes t\u00eb trupit t\u00eb Salajt: Hero, u vet\u00ebflijua p\u00ebr t\u00eb shp\u00ebtuar jet\u00ebn e t\u00eb tjer\u00ebve","gt_translate_keys":[{"key":"rendered","format":"text"}]},"content":{"rendered":"<p><span style=\"color: #000000;\"><img loading=\"lazy\" decoding=\"async\" class=\"aligncenter size-full wp-image-439017\" src=\"https:\/\/hashtag.al\/wp-content\/uploads\/2021\/03\/meta-sala.jpg\" alt=\"\" width=\"600\" height=\"400\" srcset=\"https:\/\/www.hashtag.al\/wp-content\/uploads\/2021\/03\/meta-sala.jpg 600w, https:\/\/www.hashtag.al\/wp-content\/uploads\/2021\/03\/meta-sala-300x200.jpg 300w\" sizes=\"auto, (max-width: 600px) 100vw, 600px\" \/><\/span><\/p>\n<p><span style=\"color: #000000;\">Kreu i Shtetit Ilir Meta ka reaguar pas gjetjes n\u00eb or\u00ebt e para t\u00eb m\u00ebngjesit t\u00eb sot\u00ebm t\u00eb Arjan Salajt i cili u fut mes flak\u00ebve p\u00ebr t\u00eb shp\u00ebtuar punonj\u00ebsit e tjer\u00eb n\u00eb magazin\u00ebn e qendr\u00ebs \u201cCasa Italia\u201d n\u00eb Tiran\u00eb.<\/span><\/p>\n<p><span style=\"color: #000000;\">Pas tre dit\u00ebsh n\u00eb flak\u00eb Sala trupi i tij u gjet dit\u00ebn e sotme.<\/span><\/p>\n<p><span style=\"color: #000000;\">Meta shpreh mir\u00ebnjohje t\u00eb thell\u00eb p\u00ebr Salaj i cili u vet\u00ebflijua p\u00ebr t\u00eb shp\u00ebtuar jet\u00ebn e shum\u00eb qytetar\u00ebve t\u00eb tjer\u00eb.<\/span><\/p>\n<p><span style=\"color: #000000;\">\u201c<em>Shum\u00eb dhembje, mir\u00ebnjohje e respekt t\u00eb thell\u00eb p\u00ebr k\u00ebt\u00eb njeri t\u00eb jasht\u00ebzakonsh\u00ebm, q\u00eb n\u00eb kushte shum\u00eb t\u00eb v\u00ebshtira, me ndjenj\u00ebn e lart\u00eb t\u00eb p\u00ebrmbushjes s\u00eb detyr\u00ebs, shp\u00ebtoi jet\u00ebn e shum\u00eb qytetar\u00ebve duke qen\u00eb i nd\u00ebrgjegjsh\u00ebm se po humbte jet\u00ebn e tij.<\/em><\/span><\/p>\n<p><span style=\"color: #000000;\"><em>Me sakrific\u00ebn sublime, Arjan Sala hyri n\u00eb zemrat tona p\u00ebr t\u2019u p\u00ebrjet\u00ebsuar si simbol i vet\u00ebmohimit, i dashuris\u00eb p\u00ebr njer\u00ebzit, shembull i mir\u00ebsis\u00eb dhe i vlerave m\u00eb t\u00eb larta humane.<\/em><\/span><\/p>\n<p><span style=\"color: #000000;\"><em>Mbi vet\u00ebflijimin e Tij uroj t\u00eb nd\u00ebrtohet nj\u00eb shtet m\u00eb njer\u00ebzor, m\u00eb i dhembshur, m\u00eb social dhe m\u00eb reagues, q\u00eb nuk i braktis njer\u00ebzit n\u00eb nevoj\u00eb n\u00eb momentet m\u00eb t\u00eb v\u00ebshtira, por q\u00eb mendon p\u00ebr ta dhe i respekton me p\u00ebrul\u00ebsi \u00e7do dit\u00eb Heronjt\u00eb e thjesht\u00eb e t\u00eb heshtur dhe sakrificat e tyre n\u00eb sh\u00ebrbim t\u00eb komunitetit.<\/em><\/span><\/p>\n<p><span style=\"color: #000000;\"><em>Ngush\u00ebllimet m\u00eb t\u00eb ndjera familjes!<\/em><\/span><\/p>\n<p><span style=\"color: #000000;\"><em>Lutemi q\u00eb shpirti i Heroit ton\u00eb Arjan Sala t\u00eb prehet n\u00eb paqen e merituar!\u201d-<\/em>shkruan Meta.<\/span><\/p>\n","protected":false,"gt_translate_keys":[{"key":"rendered","format":"html"}]},"excerpt":{"rendered":"<p>Kreu i Shtetit Ilir Meta ka reaguar pas gjetjes n\u00eb or\u00ebt e para t\u00eb m\u00ebngjesit t\u00eb sot\u00ebm t\u00eb Arjan Salajt i cili u fut mes flak\u00ebve p\u00ebr t\u00eb shp\u00ebtuar punonj\u00ebsit e tjer\u00eb n\u00eb magazin\u00ebn e qendr\u00ebs \u201cCasa Italia\u201d n\u00eb Tiran\u00eb. Pas tre dit\u00ebsh n\u00eb flak\u00eb Sala trupi i tij u gjet dit\u00ebn e sotme. Meta [&hellip;]<\/p>\n","protected":false,"gt_translate_keys":[{"key":"rendered","format":"html"}]},"author":32,"featured_media":439017,"comment_status":"open","ping_status":"open","sticky":false,"template":"","format":"standard","meta":{"footnotes":""},"categories":[65,13],"tags":[],"class_list":["post-439016","post","type-post","status-publish","format-standard","has-post-thumbnail","hentry","category-lajme","category-te-fundit"],"gt_translate_keys":[{"key":"link","format":"url"}],"_links":{"self":[{"href":"https:\/\/www.hashtag.al\/index.php\/wp-json\/wp\/v2\/posts\/439016","targetHints":{"allow":["GET"]}}],"collection":[{"href":"https:\/\/www.hashtag.al\/index.php\/wp-json\/wp\/v2\/posts"}],"about":[{"href":"https:\/\/www.hashtag.al\/index.php\/wp-json\/wp\/v2\/types\/post"}],"author":[{"embeddable":true,"href":"https:\/\/www.hashtag.al\/index.php\/wp-json\/wp\/v2\/users\/32"}],"replies":[{"embeddable":true,"href":"https:\/\/www.hashtag.al\/index.php\/wp-json\/wp\/v2\/comments?post=439016"}],"version-history":[{"count":0,"href":"https:\/\/www.hashtag.al\/index.php\/wp-json\/wp\/v2\/posts\/439016\/revisions"}],"wp:featuredmedia":[{"embeddable":true,"href":"https:\/\/www.hashtag.al\/index.php\/wp-json\/wp\/v2\/media\/439017"}],"wp:attachment":[{"href":"https:\/\/www.hashtag.al\/index.php\/wp-json\/wp\/v2\/media?parent=439016"}],"wp:term":[{"taxonomy":"category","embeddable":true,"href":"https:\/\/www.hashtag.al\/index.php\/wp-json\/wp\/v2\/categories?post=439016"},{"taxonomy":"post_tag","embeddable":true,"href":"https:\/\/www.hashtag.al\/index.php\/wp-json\/wp\/v2\/tags?post=439016"}],"curies":[{"name":"wp","href":"https:\/\/api.w.org\/{rel}","templated":true}]}}