{"id":438869,"date":"2021-03-26T13:23:20","date_gmt":"2021-03-26T12:23:20","guid":{"rendered":"https:\/\/hashtag.al\/?p=438869"},"modified":"2021-03-26T13:23:20","modified_gmt":"2021-03-26T12:23:20","slug":"aksident-ne-qender-te-fierit-makina-perplas-motorin-e-picave-dhe-largohet-nga-vendi-i-ngjarjes","status":"publish","type":"post","link":"https:\/\/www.hashtag.al\/index.php\/2021\/03\/26\/aksident-ne-qender-te-fierit-makina-perplas-motorin-e-picave-dhe-largohet-nga-vendi-i-ngjarjes\/","title":{"rendered":"Aksident n\u00eb qend\u00ebr t\u00eb Fierit, makina p\u00ebrplas motorin e picave dhe largohet nga vendi i ngjarjes","gt_translate_keys":[{"key":"rendered","format":"text"}]},"content":{"rendered":"<p><span style=\"color: #000000;\"><a href=\"https:\/\/hashtag.al\/wp-content\/uploads\/2021\/03\/Fier.png\"><img loading=\"lazy\" decoding=\"async\" class=\"aligncenter size-full wp-image-438870\" src=\"https:\/\/hashtag.al\/wp-content\/uploads\/2021\/03\/Fier.png\" alt=\"\" width=\"563\" height=\"450\" srcset=\"https:\/\/www.hashtag.al\/wp-content\/uploads\/2021\/03\/Fier.png 563w, https:\/\/www.hashtag.al\/wp-content\/uploads\/2021\/03\/Fier-300x240.png 300w, https:\/\/www.hashtag.al\/wp-content\/uploads\/2021\/03\/Fier-250x200.png 250w, https:\/\/www.hashtag.al\/wp-content\/uploads\/2021\/03\/Fier-555x445.png 555w\" sizes=\"auto, (max-width: 563px) 100vw, 563px\" \/><\/a><\/span><\/p>\n<p><span style=\"color: #000000;\">Nj\u00eb aksident ka ndodhur sot n\u00eb qend\u00ebr t\u00eb qytetit t\u00eb Fierit, ku u p\u00ebrplas\u00ebn nj\u00eb automjet tip \u201cGolf\u201d dhe nj\u00eb motor q\u00eb sh\u00ebrbente p\u00ebr shp\u00ebrndarjen e picave.<\/span><\/p>\n<p><span style=\"color: #000000;\">Si pasoj\u00eb e k\u00ebtij aksidenti ka mbetur i l\u00ebnduar drejtuesi i motorit, i cili \u00ebsht\u00eb shoq\u00ebruar p\u00ebr n\u00eb spitalin e Fierit.<\/span><\/p>\n<p><span style=\"color: #000000;\">Nd\u00ebrsa automjeti q\u00eb shkaktoi aksidentit \u00ebshgt\u00eb larguar nga vendngjarja.<\/span><\/p>\n<p><em><span style=\"color: #000000;\">\u201cSot rreth or\u00ebs 12:25, te kryq\u00ebzimi n\u00eb q\u00ebnd\u00ebr t\u00eb qytetit Fier, automjeti tip \u2018Golf\u2019 n\u00eb pron\u00ebsi t\u00eb shtetasit A. K., \u00ebsht\u00eb p\u00ebrplasur me nj\u00eb motomjet picerie q\u00eb drejtohej nga shtetasi M. S., 29 vje\u00e7, i cili ndodhet n\u00eb spitalin e Fierit n\u00ebn kujdesin e mjek\u00ebve.<\/span><\/em><\/p>\n<p><span style=\"color: #000000;\"><em>Drejtuesi i automjetit pas aksidentit \u00ebsht\u00eb larguar nga vendngjarja.\u201d<\/em>&#8211; thuhet n\u00eb njoftimin e policis\u00eb.<\/span><\/p>\n<p><span style=\"color: #000000;\">Grupi hetimor po punon p\u00ebr zbardhjen e rrethanave t\u00eb ngjarjes.<\/span><\/p>\n","protected":false,"gt_translate_keys":[{"key":"rendered","format":"html"}]},"excerpt":{"rendered":"<p>Nj\u00eb aksident ka ndodhur sot n\u00eb qend\u00ebr t\u00eb qytetit t\u00eb Fierit, ku u p\u00ebrplas\u00ebn nj\u00eb automjet tip \u201cGolf\u201d dhe nj\u00eb motor q\u00eb sh\u00ebrbente p\u00ebr shp\u00ebrndarjen e picave. Si pasoj\u00eb e k\u00ebtij aksidenti ka mbetur i l\u00ebnduar drejtuesi i motorit, i cili \u00ebsht\u00eb shoq\u00ebruar p\u00ebr n\u00eb spitalin e Fierit. Nd\u00ebrsa automjeti q\u00eb shkaktoi aksidentit \u00ebshgt\u00eb larguar [&hellip;]<\/p>\n","protected":false,"gt_translate_keys":[{"key":"rendered","format":"html"}]},"author":30,"featured_media":438870,"comment_status":"open","ping_status":"open","sticky":false,"template":"","format":"standard","meta":{"footnotes":""},"categories":[65,13],"tags":[],"class_list":["post-438869","post","type-post","status-publish","format-standard","has-post-thumbnail","hentry","category-lajme","category-te-fundit"],"gt_translate_keys":[{"key":"link","format":"url"}],"_links":{"self":[{"href":"https:\/\/www.hashtag.al\/index.php\/wp-json\/wp\/v2\/posts\/438869","targetHints":{"allow":["GET"]}}],"collection":[{"href":"https:\/\/www.hashtag.al\/index.php\/wp-json\/wp\/v2\/posts"}],"about":[{"href":"https:\/\/www.hashtag.al\/index.php\/wp-json\/wp\/v2\/types\/post"}],"author":[{"embeddable":true,"href":"https:\/\/www.hashtag.al\/index.php\/wp-json\/wp\/v2\/users\/30"}],"replies":[{"embeddable":true,"href":"https:\/\/www.hashtag.al\/index.php\/wp-json\/wp\/v2\/comments?post=438869"}],"version-history":[{"count":0,"href":"https:\/\/www.hashtag.al\/index.php\/wp-json\/wp\/v2\/posts\/438869\/revisions"}],"wp:featuredmedia":[{"embeddable":true,"href":"https:\/\/www.hashtag.al\/index.php\/wp-json\/wp\/v2\/media\/438870"}],"wp:attachment":[{"href":"https:\/\/www.hashtag.al\/index.php\/wp-json\/wp\/v2\/media?parent=438869"}],"wp:term":[{"taxonomy":"category","embeddable":true,"href":"https:\/\/www.hashtag.al\/index.php\/wp-json\/wp\/v2\/categories?post=438869"},{"taxonomy":"post_tag","embeddable":true,"href":"https:\/\/www.hashtag.al\/index.php\/wp-json\/wp\/v2\/tags?post=438869"}],"curies":[{"name":"wp","href":"https:\/\/api.w.org\/{rel}","templated":true}]}}