{"id":438676,"date":"2021-03-25T16:01:49","date_gmt":"2021-03-25T15:01:49","guid":{"rendered":"https:\/\/hashtag.al\/?p=438676"},"modified":"2021-03-25T15:55:57","modified_gmt":"2021-03-25T14:55:57","slug":"parlamenti-europian-voton-serish-pro-liberalizimit-te-vizave-per-kosoven-vendimi-ne-dore-te-shteteve-anetare","status":"publish","type":"post","link":"https:\/\/www.hashtag.al\/index.php\/2021\/03\/25\/parlamenti-europian-voton-serish-pro-liberalizimit-te-vizave-per-kosoven-vendimi-ne-dore-te-shteteve-anetare\/","title":{"rendered":"Parlamenti Europian voton s\u00ebrish pro liberalizimit t\u00eb vizave p\u00ebr Kosov\u00ebn, vendimi n\u00eb dor\u00eb t\u00eb shteteve an\u00ebtare","gt_translate_keys":[{"key":"rendered","format":"text"}]},"content":{"rendered":"<p><span style=\"color: #000000;\"><img loading=\"lazy\" decoding=\"async\" class=\"aligncenter size-full wp-image-282249\" src=\"https:\/\/hashtag.al\/wp-content\/uploads\/2019\/03\/parlamenti-europian.jpg\" alt=\"\" width=\"1271\" height=\"869\" srcset=\"https:\/\/www.hashtag.al\/wp-content\/uploads\/2019\/03\/parlamenti-europian.jpg 1271w, https:\/\/www.hashtag.al\/wp-content\/uploads\/2019\/03\/parlamenti-europian-300x205.jpg 300w, https:\/\/www.hashtag.al\/wp-content\/uploads\/2019\/03\/parlamenti-europian-768x525.jpg 768w, https:\/\/www.hashtag.al\/wp-content\/uploads\/2019\/03\/parlamenti-europian-1024x700.jpg 1024w\" sizes=\"auto, (max-width: 1271px) 100vw, 1271px\" \/><\/span><\/p>\n<p><span style=\"color: #000000;\">Parlamenti Europian ka votuar s\u00ebrish p\u00ebr liberalizimin e vizave p\u00ebr Kosov\u00ebn. Gjat\u00eb votimit t\u00eb sot\u00ebm shumica e eurodeputet\u00ebve votuan pro liberalizimit.<\/span><\/p>\n<p><span style=\"color: #000000;\">T\u00eb nj\u00ebjtin q\u00ebndrim mb\u00ebshteti edhe Komisioneri p\u00ebr Zgjerimin, Oliver Varhelyi, i cili tha se Komisioni Europian \u00ebsht\u00eb i mendimit se vizat duhet t\u00eb liberalizohen por vendimi u mbetet n\u00eb dor\u00eb vendeve an\u00ebtare.<\/span><\/p>\n<p><span style=\"color: #000000;\"> Ai dhe raportuesja p\u00ebr Kosov\u00ebn n\u00eb Parlamentin Europian, Von Cramon, i b\u00ebn\u00eb thirrje Prishtin\u00ebs q\u00eb t\u00eb vijoj\u00eb me reformat e p\u00ebrpjekjet si n\u00eb marr\u00ebdh\u00ebniet e brendshme ashtu edhe ato t\u00eb jashtme.<\/span><\/p>\n<p>&nbsp;<\/p>\n","protected":false,"gt_translate_keys":[{"key":"rendered","format":"html"}]},"excerpt":{"rendered":"<p>Parlamenti Europian ka votuar s\u00ebrish p\u00ebr liberalizimin e vizave p\u00ebr Kosov\u00ebn. Gjat\u00eb votimit t\u00eb sot\u00ebm shumica e eurodeputet\u00ebve votuan pro liberalizimit. T\u00eb nj\u00ebjtin q\u00ebndrim mb\u00ebshteti edhe Komisioneri p\u00ebr Zgjerimin, Oliver Varhelyi, i cili tha se Komisioni Europian \u00ebsht\u00eb i mendimit se vizat duhet t\u00eb liberalizohen por vendimi u mbetet n\u00eb dor\u00eb vendeve an\u00ebtare. Ai dhe [&hellip;]<\/p>\n","protected":false,"gt_translate_keys":[{"key":"rendered","format":"html"}]},"author":51,"featured_media":434145,"comment_status":"open","ping_status":"open","sticky":false,"template":"","format":"standard","meta":{"footnotes":""},"categories":[149],"tags":[],"class_list":["post-438676","post","type-post","status-publish","format-standard","has-post-thumbnail","hentry","category-kosoverajon"],"gt_translate_keys":[{"key":"link","format":"url"}],"_links":{"self":[{"href":"https:\/\/www.hashtag.al\/index.php\/wp-json\/wp\/v2\/posts\/438676","targetHints":{"allow":["GET"]}}],"collection":[{"href":"https:\/\/www.hashtag.al\/index.php\/wp-json\/wp\/v2\/posts"}],"about":[{"href":"https:\/\/www.hashtag.al\/index.php\/wp-json\/wp\/v2\/types\/post"}],"author":[{"embeddable":true,"href":"https:\/\/www.hashtag.al\/index.php\/wp-json\/wp\/v2\/users\/51"}],"replies":[{"embeddable":true,"href":"https:\/\/www.hashtag.al\/index.php\/wp-json\/wp\/v2\/comments?post=438676"}],"version-history":[{"count":0,"href":"https:\/\/www.hashtag.al\/index.php\/wp-json\/wp\/v2\/posts\/438676\/revisions"}],"wp:featuredmedia":[{"embeddable":true,"href":"https:\/\/www.hashtag.al\/index.php\/wp-json\/wp\/v2\/media\/434145"}],"wp:attachment":[{"href":"https:\/\/www.hashtag.al\/index.php\/wp-json\/wp\/v2\/media?parent=438676"}],"wp:term":[{"taxonomy":"category","embeddable":true,"href":"https:\/\/www.hashtag.al\/index.php\/wp-json\/wp\/v2\/categories?post=438676"},{"taxonomy":"post_tag","embeddable":true,"href":"https:\/\/www.hashtag.al\/index.php\/wp-json\/wp\/v2\/tags?post=438676"}],"curies":[{"name":"wp","href":"https:\/\/api.w.org\/{rel}","templated":true}]}}