{"id":438515,"date":"2021-03-25T07:35:34","date_gmt":"2021-03-25T06:35:34","guid":{"rendered":"https:\/\/hashtag.al\/?p=438515"},"modified":"2021-03-25T07:43:05","modified_gmt":"2021-03-25T06:43:05","slug":"rama-niset-per-stamboll-per-vaksinat-po-sia-dolem-ne-askush-ska-si-ia-del","status":"publish","type":"post","link":"https:\/\/www.hashtag.al\/index.php\/2021\/03\/25\/rama-niset-per-stamboll-per-vaksinat-po-sia-dolem-ne-askush-ska-si-ia-del\/","title":{"rendered":"Rama niset p\u00ebr Stamboll p\u00ebr vaksinat: Po s&#8217;ia dol\u00ebm ne, askush s&#8217;ka si ia del","gt_translate_keys":[{"key":"rendered","format":"text"}]},"content":{"rendered":"<p><a href=\"https:\/\/hashtag.al\/wp-content\/uploads\/2020\/11\/rama-ne-avion-770x433-1.jpg\"><img loading=\"lazy\" decoding=\"async\" class=\"aligncenter size-full wp-image-413929\" src=\"https:\/\/hashtag.al\/wp-content\/uploads\/2020\/11\/rama-ne-avion-770x433-1.jpg\" alt=\"\" width=\"770\" height=\"433\" srcset=\"https:\/\/www.hashtag.al\/wp-content\/uploads\/2020\/11\/rama-ne-avion-770x433-1.jpg 770w, https:\/\/www.hashtag.al\/wp-content\/uploads\/2020\/11\/rama-ne-avion-770x433-1-300x169.jpg 300w, https:\/\/www.hashtag.al\/wp-content\/uploads\/2020\/11\/rama-ne-avion-770x433-1-768x432.jpg 768w\" sizes=\"auto, (max-width: 770px) 100vw, 770px\" \/><\/a><\/p>\n<p><span style=\"color: #000000;\">Kryeministri Edi Rama \u00ebsht\u00eb nisur k\u00ebt\u00eb t\u00eb enjte p\u00ebr n\u00eb Turqi. P\u00ebrmes nj\u00eb postimi n\u00eb \u201cTwitter\u201d her\u00ebt k\u00ebt\u00eb m\u00ebngjes, ai shprehet se ky udh\u00ebtim i tij ka si q\u00ebllim sigurimin e m\u00eb shum\u00eb vaksinave kund\u00ebr Covid-19 p\u00ebr Shqip\u00ebrin\u00eb.<\/span><\/p>\n<p><span style=\"color: #000000;\">Rama shkruan se po qe se nuk ia del dot ai, askush tjet\u00ebr nuk ia del dot.<\/span><\/p>\n<p><span style=\"color: #000000;\"><em>\u201cN\u00eb Stamboll p\u00ebr shum\u00eb vaksina. O ia dalim o ia dalim, s&#8217;ka tjet\u00ebr dhe po s&#8217;ia dol\u00ebm ne askush tjet\u00ebr nuk ka si ia del dot!\u201d<\/em>&#8211; shkruan kryeministri.<\/span><\/p>\n<p><span style=\"color: #000000;\">Sot pritet finalizimi i nj\u00eb marr\u00ebveshjeje mes Ram\u00ebs me nj\u00eb kompani turke p\u00ebr vaksinat anti-covid t\u00eb Kin\u00ebs. <\/span><span style=\"color: #000000;\">Parlamenti miratoi dy dit\u00eb m\u00eb par\u00eb, aktin normativ p\u00ebr sigurimin e vaksinave kineze.<\/span><\/p>\n","protected":false,"gt_translate_keys":[{"key":"rendered","format":"html"}]},"excerpt":{"rendered":"<p>Kryeministri Edi Rama \u00ebsht\u00eb nisur k\u00ebt\u00eb t\u00eb enjte p\u00ebr n\u00eb Turqi. P\u00ebrmes nj\u00eb postimi n\u00eb \u201cTwitter\u201d her\u00ebt k\u00ebt\u00eb m\u00ebngjes, ai shprehet se ky udh\u00ebtim i tij ka si q\u00ebllim sigurimin e m\u00eb shum\u00eb vaksinave kund\u00ebr Covid-19 p\u00ebr Shqip\u00ebrin\u00eb. Rama shkruan se po qe se nuk ia del dot ai, askush tjet\u00ebr nuk ia del dot. [&hellip;]<\/p>\n","protected":false,"gt_translate_keys":[{"key":"rendered","format":"html"}]},"author":30,"featured_media":413929,"comment_status":"open","ping_status":"open","sticky":false,"template":"","format":"standard","meta":{"footnotes":""},"categories":[65,13],"tags":[],"class_list":["post-438515","post","type-post","status-publish","format-standard","has-post-thumbnail","hentry","category-lajme","category-te-fundit"],"gt_translate_keys":[{"key":"link","format":"url"}],"_links":{"self":[{"href":"https:\/\/www.hashtag.al\/index.php\/wp-json\/wp\/v2\/posts\/438515","targetHints":{"allow":["GET"]}}],"collection":[{"href":"https:\/\/www.hashtag.al\/index.php\/wp-json\/wp\/v2\/posts"}],"about":[{"href":"https:\/\/www.hashtag.al\/index.php\/wp-json\/wp\/v2\/types\/post"}],"author":[{"embeddable":true,"href":"https:\/\/www.hashtag.al\/index.php\/wp-json\/wp\/v2\/users\/30"}],"replies":[{"embeddable":true,"href":"https:\/\/www.hashtag.al\/index.php\/wp-json\/wp\/v2\/comments?post=438515"}],"version-history":[{"count":0,"href":"https:\/\/www.hashtag.al\/index.php\/wp-json\/wp\/v2\/posts\/438515\/revisions"}],"wp:featuredmedia":[{"embeddable":true,"href":"https:\/\/www.hashtag.al\/index.php\/wp-json\/wp\/v2\/media\/413929"}],"wp:attachment":[{"href":"https:\/\/www.hashtag.al\/index.php\/wp-json\/wp\/v2\/media?parent=438515"}],"wp:term":[{"taxonomy":"category","embeddable":true,"href":"https:\/\/www.hashtag.al\/index.php\/wp-json\/wp\/v2\/categories?post=438515"},{"taxonomy":"post_tag","embeddable":true,"href":"https:\/\/www.hashtag.al\/index.php\/wp-json\/wp\/v2\/tags?post=438515"}],"curies":[{"name":"wp","href":"https:\/\/api.w.org\/{rel}","templated":true}]}}