{"id":438373,"date":"2021-03-24T12:53:28","date_gmt":"2021-03-24T11:53:28","guid":{"rendered":"https:\/\/hashtag.al\/?p=438373"},"modified":"2021-03-24T12:53:28","modified_gmt":"2021-03-24T11:53:28","slug":"kurti-seancen-tjeter-zgjedhim-vjosa-osmanin-presidente-te-vendit","status":"publish","type":"post","link":"https:\/\/www.hashtag.al\/index.php\/2021\/03\/24\/kurti-seancen-tjeter-zgjedhim-vjosa-osmanin-presidente-te-vendit\/","title":{"rendered":"Kurti: Seanc\u00ebn tjet\u00ebr zgjedhim Vjosa Osmanin presidente t\u00eb vendit","gt_translate_keys":[{"key":"rendered","format":"text"}]},"content":{"rendered":"<p><span style=\"color: #000000;\"><img loading=\"lazy\" decoding=\"async\" class=\"aligncenter size-full wp-image-438379\" src=\"https:\/\/hashtag.al\/wp-content\/uploads\/2021\/03\/kurtiosmani.jpg\" alt=\"\" width=\"1200\" height=\"675\" srcset=\"https:\/\/www.hashtag.al\/wp-content\/uploads\/2021\/03\/kurtiosmani.jpg 1200w, https:\/\/www.hashtag.al\/wp-content\/uploads\/2021\/03\/kurtiosmani-300x169.jpg 300w, https:\/\/www.hashtag.al\/wp-content\/uploads\/2021\/03\/kurtiosmani-768x432.jpg 768w, https:\/\/www.hashtag.al\/wp-content\/uploads\/2021\/03\/kurtiosmani-1024x576.jpg 1024w\" sizes=\"auto, (max-width: 1200px) 100vw, 1200px\" \/><\/span><\/p>\n<p><span style=\"color: #000000;\">Kryeministri i Kosov\u00ebs, Kurti, ka th\u00ebn\u00eb se n\u00eb seanc\u00ebn e radh\u00ebs n\u00eb Kuvend do zgjidhet presidentja e re e vendit, Osmani.<\/span><\/p>\n<p><span style=\"color: #000000;\"> \u00a0Ai e b\u00ebri deklarat\u00ebn gjat\u00eb homazheve n\u00eb varrin e ish-presidentit t\u00eb vendit Ibrahim Rugova. <\/span><\/p>\n<p><span style=\"color: #000000;\">Seanc\u00ebn e par\u00eb t\u00eb Kuvendit, deputet\u00ebt zgjodh\u00ebn kreun e ri t\u00eb Kuvendit, Glauk Konjufc\u00ebn dhe kryeministrin Kurti.<\/span><\/p>\n<p><span style=\"color: #000000;\"><em>\u201cDy hapa t\u00eb r\u00ebnd\u00ebsish\u00ebm jan\u00eb mbyllur, zgjedhje e kryetarit t\u00eb Kuvendit dhe kryeministrit. Ka mbetur edhe zgjedhja e presidentes edhe kjo do t\u00eb kuror\u00ebzohet me sukses. Sapo t\u00eb z\u00ebvend\u00ebsohen deputet\u00ebt ne do t\u00eb th\u00ebrrasim nj\u00eb seanc\u00eb t\u00eb radh\u00ebs q\u00eb at\u00eb q\u00eb e votoi populli me mbi 300 mij\u00eb vota do ta marr\u00eb postin e presidentit.\u201d<\/em> &#8211; ka th\u00ebn\u00eb ai.<\/span><\/p>\n","protected":false,"gt_translate_keys":[{"key":"rendered","format":"html"}]},"excerpt":{"rendered":"<p>Kryeministri i Kosov\u00ebs, Kurti, ka th\u00ebn\u00eb se n\u00eb seanc\u00ebn e radh\u00ebs n\u00eb Kuvend do zgjidhet presidentja e re e vendit, Osmani. \u00a0Ai e b\u00ebri deklarat\u00ebn gjat\u00eb homazheve n\u00eb varrin e ish-presidentit t\u00eb vendit Ibrahim Rugova. Seanc\u00ebn e par\u00eb t\u00eb Kuvendit, deputet\u00ebt zgjodh\u00ebn kreun e ri t\u00eb Kuvendit, Glauk Konjufc\u00ebn dhe kryeministrin Kurti. \u201cDy hapa t\u00eb [&hellip;]<\/p>\n","protected":false,"gt_translate_keys":[{"key":"rendered","format":"html"}]},"author":51,"featured_media":438379,"comment_status":"open","ping_status":"open","sticky":false,"template":"","format":"standard","meta":{"footnotes":""},"categories":[149],"tags":[],"class_list":["post-438373","post","type-post","status-publish","format-standard","has-post-thumbnail","hentry","category-kosoverajon"],"gt_translate_keys":[{"key":"link","format":"url"}],"_links":{"self":[{"href":"https:\/\/www.hashtag.al\/index.php\/wp-json\/wp\/v2\/posts\/438373","targetHints":{"allow":["GET"]}}],"collection":[{"href":"https:\/\/www.hashtag.al\/index.php\/wp-json\/wp\/v2\/posts"}],"about":[{"href":"https:\/\/www.hashtag.al\/index.php\/wp-json\/wp\/v2\/types\/post"}],"author":[{"embeddable":true,"href":"https:\/\/www.hashtag.al\/index.php\/wp-json\/wp\/v2\/users\/51"}],"replies":[{"embeddable":true,"href":"https:\/\/www.hashtag.al\/index.php\/wp-json\/wp\/v2\/comments?post=438373"}],"version-history":[{"count":0,"href":"https:\/\/www.hashtag.al\/index.php\/wp-json\/wp\/v2\/posts\/438373\/revisions"}],"wp:featuredmedia":[{"embeddable":true,"href":"https:\/\/www.hashtag.al\/index.php\/wp-json\/wp\/v2\/media\/438379"}],"wp:attachment":[{"href":"https:\/\/www.hashtag.al\/index.php\/wp-json\/wp\/v2\/media?parent=438373"}],"wp:term":[{"taxonomy":"category","embeddable":true,"href":"https:\/\/www.hashtag.al\/index.php\/wp-json\/wp\/v2\/categories?post=438373"},{"taxonomy":"post_tag","embeddable":true,"href":"https:\/\/www.hashtag.al\/index.php\/wp-json\/wp\/v2\/tags?post=438373"}],"curies":[{"name":"wp","href":"https:\/\/api.w.org\/{rel}","templated":true}]}}