{"id":438242,"date":"2021-03-23T20:36:54","date_gmt":"2021-03-23T19:36:54","guid":{"rendered":"https:\/\/hashtag.al\/?p=438242"},"modified":"2021-03-23T21:24:25","modified_gmt":"2021-03-23T20:24:25","slug":"ke-reagon-per-deklaraten-e-rames-komisionerja-nuk-nderhyri-ne-fushate","status":"publish","type":"post","link":"https:\/\/www.hashtag.al\/index.php\/2021\/03\/23\/ke-reagon-per-deklaraten-e-rames-komisionerja-nuk-nderhyri-ne-fushate\/","title":{"rendered":"KE reagon p\u00ebr deklarat\u00ebn e Ram\u00ebs: Komisionerja nuk nd\u00ebrhyri n\u00eb fushat\u00eb","gt_translate_keys":[{"key":"rendered","format":"text"}]},"content":{"rendered":"<p><span style=\"color: #000000;\"><img loading=\"lazy\" decoding=\"async\" class=\"aligncenter size-full wp-image-408244\" src=\"https:\/\/hashtag.al\/wp-content\/uploads\/2020\/10\/ana-pisonero.jpg\" alt=\"\" width=\"1234\" height=\"843\" srcset=\"https:\/\/www.hashtag.al\/wp-content\/uploads\/2020\/10\/ana-pisonero.jpg 1234w, https:\/\/www.hashtag.al\/wp-content\/uploads\/2020\/10\/ana-pisonero-300x205.jpg 300w, https:\/\/www.hashtag.al\/wp-content\/uploads\/2020\/10\/ana-pisonero-768x525.jpg 768w, https:\/\/www.hashtag.al\/wp-content\/uploads\/2020\/10\/ana-pisonero-1024x700.jpg 1024w\" sizes=\"auto, (max-width: 1234px) 100vw, 1234px\" \/><\/span><\/p>\n<p><span style=\"color: #000000;\">Zyra e shtypit e Komisionit\u00a0Evropian\u00a0n\u00eb Bruksel ka hedhur posht\u00eb pretendimet e kryeministrit t\u00eb\u00a0Shqip\u00ebris\u00eb\u00a0p\u00ebr\u00a0nj\u00eb rol t\u00eb\u00a0komisioner\u00ebve\u00a0n\u00eb zgjedhjet e 25 prillit.<\/span><\/p>\n<p><span style=\"color: #000000;\">N\u00eb nj\u00eb reagim p\u00ebr\u00a0Euronews\u00a0Albania, z\u00ebdh\u00ebn\u00ebsja p\u00ebr shtyp e KE, Ana\u00a0Pizonero\u00a0theksoi se aktiviteti i sot\u00ebm ishte n\u00eb nivel rajonal dhe pa asnj\u00eb ndikim n\u00eb\u00a0situat\u00ebn\u00a0politike shqiptare.<\/span><\/p>\n<p><span style=\"color: #000000;\">\u201c<em>Komisioni nuk komenton mbi komentet e pal\u00ebve t\u00eb treta.\u00a0Lutemi t\u00eb keni parasysh q\u00eb\u00a0Komisionerja\u00a0Mariya\u00a0Gabriel\u00a0mori pjes\u00eb n\u00eb Tryez\u00ebn e 18-t\u00eb Rrumbullak\u00ebt mbi Arsimimin, me ftes\u00eb t\u00eb Universitetit Modul t\u00eb Vjen\u00ebs, i cili \u00ebsht\u00eb organizatori i k\u00ebtij\u00a0eventi.\u00a0Pjes\u00ebmarrja e\u00a0komisioneres\u00a0ishte e kufizuar vet\u00ebm n\u00eb dh\u00ebnien e nj\u00eb fjalimi kryesor<\/em>\u201d-tha z\u00ebdh\u00ebn\u00ebsja e KE.<\/span><\/p>\n<p><span style=\"color: #000000;\">\u201c<em>Fjalimi, i cili \u00ebsht\u00eb i publikuar n\u00eb faqen e internetit t\u00eb Komisionit, \u00ebsht\u00eb i fokusuar mbi iniciativat e fundit evropiane n\u00eb fush\u00ebn e arsimimit dhe t\u00eb k\u00ebrkimit, t\u00eb cilat vlejn\u00eb p\u00ebr t\u00eb gjith\u00eb rajonin e Ballkanit Per\u00ebndimor, p\u00ebrfshir\u00eb Shqip\u00ebrin\u00eb.\u00a0Komisionerja\u00a0nuk b\u00ebri ndonj\u00eb deklarat\u00eb p\u00ebr ndonj\u00eb parti politike, por mbajti nj\u00eb fjalim mbi \u00e7\u00ebshtjet q\u00eb kishin t\u00eb b\u00ebnin me fush\u00ebn e saj<\/em>\u201d- thuhet n\u00eb reagim.<\/span><\/p>\n<p>&nbsp;<\/p>\n","protected":false,"gt_translate_keys":[{"key":"rendered","format":"html"}]},"excerpt":{"rendered":"<p>Zyra e shtypit e Komisionit\u00a0Evropian\u00a0n\u00eb Bruksel ka hedhur posht\u00eb pretendimet e kryeministrit t\u00eb\u00a0Shqip\u00ebris\u00eb\u00a0p\u00ebr\u00a0nj\u00eb rol t\u00eb\u00a0komisioner\u00ebve\u00a0n\u00eb zgjedhjet e 25 prillit. N\u00eb nj\u00eb reagim p\u00ebr\u00a0Euronews\u00a0Albania, z\u00ebdh\u00ebn\u00ebsja p\u00ebr shtyp e KE, Ana\u00a0Pizonero\u00a0theksoi se aktiviteti i sot\u00ebm ishte n\u00eb nivel rajonal dhe pa asnj\u00eb ndikim n\u00eb\u00a0situat\u00ebn\u00a0politike shqiptare. \u201cKomisioni nuk komenton mbi komentet e pal\u00ebve t\u00eb treta.\u00a0Lutemi t\u00eb keni parasysh [&hellip;]<\/p>\n","protected":false,"gt_translate_keys":[{"key":"rendered","format":"html"}]},"author":32,"featured_media":408244,"comment_status":"open","ping_status":"open","sticky":false,"template":"","format":"standard","meta":{"footnotes":""},"categories":[65,13],"tags":[],"class_list":["post-438242","post","type-post","status-publish","format-standard","has-post-thumbnail","hentry","category-lajme","category-te-fundit"],"gt_translate_keys":[{"key":"link","format":"url"}],"_links":{"self":[{"href":"https:\/\/www.hashtag.al\/index.php\/wp-json\/wp\/v2\/posts\/438242","targetHints":{"allow":["GET"]}}],"collection":[{"href":"https:\/\/www.hashtag.al\/index.php\/wp-json\/wp\/v2\/posts"}],"about":[{"href":"https:\/\/www.hashtag.al\/index.php\/wp-json\/wp\/v2\/types\/post"}],"author":[{"embeddable":true,"href":"https:\/\/www.hashtag.al\/index.php\/wp-json\/wp\/v2\/users\/32"}],"replies":[{"embeddable":true,"href":"https:\/\/www.hashtag.al\/index.php\/wp-json\/wp\/v2\/comments?post=438242"}],"version-history":[{"count":0,"href":"https:\/\/www.hashtag.al\/index.php\/wp-json\/wp\/v2\/posts\/438242\/revisions"}],"wp:featuredmedia":[{"embeddable":true,"href":"https:\/\/www.hashtag.al\/index.php\/wp-json\/wp\/v2\/media\/408244"}],"wp:attachment":[{"href":"https:\/\/www.hashtag.al\/index.php\/wp-json\/wp\/v2\/media?parent=438242"}],"wp:term":[{"taxonomy":"category","embeddable":true,"href":"https:\/\/www.hashtag.al\/index.php\/wp-json\/wp\/v2\/categories?post=438242"},{"taxonomy":"post_tag","embeddable":true,"href":"https:\/\/www.hashtag.al\/index.php\/wp-json\/wp\/v2\/tags?post=438242"}],"curies":[{"name":"wp","href":"https:\/\/api.w.org\/{rel}","templated":true}]}}