{"id":438114,"date":"2021-03-23T11:25:14","date_gmt":"2021-03-23T10:25:14","guid":{"rendered":"https:\/\/hashtag.al\/?p=438114"},"modified":"2021-03-23T11:26:19","modified_gmt":"2021-03-23T10:26:19","slug":"komisionerja-e-be-se-vlereson-planin-e-bashes-evropa-duhet-te-perfitoje-nga-potenciali-i-te-gjithe-talenteve","status":"publish","type":"post","link":"https:\/\/www.hashtag.al\/index.php\/2021\/03\/23\/komisionerja-e-be-se-vlereson-planin-e-bashes-evropa-duhet-te-perfitoje-nga-potenciali-i-te-gjithe-talenteve\/","title":{"rendered":"Komisionerja e BE-s\u00eb vler\u00ebson planin e Bash\u00ebs: Evropa duhet t\u00eb p\u00ebrfitoj\u00eb nga potenciali i t\u00eb gjith\u00eb talenteve","gt_translate_keys":[{"key":"rendered","format":"text"}]},"content":{"rendered":"<p><span style=\"color: #000000;\"><a href=\"https:\/\/hashtag.al\/wp-content\/uploads\/2021\/03\/WhatsApp-Image-2021-03-23-at-10.45.56.jpeg\"><img loading=\"lazy\" decoding=\"async\" class=\"aligncenter size-full wp-image-438116\" src=\"https:\/\/hashtag.al\/wp-content\/uploads\/2021\/03\/WhatsApp-Image-2021-03-23-at-10.45.56.jpeg\" alt=\"\" width=\"1024\" height=\"682\" srcset=\"https:\/\/www.hashtag.al\/wp-content\/uploads\/2021\/03\/WhatsApp-Image-2021-03-23-at-10.45.56.jpeg 1024w, https:\/\/www.hashtag.al\/wp-content\/uploads\/2021\/03\/WhatsApp-Image-2021-03-23-at-10.45.56-300x200.jpeg 300w, https:\/\/www.hashtag.al\/wp-content\/uploads\/2021\/03\/WhatsApp-Image-2021-03-23-at-10.45.56-768x512.jpeg 768w\" sizes=\"auto, (max-width: 1024px) 100vw, 1024px\" \/><\/a><\/span><\/p>\n<p><span style=\"color: #000000;\">N\u00eb nj\u00eb diskutim online me kreun e PD-s\u00eb Lulzim Basha, Komisionerja e BE-s\u00eb Mariya Gabriel, vler\u00ebsoi planin e kryedemokratit p\u00ebr arsimin n\u00eb Shqip\u00ebri.<\/span><\/p>\n<p><span style=\"color: #000000;\">Ajo e cil\u00ebsoi at\u00eb nj\u00eb iniciativ\u00eb t\u00eb r\u00ebnd\u00ebsishme, nd\u00ebrsa shtoi se t\u00eb gjith\u00eb kan\u00eb nevoj\u00eb p\u00ebr njer\u00ebz me aft\u00ebsi.<\/span><\/p>\n<p><span style=\"color: #000000;\"><em>\u201cT\u00eb gjith\u00eb e dini se \u00e7far\u00eb dua t\u00eb them, por p\u00ebr ne, kjo iniciativ\u00eb me aleancat universitare, \u00ebsht\u00eb nj\u00eb nga m\u00eb t\u00eb r\u00ebnd\u00ebsishmet, n\u00ebse d\u00ebshironi t\u00eb arrini fush\u00ebn arsimore evropiane. K\u00ebshtu q\u00eb, un\u00eb vet\u00ebm mund t\u00eb inkurajoj bashk\u00ebpunimin, krijimin e nj\u00eb platforme t\u00eb p\u00ebrbashk\u00ebt p\u00ebr shk\u00ebmbim midis universiteteve n\u00eb Shqip\u00ebri dhe universiteteve si ju sot, sepse ky \u00ebsht\u00eb nj\u00eb sinjal shum\u00eb i fort\u00eb. <\/em><\/span><\/p>\n<p><span style=\"color: #000000;\"><em>Un\u00eb do t\u00eb doja t\u00eb p\u00ebrmend k\u00ebtu r\u00ebnd\u00ebsin\u00eb e nj\u00eb sektori tjet\u00ebr. Dhe un\u00eb po flas k\u00ebtu p\u00ebr arsimin dhe aft\u00ebsimin profesional. Ne t\u00eb gjith\u00eb e dim\u00eb q\u00eb do t\u00eb ket\u00eb nevoj\u00eb p\u00ebr njer\u00ebz me k\u00ebto aft\u00ebsi, ne duhet t\u00eb riaft\u00ebsojm\u00eb dhe t\u2019u p\u00ebrmir\u00ebsojm\u00eb aft\u00ebsit\u00eb disa prej tyre, k\u00ebshtu q\u00eb un\u00eb mendoj se k\u00ebtu do t\u00eb vazhdojn\u00eb n\u00eb nj\u00ebr\u00ebn an\u00eb tashm\u00eb veprimet tona p\u00ebr t\u00eb mb\u00ebshtetur sektorin, por ajo q\u00eb \u00ebsht\u00eb e mir\u00eb \u00ebsht\u00eb patjet\u00ebr forcimi i k\u00ebsaj gj\u00ebje.\u201d<\/em>&#8211; deklaroi komisionerja e BE-s\u00eb.<\/span><\/p>\n<p><span style=\"color: #000000;\">Zonja Gabriel shtoi se nga ana e saj, do t\u00eb p\u00ebrdor\u00eb t\u00eb gjitha mjetet dhe iniciativat n\u00eb dispozicion p\u00ebr t\u00eb avancuar bashk\u00ebpunimin dhe p\u00ebr t\u00eb rritur rim\u00ebk\u00ebmbjen socio-ekonomike dhe konvergjenc\u00ebn me BE-n\u00eb.<\/span><\/p>\n<p><strong><span style=\"color: #000000;\">Fjala e komisioneres Gabriel:<\/span><\/strong><\/p>\n<p><span style=\"color: #000000;\">T\u00eb gjith\u00eb e dini se \u00e7far\u00eb dua t\u00eb them, por p\u00ebr ne, kjo iniciativ\u00eb me aleancat universitare, \u00ebsht\u00eb nj\u00eb nga m\u00eb t\u00eb r\u00ebnd\u00ebsishmet, n\u00ebse d\u00ebshironi t\u00eb arrini fush\u00ebn arsimore evropiane. K\u00ebshtu q\u00eb, un\u00eb vet\u00ebm mund t\u00eb inkurajoj bashk\u00ebpunimin, krijimin e nj\u00eb platforme t\u00eb p\u00ebrbashk\u00ebt p\u00ebr shk\u00ebmbim midis universiteteve n\u00eb Shqip\u00ebri dhe universiteteve si ju sot, sepse ky \u00ebsht\u00eb nj\u00eb sinjal shum\u00eb i fort\u00eb. Un\u00eb do t\u00eb doja t\u00eb p\u00ebrmend k\u00ebtu r\u00ebnd\u00ebsin\u00eb e nj\u00eb sektori tjet\u00ebr. Dhe un\u00eb po flas k\u00ebtu p\u00ebr arsimin dhe aft\u00ebsimin profesional. Ne t\u00eb gjith\u00eb e dim\u00eb q\u00eb do t\u00eb ket\u00eb nevoj\u00eb p\u00ebr njer\u00ebz me k\u00ebto aft\u00ebsi, ne duhet t\u00eb riaft\u00ebsojm\u00eb dhe t\u2019u p\u00ebrmir\u00ebsojm\u00eb aft\u00ebsit\u00eb disa prej tyre, k\u00ebshtu q\u00eb un\u00eb mendoj se k\u00ebtu do t\u00eb vazhdojn\u00eb n\u00eb nj\u00ebr\u00ebn an\u00eb tashm\u00eb veprimet tona p\u00ebr t\u00eb mb\u00ebshtetur sektorin, por ajo q\u00eb \u00ebsht\u00eb e mir\u00eb \u00ebsht\u00eb patjet\u00ebr forcimi i k\u00ebsaj gj\u00ebje.<\/span><\/p>\n<p><span style=\"color: #000000;\">M\u00eb lejoni vet\u00ebm k\u00ebtu t\u00eb p\u00ebrmend q\u00eb me buxhetin e ri t\u00eb programit ton\u00eb, Erasmus +, 26 miliard\u00eb Euro p\u00ebr periudh\u00ebn e ardhshme, do t\u00eb ket\u00eb shum\u00eb m\u00eb shum\u00eb mund\u00ebsi p\u00ebr k\u00ebt\u00eb dhe natyrisht kjo do t\u00eb thot\u00eb m\u00eb shum\u00eb mund\u00ebsi p\u00ebr Shqip\u00ebrin\u00eb dhe rajonin e Ballkanit Per\u00ebndimor. Pra, p\u00ebr ne, kjo pyetje \u00ebsht\u00eb absolutisht e r\u00ebnd\u00ebsishme. Ajo q\u00eb \u00ebsht\u00eb e mir\u00eb \u00ebsht\u00eb q\u00eb ne duhet t\u00eb vazhdojm\u00eb t\u00eb mb\u00ebshtesim t\u00eb rinjt\u00eb tan\u00eb, t\u00eb cil\u00ebt kan\u00eb l\u00ebn\u00eb arsimin dhe jan\u00eb joaktiv\u00eb. Ne gjithashtu duhet t\u00eb mendojm\u00eb p\u00ebr ta sepse gjithmon\u00eb flasim p\u00ebr talentet tona, mendjet tona t\u00eb ndritshme, por duhet t\u00eb respektojm\u00eb v\u00ebrtet ato q\u00eb po themi kur i referohemi \u2018Askush nuk mbetet pas\u2019. Pra, kjo do t\u00eb thot\u00eb q\u00eb nga ana jon\u00eb me ndihm\u00ebn ton\u00eb para an\u00ebtar\u00ebsimit, do t\u00eb mb\u00ebshtesim skemat e garantimit t\u00eb t\u00eb rinjve n\u00eb Ballkanin Per\u00ebndimor dhe ne po punojm\u00eb gjithnj\u00eb e m\u00eb shum\u00eb me Komisioner Schmit mbi k\u00ebt\u00eb.<\/span><\/p>\n<p><span style=\"color: #000000;\">Elementi i dyt\u00eb, \u00ebsht\u00eb e r\u00ebnd\u00ebsishme t\u00eb dini se studiuesit nga Ballkani Per\u00ebndimor jan\u00eb tashm\u00eb t\u00eb integruar mir\u00eb n\u00eb komunitetin shkencor evropian. Dhe k\u00ebtu do t\u00eb doja t\u00eb inkurajoja t\u00eb gjith\u00eb Universitetet Shqiptare, studiuesit, nd\u00ebrmarrjet, organizatat k\u00ebrkimore, p\u00ebr t\u00eb rritur p\u00ebrfshirjen e tyre n\u00eb Programin ton\u00eb Primar Evropian p\u00ebr Trajnimin dhe Zhvillimin e Karrier\u00ebs s\u00eb Studiuesve. Duke filluar tashm\u00eb k\u00ebt\u00eb vit, n\u00eb 2021, Programi i par\u00eb i Pun\u00ebs Horizont do t\u00eb p\u00ebrfshij\u00eb masa konkrete p\u00ebr Ballkanin Per\u00ebndimor, p\u00ebr t\u00eb nxitur bashk\u00ebpunimin dhe p\u00ebr t\u00eb forcuar kapacitetet e Institucioneve K\u00ebrkimore n\u00eb rajon.<\/span><\/p>\n<p><span style=\"color: #000000;\">M\u00eb n\u00eb fund, p\u00ebrpjekjet tona do t\u00eb jen\u00eb t\u00eb suksesshme vet\u00ebm kur Evropa mund t\u00eb p\u00ebrfitoj\u00eb nga potenciali i t\u00eb gjith\u00eb talenteve t\u00eb saj. Kjo \u00ebsht\u00eb arsyeja pse duhet t\u00eb nxisim edhe barazin\u00eb gjinore n\u00eb arsim, k\u00ebrkim dhe inovacion.<\/span><\/p>\n<p><span style=\"color: #000000;\">N\u00eb Shqip\u00ebri, shifrat paraprake tregojn\u00eb n\u00eb t\u00eb v\u00ebrtet\u00eb nj\u00eb p\u00ebrqindje shum\u00eb m\u00eb t\u00eb lart\u00eb t\u00eb grave n\u00eb mesin e t\u00eb diplomuarve t\u00eb doktorat\u00ebs mbi 16% dhe shkall\u00ebn m\u00eb t\u00eb lart\u00eb t\u00eb rritjes n\u00eb t\u00eb gjitha vendet an\u00ebtare dhe vendet e treta n\u00eb vitet e fundit, gj\u00eb e cila \u00ebsht\u00eb shum\u00eb inkurajuese. Dhe un\u00eb mendoj se n\u00eb k\u00ebt\u00eb rast mund t\u00eb ndaj iniciativ\u00ebn time t\u00eb fundit, ajo \u00ebsht\u00eb \u00cbomen Tech EU, ajo q\u00eb ne do t\u00eb d\u00ebshironim \u00ebsht\u00eb t\u00eb mb\u00ebshtesim kompanit\u00eb e menaxhuara nga femra, duke siguruar k\u00ebshillime, dhe trainime gjithashtu. K\u00ebshtu q\u00eb, mendoj se kur flasim p\u00ebr m\u00ebnyr\u00ebn se si t\u00eb shtyjm\u00eb t\u00eb rinjt\u00eb p\u00ebr t&#8217;u dh\u00ebn\u00eb atyre mund\u00ebsin\u00eb t\u00eb zgjedhin t\u00eb q\u00ebndrojn\u00eb n\u00eb vendin e tyre, sigurisht q\u00eb \u00ebsht\u00eb ajo mund\u00ebsi q\u00eb u jepet nga teknologjit\u00eb e reja. Kjo \u00ebsht\u00eb arsyeja pse un\u00eb insistova n\u00eb k\u00ebto shembuj. K\u00ebshtu q\u00eb, Zonja dhe zot\u00ebrinj, un\u00eb do t\u00eb doja t\u00eb them p\u00ebrs\u00ebri se shum\u00eb politika t\u00eb suksesshme k\u00ebrkojn\u00eb nj\u00eb kuptim t\u00eb mir\u00eb t\u00eb sfidave dhe gatishm\u00ebrin\u00eb p\u00ebr t\u00eb vepruar me vendosm\u00ebri. Dhe un\u00eb mendoj se kjo \u00ebsht\u00eb pik\u00ebrisht ajo q\u00eb ne shohim sot me k\u00ebt\u00eb ngjarje. Sfidat aktuale k\u00ebrkojn\u00eb nj\u00eb investim t\u00eb fort\u00eb n\u00eb njohuri si nj\u00eb parakusht strategjik p\u00ebr suksesin ekonomik dhe shoq\u00ebror. K\u00ebshtu q\u00eb Komisioni Evropian \u00ebsht\u00eb k\u00ebtu p\u00ebr t&#8217;ju ndihmuar, p\u00ebr t\u00eb mb\u00ebshtetur Shqip\u00ebrin\u00eb, rajonet e Ballkanit Per\u00ebndimor. Nga ana ime ju siguroj q\u00eb, ne do t\u00eb p\u00ebrdorim t\u00eb gjitha mjetet dhe iniciativat n\u00eb dispozicion p\u00ebrfshir\u00eb agjend\u00ebn e ardhshme &#8211; Agjenda e Ballkanit Per\u00ebndimor n\u00eb Inovacion\/Zhvillim e sip\u00ebr, K\u00ebrkim Shkencor, Kultur\u00eb, Arsim dhe Rini p\u00ebr t\u00eb avancuar bashk\u00ebpunimin ton\u00eb dhe p\u00ebr t\u00eb rritur rim\u00ebk\u00ebmbjen socio-ekonomike dhe konvergjenc\u00ebn me BE.<\/span><\/p>\n<p><a href=\"https:\/\/hashtag.al\/wp-content\/uploads\/2021\/03\/WhatsApp-Image-2021-03-23-at-10.38.30-1.jpeg\"><img loading=\"lazy\" decoding=\"async\" class=\"aligncenter size-full wp-image-438115\" src=\"https:\/\/hashtag.al\/wp-content\/uploads\/2021\/03\/WhatsApp-Image-2021-03-23-at-10.38.30-1.jpeg\" alt=\"\" width=\"1024\" height=\"682\" srcset=\"https:\/\/www.hashtag.al\/wp-content\/uploads\/2021\/03\/WhatsApp-Image-2021-03-23-at-10.38.30-1.jpeg 1024w, https:\/\/www.hashtag.al\/wp-content\/uploads\/2021\/03\/WhatsApp-Image-2021-03-23-at-10.38.30-1-300x200.jpeg 300w, https:\/\/www.hashtag.al\/wp-content\/uploads\/2021\/03\/WhatsApp-Image-2021-03-23-at-10.38.30-1-768x512.jpeg 768w\" sizes=\"auto, (max-width: 1024px) 100vw, 1024px\" \/><\/a><\/p>\n","protected":false,"gt_translate_keys":[{"key":"rendered","format":"html"}]},"excerpt":{"rendered":"<p>N\u00eb nj\u00eb diskutim online me kreun e PD-s\u00eb Lulzim Basha, Komisionerja e BE-s\u00eb Mariya Gabriel, vler\u00ebsoi planin e kryedemokratit p\u00ebr arsimin n\u00eb Shqip\u00ebri. Ajo e cil\u00ebsoi at\u00eb nj\u00eb iniciativ\u00eb t\u00eb r\u00ebnd\u00ebsishme, nd\u00ebrsa shtoi se t\u00eb gjith\u00eb kan\u00eb nevoj\u00eb p\u00ebr njer\u00ebz me aft\u00ebsi. \u201cT\u00eb gjith\u00eb e dini se \u00e7far\u00eb dua t\u00eb them, por p\u00ebr ne, kjo [&hellip;]<\/p>\n","protected":false,"gt_translate_keys":[{"key":"rendered","format":"html"}]},"author":30,"featured_media":438116,"comment_status":"open","ping_status":"open","sticky":false,"template":"","format":"standard","meta":{"footnotes":""},"categories":[13],"tags":[],"class_list":["post-438114","post","type-post","status-publish","format-standard","has-post-thumbnail","hentry","category-te-fundit"],"gt_translate_keys":[{"key":"link","format":"url"}],"_links":{"self":[{"href":"https:\/\/www.hashtag.al\/index.php\/wp-json\/wp\/v2\/posts\/438114","targetHints":{"allow":["GET"]}}],"collection":[{"href":"https:\/\/www.hashtag.al\/index.php\/wp-json\/wp\/v2\/posts"}],"about":[{"href":"https:\/\/www.hashtag.al\/index.php\/wp-json\/wp\/v2\/types\/post"}],"author":[{"embeddable":true,"href":"https:\/\/www.hashtag.al\/index.php\/wp-json\/wp\/v2\/users\/30"}],"replies":[{"embeddable":true,"href":"https:\/\/www.hashtag.al\/index.php\/wp-json\/wp\/v2\/comments?post=438114"}],"version-history":[{"count":0,"href":"https:\/\/www.hashtag.al\/index.php\/wp-json\/wp\/v2\/posts\/438114\/revisions"}],"wp:featuredmedia":[{"embeddable":true,"href":"https:\/\/www.hashtag.al\/index.php\/wp-json\/wp\/v2\/media\/438116"}],"wp:attachment":[{"href":"https:\/\/www.hashtag.al\/index.php\/wp-json\/wp\/v2\/media?parent=438114"}],"wp:term":[{"taxonomy":"category","embeddable":true,"href":"https:\/\/www.hashtag.al\/index.php\/wp-json\/wp\/v2\/categories?post=438114"},{"taxonomy":"post_tag","embeddable":true,"href":"https:\/\/www.hashtag.al\/index.php\/wp-json\/wp\/v2\/tags?post=438114"}],"curies":[{"name":"wp","href":"https:\/\/api.w.org\/{rel}","templated":true}]}}