{"id":438084,"date":"2021-03-23T09:37:11","date_gmt":"2021-03-23T08:37:11","guid":{"rendered":"https:\/\/hashtag.al\/?p=438084"},"modified":"2021-03-23T09:37:11","modified_gmt":"2021-03-23T08:37:11","slug":"gjermania-zgjat-bllokimin-deri-me-18-prill-merkel-jemi-ne-nje-pandemi-te-re-te-covid-19","status":"publish","type":"post","link":"https:\/\/www.hashtag.al\/index.php\/2021\/03\/23\/gjermania-zgjat-bllokimin-deri-me-18-prill-merkel-jemi-ne-nje-pandemi-te-re-te-covid-19\/","title":{"rendered":"Gjermania zgjat bllokimin deri m\u00eb 18 prill, Merkel: Jemi n\u00eb nj\u00eb pandemi t\u00eb re t\u00eb Covid-19","gt_translate_keys":[{"key":"rendered","format":"text"}]},"content":{"rendered":"<p><span style=\"color: #000000;\"><a href=\"https:\/\/hashtag.al\/wp-content\/uploads\/2021\/03\/merkel-Gjermani.jpg\"><img loading=\"lazy\" decoding=\"async\" class=\"aligncenter size-full wp-image-438085\" src=\"https:\/\/hashtag.al\/wp-content\/uploads\/2021\/03\/merkel-Gjermani.jpg\" alt=\"\" width=\"1200\" height=\"665\" srcset=\"https:\/\/www.hashtag.al\/wp-content\/uploads\/2021\/03\/merkel-Gjermani.jpg 1200w, https:\/\/www.hashtag.al\/wp-content\/uploads\/2021\/03\/merkel-Gjermani-300x166.jpg 300w, https:\/\/www.hashtag.al\/wp-content\/uploads\/2021\/03\/merkel-Gjermani-768x426.jpg 768w, https:\/\/www.hashtag.al\/wp-content\/uploads\/2021\/03\/merkel-Gjermani-1024x567.jpg 1024w, https:\/\/www.hashtag.al\/wp-content\/uploads\/2021\/03\/merkel-Gjermani-750x415.jpg 750w\" sizes=\"auto, (max-width: 1200px) 100vw, 1200px\" \/><\/a><\/span><\/p>\n<p><span style=\"color: #000000;\">Gjermania ka zgjatur masat e saj t\u00eb bllokimit me nj\u00eb muaj tjet\u00ebr dhe ka vendosur disa kufizime t\u00eb reja, n\u00eb nj\u00eb p\u00ebrpjekje p\u00ebr t\u00eb ulur shkall\u00ebn e infeksioneve t\u00eb koronavirusit.<\/span><\/p>\n<p><span style=\"color: #000000;\">Her\u00ebt k\u00ebt\u00eb t\u00eb mart\u00eb, kancelarja Angela Merkel zbuloi gjat\u00eb nj\u00eb komunikimi me video me 16 guvernator\u00ebt e landeve, se kufizimet e vendosura m\u00eb par\u00eb q\u00eb do t\u00eb mbaronin m\u00eb 28 Mars tani do t\u00eb q\u00ebndrojn\u00eb n\u00eb fuqi deri m\u00eb 18 Prill. Kjo koh\u00eb kufizimesh \u00ebsht\u00eb e ve\u00e7ant\u00eb, pasi p\u00ebrfshin edhe t\u00eb diel\u00ebn e Pashk\u00ebve, nj\u00eb nga festat m\u00eb t\u00eb r\u00ebnd\u00ebsishme fetare n\u00eb Gjermani pas Krishtlindjeve.\u00a0<\/span><\/p>\n<p><span style=\"color: #000000;\">Si\u00e7 shkruan AP, numri i t\u00eb infektuarve me koronavirus \u00ebsht\u00eb rritur n\u00eb m\u00ebnyr\u00eb t\u00eb vazhdueshme n\u00eb Gjermani pasi varianti britanik i cili \u00ebsht\u00eb m\u00eb ngjit\u00ebs \u00ebsht\u00eb b\u00ebr\u00eb tani mbizot\u00ebrues n\u00eb vend dhe numri ditor i rasteve t\u00eb vendit p\u00ebr frym\u00eb, ka kaluar at\u00eb t\u00eb Shteteve t\u00eb Bashkuara.<\/span><\/p>\n<p><span style=\"color: #000000;\"><em>\u201cNe n\u00eb thelb kemi nj\u00eb pandemi t\u00eb re.&#8221;<\/em>&#8211; u tha Merkel gazetar\u00ebve n\u00eb Berlin. Ajo shtoi:<em> &#8220;N\u00eb thelb kemi nj\u00eb virus t\u00eb ri, padyshim t\u00eb t\u00eb nj\u00ebjtit lloj, por me karakteristika krejt\u00ebsisht t\u00eb ndryshme. N\u00eb m\u00ebnyr\u00eb dometh\u00ebn\u00ebse m\u00eb vdekjeprur\u00ebs, duksh\u00ebm m\u00eb infektiv dhe q\u00ebndron infektiv p\u00ebr m\u00eb gjat\u00eb.&#8221;<\/em><\/span><\/p>\n","protected":false,"gt_translate_keys":[{"key":"rendered","format":"html"}]},"excerpt":{"rendered":"<p>Gjermania ka zgjatur masat e saj t\u00eb bllokimit me nj\u00eb muaj tjet\u00ebr dhe ka vendosur disa kufizime t\u00eb reja, n\u00eb nj\u00eb p\u00ebrpjekje p\u00ebr t\u00eb ulur shkall\u00ebn e infeksioneve t\u00eb koronavirusit. Her\u00ebt k\u00ebt\u00eb t\u00eb mart\u00eb, kancelarja Angela Merkel zbuloi gjat\u00eb nj\u00eb komunikimi me video me 16 guvernator\u00ebt e landeve, se kufizimet e vendosura m\u00eb par\u00eb q\u00eb [&hellip;]<\/p>\n","protected":false,"gt_translate_keys":[{"key":"rendered","format":"html"}]},"author":30,"featured_media":438085,"comment_status":"open","ping_status":"open","sticky":false,"template":"","format":"standard","meta":{"footnotes":""},"categories":[6,13],"tags":[],"class_list":["post-438084","post","type-post","status-publish","format-standard","has-post-thumbnail","hentry","category-nderkombetare","category-te-fundit"],"gt_translate_keys":[{"key":"link","format":"url"}],"_links":{"self":[{"href":"https:\/\/www.hashtag.al\/index.php\/wp-json\/wp\/v2\/posts\/438084","targetHints":{"allow":["GET"]}}],"collection":[{"href":"https:\/\/www.hashtag.al\/index.php\/wp-json\/wp\/v2\/posts"}],"about":[{"href":"https:\/\/www.hashtag.al\/index.php\/wp-json\/wp\/v2\/types\/post"}],"author":[{"embeddable":true,"href":"https:\/\/www.hashtag.al\/index.php\/wp-json\/wp\/v2\/users\/30"}],"replies":[{"embeddable":true,"href":"https:\/\/www.hashtag.al\/index.php\/wp-json\/wp\/v2\/comments?post=438084"}],"version-history":[{"count":0,"href":"https:\/\/www.hashtag.al\/index.php\/wp-json\/wp\/v2\/posts\/438084\/revisions"}],"wp:featuredmedia":[{"embeddable":true,"href":"https:\/\/www.hashtag.al\/index.php\/wp-json\/wp\/v2\/media\/438085"}],"wp:attachment":[{"href":"https:\/\/www.hashtag.al\/index.php\/wp-json\/wp\/v2\/media?parent=438084"}],"wp:term":[{"taxonomy":"category","embeddable":true,"href":"https:\/\/www.hashtag.al\/index.php\/wp-json\/wp\/v2\/categories?post=438084"},{"taxonomy":"post_tag","embeddable":true,"href":"https:\/\/www.hashtag.al\/index.php\/wp-json\/wp\/v2\/tags?post=438084"}],"curies":[{"name":"wp","href":"https:\/\/api.w.org\/{rel}","templated":true}]}}