{"id":437880,"date":"2021-03-22T10:56:06","date_gmt":"2021-03-22T09:56:06","guid":{"rendered":"https:\/\/hashtag.al\/?p=437880"},"modified":"2021-03-22T10:56:06","modified_gmt":"2021-03-22T09:56:06","slug":"basha-kujton-22-marsin-e-vitit-1992-do-mposhtim-te-keqen-dhe-do-rinisim-rrugetimin-tone-drejt-europes","status":"publish","type":"post","link":"https:\/\/www.hashtag.al\/index.php\/2021\/03\/22\/basha-kujton-22-marsin-e-vitit-1992-do-mposhtim-te-keqen-dhe-do-rinisim-rrugetimin-tone-drejt-europes\/","title":{"rendered":"Basha kujton 22 marsin e vitit 1992: &#8220;Do mposhtim t\u00eb keqen dhe do rinisim rrug\u00ebtimin ton\u00eb drejt Europ\u00ebs&#8221;","gt_translate_keys":[{"key":"rendered","format":"text"}]},"content":{"rendered":"<p><span style=\"color: #000000;\"><a href=\"https:\/\/hashtag.al\/wp-content\/uploads\/2021\/03\/WhatsApp-Image-2021-03-22-at-10.37.08.jpeg\"><img loading=\"lazy\" decoding=\"async\" class=\"aligncenter size-full wp-image-437881\" src=\"https:\/\/hashtag.al\/wp-content\/uploads\/2021\/03\/WhatsApp-Image-2021-03-22-at-10.37.08.jpeg\" alt=\"\" width=\"1024\" height=\"682\" srcset=\"https:\/\/www.hashtag.al\/wp-content\/uploads\/2021\/03\/WhatsApp-Image-2021-03-22-at-10.37.08.jpeg 1024w, https:\/\/www.hashtag.al\/wp-content\/uploads\/2021\/03\/WhatsApp-Image-2021-03-22-at-10.37.08-300x200.jpeg 300w, https:\/\/www.hashtag.al\/wp-content\/uploads\/2021\/03\/WhatsApp-Image-2021-03-22-at-10.37.08-768x512.jpeg 768w\" sizes=\"auto, (max-width: 1024px) 100vw, 1024px\" \/><\/a><\/span><\/p>\n<p><span style=\"color: #000000;\">K\u00ebt\u00eb t\u00eb h\u00ebn\u00eb, PD ka kujtuar 22 marsin e vitit 1992, e cila simbolizon dhe dit\u00ebn e fitores s\u00eb zgjedhjeve t\u00eb para t\u00eb demokrat\u00ebve, pas r\u00ebnies s\u00eb diktatur\u00ebs.<\/span><\/p>\n<p><span style=\"color: #000000;\">Gjat\u00eb fjal\u00ebs s\u00eb tij, Basha tha se fitorja e par\u00eb e zgjedhjeve nga PD, \u00ebsht\u00eb nj\u00eb dit\u00eb dometh\u00ebn\u00ebse jo vet\u00ebm p\u00ebr demokrat\u00ebt, po p\u00ebr t\u00eb gjith\u00eb shqiptar\u00ebt. Pasi sipas tij \u201cajo ishte ora e ndarjes p\u00ebrfundimtare me diktatur\u00ebn dhe fillimi i nj\u00eb procesi t\u00eb ri\u201d.<\/span><\/p>\n<p><span style=\"color: #000000;\">Ai foli mbi vizionin q\u00eb ka pasur 29 vite m\u00eb par\u00eb PD-ja, ku thirrja e tyre ishte \u201cE duam Shqip\u00ebrin\u00eb si gjith\u00eb Evropa\u201d. Basha tha se ka marr\u00eb p\u00ebrsip\u00ebr angazhimin, p\u00ebr ta realizuar k\u00ebt\u00eb \u00ebnd\u00ebrr t\u00eb shqiptar\u00ebve.<\/span><\/p>\n<p><em><span style=\"color: #000000;\">\u201cT\u00eb nderuar zonja dhe zot\u00ebrinj, demokrat\u00eb dhe demokrate, themelues, drejtues, fitimtar\u00eb t\u00eb betejave t\u00eb Partis\u00eb Demokratike n\u00eb vite. \u00cbsht\u00eb nj\u00eb k\u00ebnaq\u00ebsi e jasht\u00ebzakonshme t\u00eb ndodhemi bashk\u00eb sot, ndon\u00ebse n\u00eb k\u00ebt\u00eb realitet diktuar virtualisht nga pandemia p\u00ebr t\u00eb kujtuar 22 Marsin, dit\u00ebn e madhe t\u00eb demokracis\u00eb n\u00eb Shqip\u00ebri. Pas nj\u00eb terri t\u00eb gjat\u00eb dhe pas nj\u00eb rrug\u00ebtimi n\u00eb tunel t\u00eb err\u00ebt, drita e shpres\u00ebs sh\u00ebnoi fillimin e udh\u00ebtimit ton\u00eb drejt Shqip\u00ebris\u00eb europiane.<\/span><\/em><\/p>\n<p><em><span style=\"color: #000000;\">Fitorja e par\u00eb e zgjedhjeve nga Partia Demokratike, \u00ebsht\u00eb nj\u00eb dit\u00eb dometh\u00ebn\u00ebse jo vet\u00ebm p\u00ebr ne demokrat\u00ebt, po p\u00ebr t\u00eb gjith\u00eb shqiptar\u00ebt. Ajo ishte ora e ndarjes p\u00ebrfundimtare me diktatur\u00ebn dhe fillimi i nj\u00eb procesi t\u00eb ri, v\u00ebrtet t\u00eb gjat\u00eb dhe t\u00eb lodhsh\u00ebm, por t\u00eb domosdosh\u00ebm p\u00ebr nj\u00eb vend q\u00eb aspiron t\u00eb b\u00ebhet an\u00ebtar i Bashkimit Europian.<\/span><\/em><\/p>\n<p><em><span style=\"color: #000000;\">22 Marsi, kjo dit\u00eb e shpres\u00ebs, dit\u00eb e fitores, kthehet sot n\u00eb nj\u00eb frym\u00ebzim dhe angazhim t\u00eb ri p\u00ebr ne q\u00eb t\u00eb japim gjith\u00e7ka q\u00eb kemi p\u00ebr ta b\u00ebr\u00eb Shqip\u00ebrin\u00eb nj\u00eb vend m\u00eb t\u00eb mir\u00eb. Rrug\u00ebtimi yn\u00eb nuk ka qen\u00eb i leht\u00eb. Ka patur dhe padyshim q\u00eb do t\u00eb ket\u00eb v\u00ebshtir\u00ebsi edhe n\u00eb t\u00eb ardhmen, por ne demokrat\u00ebt kemi treguar q\u00eb jemi serioz\u00eb dhe k\u00ebmb\u00ebngul\u00ebs n\u00eb ato q\u00eb b\u00ebjm\u00eb. Gjat\u00eb qeverisjes ton\u00eb, ne iu mund\u00ebsuam shqiptar\u00ebve l\u00ebvizjen e lir\u00eb dhe pa viza n\u00eb Europ\u00eb. Ne e an\u00ebtar\u00ebsuam Shqip\u00ebrin\u00eb n\u00eb NATO.<\/span><\/em><\/p>\n<p><em><span style=\"color: #000000;\">Ne e afruam vendin edhe m\u00eb shum\u00eb me Bashkimin Europian ku sot p\u00ebr fat t\u00eb keq e shohim q\u00eb ky proces ka 8 vite q\u00eb ka ngecuar n\u00eb vend p\u00ebr shkak t\u00eb keqqeverisjes, p\u00ebr shkak t\u00eb nj\u00eb kryeministri q\u00eb mendon vet\u00ebm p\u00ebr veten dhe p\u00ebr oligark\u00ebt e tij. Sot ne bashkohemi t\u00eb gjith\u00eb me nj\u00eb mision t\u00eb vet\u00ebm: ta \u00e7lirojm\u00eb Shqip\u00ebrin\u00eb nga kjo e keqe q\u00eb e ka mb\u00ebrthyer dhe q\u00eb e mban peng. Sot s\u00eb bashku me ju, t\u00eb gjith\u00eb q\u00eb jeni t\u00eb pranish\u00ebm n\u00eb k\u00ebt\u00eb takim mbi themelet q\u00eb u ngrit dhe q\u00ebndron fort kjo parti me aspiratat tuaja, me f\u00ebmij\u00ebt tuaj, me f\u00ebmij\u00ebt e gjith\u00eb Shqip\u00ebris\u00eb, ne do ta b\u00ebjm\u00eb realitet k\u00ebt\u00eb \u00ebnd\u00ebrr t\u00eb shqiptar\u00ebve. Ju q\u00eb jeni sot n\u00eb k\u00ebt\u00eb takim, jeni d\u00ebshmi e gjall\u00eb dhe d\u00ebshir\u00ebs p\u00ebr ta b\u00ebr\u00eb Shqip\u00ebrin\u00eb si gjith\u00eb Europa, askush nuk na e m\u00ebsoi, askush nuk j\u2019ua m\u00ebsoi shprehjen; \u2018e duam Shqip\u00ebrin\u00eb si gjith\u00eb Europa\u2019.<\/span><\/em><\/p>\n<p><em><span style=\"color: #000000;\">Ajo lindi dhe u ngrit natyrsh\u00ebm si nj\u00eb d\u00ebshir\u00eb e ndrydhur thell\u00eb n\u00eb shpirtin tuaj, si nj\u00eb d\u00ebshir\u00eb e marr\u00eb peng nga nj\u00eb regjim i pashpirt. M\u00eb 22 mars 1992, e duam Shqip\u00ebrin\u00eb si gjith\u00eb Europa ishte thirrja q\u00eb i buronte nga shpirti i \u00e7do shqiptari i cili flaku tutje zinxhir\u00ebt e skllav\u00ebris\u00eb s\u00eb diktatur\u00ebs duke e par\u00eb t\u00eb ardhmen ton\u00eb drejt per\u00ebndimit, drejt Europ\u00ebs.<\/span><\/em><\/p>\n<p><span style=\"color: #000000;\"><em>Sot n\u00eb k\u00ebt\u00eb takim me pjes\u00ebmarrjen tuaj, n\u00eb syt\u00eb tuaj, un\u00eb dhe \u00e7do shqiptar lexojm\u00eb shpres\u00ebn dhe d\u00ebshir\u00ebn q\u00eb t\u2019i afrohemi sa m\u00eb shum\u00eb dhe sa m\u00eb shpejt\u00eb Europ\u00ebs. E di q\u00eb t\u00eb gjith\u00eb do t\u00eb donit m\u00eb shum\u00eb se kaq, t\u00eb gjith\u00eb shqiptar\u00ebt duan q\u00eb ne ta p\u00ebrmbyllim sa m\u00eb shpejt k\u00ebt\u00eb mision historik q\u00eb t\u2019i b\u00ebjm\u00eb realitet \u00ebndrrat tuaja t\u00eb kahershme, \u00ebndrr\u00ebn e t\u00eb gjith\u00eb shqiptar\u00ebve. <\/em><\/span><\/p>\n<p><span style=\"color: #000000;\"><em>Ky \u00ebsht\u00eb angazhimi yn\u00eb, ky \u00ebsht\u00eb angazhimi im dhe t\u00eb gjith\u00eb s\u00eb bashku do t\u2019ia dalim. Ju fal\u00ebnderoj nga zemra p\u00ebr t\u00eb gjith\u00eb angazhimin tuaj q\u00eb dit\u00ebt e para t\u00eb k\u00ebsaj beteje t\u00eb pashembullt e cila ka dhe do t\u00eb ket\u00eb vet\u00ebm nj\u00eb p\u00ebrfundim: mposhtjen e t\u00eb keqes dhe fitoren e \u00ebndrr\u00ebs t\u00eb shqiptar\u00ebve t\u00eb bashkuar, rinisje n\u00eb rrug\u00ebtimin ton\u00eb drejt Europ\u00ebs, fitoren e \u00e7do familjeje Shqiptare dhe t\u00eb Shqip\u00ebris\u00eb! Ju faleminderit!\u201d-<\/em> tha Basha.<\/span><\/p>\n<p><a href=\"https:\/\/hashtag.al\/wp-content\/uploads\/2021\/03\/WhatsApp-Image-2021-03-22-at-10.37.09.jpeg\"><img loading=\"lazy\" decoding=\"async\" class=\"aligncenter size-full wp-image-437882\" src=\"https:\/\/hashtag.al\/wp-content\/uploads\/2021\/03\/WhatsApp-Image-2021-03-22-at-10.37.09.jpeg\" alt=\"\" width=\"1024\" height=\"682\" srcset=\"https:\/\/www.hashtag.al\/wp-content\/uploads\/2021\/03\/WhatsApp-Image-2021-03-22-at-10.37.09.jpeg 1024w, https:\/\/www.hashtag.al\/wp-content\/uploads\/2021\/03\/WhatsApp-Image-2021-03-22-at-10.37.09-300x200.jpeg 300w, https:\/\/www.hashtag.al\/wp-content\/uploads\/2021\/03\/WhatsApp-Image-2021-03-22-at-10.37.09-768x512.jpeg 768w\" sizes=\"auto, (max-width: 1024px) 100vw, 1024px\" \/><\/a><\/p>\n","protected":false,"gt_translate_keys":[{"key":"rendered","format":"html"}]},"excerpt":{"rendered":"<p>K\u00ebt\u00eb t\u00eb h\u00ebn\u00eb, PD ka kujtuar 22 marsin e vitit 1992, e cila simbolizon dhe dit\u00ebn e fitores s\u00eb zgjedhjeve t\u00eb para t\u00eb demokrat\u00ebve, pas r\u00ebnies s\u00eb diktatur\u00ebs. Gjat\u00eb fjal\u00ebs s\u00eb tij, Basha tha se fitorja e par\u00eb e zgjedhjeve nga PD, \u00ebsht\u00eb nj\u00eb dit\u00eb dometh\u00ebn\u00ebse jo vet\u00ebm p\u00ebr demokrat\u00ebt, po p\u00ebr t\u00eb gjith\u00eb shqiptar\u00ebt. [&hellip;]<\/p>\n","protected":false,"gt_translate_keys":[{"key":"rendered","format":"html"}]},"author":30,"featured_media":437881,"comment_status":"open","ping_status":"open","sticky":false,"template":"","format":"standard","meta":{"footnotes":""},"categories":[65,13],"tags":[],"class_list":["post-437880","post","type-post","status-publish","format-standard","has-post-thumbnail","hentry","category-lajme","category-te-fundit"],"gt_translate_keys":[{"key":"link","format":"url"}],"_links":{"self":[{"href":"https:\/\/www.hashtag.al\/index.php\/wp-json\/wp\/v2\/posts\/437880","targetHints":{"allow":["GET"]}}],"collection":[{"href":"https:\/\/www.hashtag.al\/index.php\/wp-json\/wp\/v2\/posts"}],"about":[{"href":"https:\/\/www.hashtag.al\/index.php\/wp-json\/wp\/v2\/types\/post"}],"author":[{"embeddable":true,"href":"https:\/\/www.hashtag.al\/index.php\/wp-json\/wp\/v2\/users\/30"}],"replies":[{"embeddable":true,"href":"https:\/\/www.hashtag.al\/index.php\/wp-json\/wp\/v2\/comments?post=437880"}],"version-history":[{"count":0,"href":"https:\/\/www.hashtag.al\/index.php\/wp-json\/wp\/v2\/posts\/437880\/revisions"}],"wp:featuredmedia":[{"embeddable":true,"href":"https:\/\/www.hashtag.al\/index.php\/wp-json\/wp\/v2\/media\/437881"}],"wp:attachment":[{"href":"https:\/\/www.hashtag.al\/index.php\/wp-json\/wp\/v2\/media?parent=437880"}],"wp:term":[{"taxonomy":"category","embeddable":true,"href":"https:\/\/www.hashtag.al\/index.php\/wp-json\/wp\/v2\/categories?post=437880"},{"taxonomy":"post_tag","embeddable":true,"href":"https:\/\/www.hashtag.al\/index.php\/wp-json\/wp\/v2\/tags?post=437880"}],"curies":[{"name":"wp","href":"https:\/\/api.w.org\/{rel}","templated":true}]}}