{"id":437672,"date":"2021-03-21T12:32:23","date_gmt":"2021-03-21T11:32:23","guid":{"rendered":"https:\/\/hashtag.al\/?p=437672"},"modified":"2021-03-21T12:34:25","modified_gmt":"2021-03-21T11:34:25","slug":"thyerja-e-xhamave-te-ps-se-e-pdiu-se-ne-fier-i-riu-kishte-filmuar-gjithcka-video","status":"publish","type":"post","link":"https:\/\/www.hashtag.al\/index.php\/2021\/03\/21\/thyerja-e-xhamave-te-ps-se-e-pdiu-se-ne-fier-i-riu-kishte-filmuar-gjithcka-video\/","title":{"rendered":"Thyerja e xhamave t\u00eb PS-s\u00eb e PDIU-s\u00eb n\u00eb Fier, i riu kishte filmuar gjith\u00e7ka (VIDEO)","gt_translate_keys":[{"key":"rendered","format":"text"}]},"content":{"rendered":"<p><span style=\"color: #000000;\"><a href=\"https:\/\/hashtag.al\/wp-content\/uploads\/2021\/03\/Fier.jpg\"><img loading=\"lazy\" decoding=\"async\" class=\"aligncenter size-full wp-image-437668\" src=\"https:\/\/hashtag.al\/wp-content\/uploads\/2021\/03\/Fier.jpg\" alt=\"\" width=\"796\" height=\"479\" srcset=\"https:\/\/www.hashtag.al\/wp-content\/uploads\/2021\/03\/Fier.jpg 796w, https:\/\/www.hashtag.al\/wp-content\/uploads\/2021\/03\/Fier-300x181.jpg 300w, https:\/\/www.hashtag.al\/wp-content\/uploads\/2021\/03\/Fier-768x462.jpg 768w\" sizes=\"auto, (max-width: 796px) 100vw, 796px\" \/><\/a><\/span><\/p>\n<p><span style=\"color: #000000;\">Publikohet nj\u00eb video nga incidenti n\u00eb Fier, ku u sulmuan xhamat e dyerve e dritareve t\u00eb dy subjekteve politike: PS dhe PDIU.<\/span><\/p>\n<p><span style=\"color: #000000;\">N\u00eb videon e publikuar nga \u201cJOQ\u201d t\u00eb xhiruar nga vet\u00eb autor\u00ebt, tregohet nj\u00eb i ri q\u00eb gjuan me gur drejt xhamave me logot e partive sip\u00ebr.<\/span><\/p>\n<p><em><span style=\"color: #000000;\">\u201cP\u00ebrsh\u00ebndetje JOQ, k\u00ebtu jemi n\u00eb Fier te nj\u00eb dyqan i Rilindjes, kemi p\u00ebr t\u2019i q*** motr\u00ebn mu n\u00eb **** Edi Ram\u00ebs, dhe Rilindjes dhe atyre k\u00eblyshave t\u00eb **** q\u00eb e shesin vot\u00ebn.<\/span><\/em><\/p>\n<p><em><span style=\"color: #000000;\">\u00a0Motr\u00ebn dhe Edi Ram\u00ebn. K\u00ebtu jemi n\u00eb Fier te nj\u00eb dyqan i PDIU-s\u00eb, k\u00ebta jan\u00eb klyshat q\u00eb na vjedhin, ua b\u00ebra xhamin vrima vrima, erdhi shteti nuk m\u00eb kapi kam p\u00ebr t\u2019iua q\u2026 ropt.<\/span><\/em><\/p>\n<p><em><span style=\"color: #000000;\">K\u00ebtu kemi nj\u00eb tjet\u00ebr Rilindje, nj\u00eb tjet\u00ebr dyqan gjakpir\u00ebsash, pak metra m\u00eb tutje \u00ebsht\u00eb qendra e Fierit, ku \u00ebsht\u00eb shteti, ku \u00ebsht\u00eb Edi Rama?! Motr\u00ebn!<\/span><\/em><\/p>\n<p><span style=\"color: #000000;\"><em>K\u00ebt\u00eb shembull duhet ta marrin t\u00eb gjith\u00eb shqiotar\u00ebt, t\u00eb shkat\u00ebrrojm\u00eb gjith\u00eb selit\u00eb e PS-s\u00eb, PD-s\u00eb, PDIU-s\u00eb, K\u00c7K-s\u00eb, pedofilave, \u00e7a jan\u00eb e nga jan\u00eb. Le t\u2019ja shkat\u00ebrrojm\u00eb pronat, kaq kisha. Mirupafshim!\u201d<\/em>&#8211; shprehet i riu n\u00eb video.<\/span><\/p>\n<p><span style=\"color: #000000;\">N\u00eb or\u00ebt e para t\u00eb m\u00ebngjesit n\u00eb qytetin e Fierit\u00a0sulmuan me gur\u00eb zyrat elektorale t\u00eb PS-s\u00eb dhe PDIU-s\u00eb.<\/span><\/p>\n<p><span style=\"color: #000000;\">N\u00eb nj\u00eb prononcim p\u00ebr \u201cFax News\u201d, bashk\u00ebkryetarja e shtabit elektoral t\u00eb PS-s\u00eb n\u00eb lagjen 1 Maji, Aljosha Doko, tha se veprimi i thyerjes s\u00eb zyrave ishte i turpsh\u00ebm, dhe drejtoi gishtin nga kund\u00ebrshtar\u00ebt politik\u00eb. Por mesa duket i riu e paska patur inatin me t\u00eb gjitha partit\u00eb politike.<\/span><\/p>\n<div style=\"width: 640px;\" class=\"wp-video\"><video class=\"wp-video-shortcode\" id=\"video-437672-1\" width=\"640\" height=\"640\" preload=\"metadata\" controls=\"controls\"><source type=\"video\/mp4\" src=\"https:\/\/hashtag.al\/wp-content\/uploads\/2021\/03\/1616325790529.mp4?_=1\" \/><a href=\"https:\/\/hashtag.al\/wp-content\/uploads\/2021\/03\/1616325790529.mp4\">https:\/\/hashtag.al\/wp-content\/uploads\/2021\/03\/1616325790529.mp4<\/a><\/video><\/div>\n","protected":false,"gt_translate_keys":[{"key":"rendered","format":"html"}]},"excerpt":{"rendered":"<p>Publikohet nj\u00eb video nga incidenti n\u00eb Fier, ku u sulmuan xhamat e dyerve e dritareve t\u00eb dy subjekteve politike: PS dhe PDIU. N\u00eb videon e publikuar nga \u201cJOQ\u201d t\u00eb xhiruar nga vet\u00eb autor\u00ebt, tregohet nj\u00eb i ri q\u00eb gjuan me gur drejt xhamave me logot e partive sip\u00ebr. \u201cP\u00ebrsh\u00ebndetje JOQ, k\u00ebtu jemi n\u00eb Fier te [&hellip;]<\/p>\n","protected":false,"gt_translate_keys":[{"key":"rendered","format":"html"}]},"author":30,"featured_media":437668,"comment_status":"open","ping_status":"open","sticky":false,"template":"","format":"standard","meta":{"footnotes":""},"categories":[65,13],"tags":[],"class_list":["post-437672","post","type-post","status-publish","format-standard","has-post-thumbnail","hentry","category-lajme","category-te-fundit"],"gt_translate_keys":[{"key":"link","format":"url"}],"_links":{"self":[{"href":"https:\/\/www.hashtag.al\/index.php\/wp-json\/wp\/v2\/posts\/437672","targetHints":{"allow":["GET"]}}],"collection":[{"href":"https:\/\/www.hashtag.al\/index.php\/wp-json\/wp\/v2\/posts"}],"about":[{"href":"https:\/\/www.hashtag.al\/index.php\/wp-json\/wp\/v2\/types\/post"}],"author":[{"embeddable":true,"href":"https:\/\/www.hashtag.al\/index.php\/wp-json\/wp\/v2\/users\/30"}],"replies":[{"embeddable":true,"href":"https:\/\/www.hashtag.al\/index.php\/wp-json\/wp\/v2\/comments?post=437672"}],"version-history":[{"count":0,"href":"https:\/\/www.hashtag.al\/index.php\/wp-json\/wp\/v2\/posts\/437672\/revisions"}],"wp:featuredmedia":[{"embeddable":true,"href":"https:\/\/www.hashtag.al\/index.php\/wp-json\/wp\/v2\/media\/437668"}],"wp:attachment":[{"href":"https:\/\/www.hashtag.al\/index.php\/wp-json\/wp\/v2\/media?parent=437672"}],"wp:term":[{"taxonomy":"category","embeddable":true,"href":"https:\/\/www.hashtag.al\/index.php\/wp-json\/wp\/v2\/categories?post=437672"},{"taxonomy":"post_tag","embeddable":true,"href":"https:\/\/www.hashtag.al\/index.php\/wp-json\/wp\/v2\/tags?post=437672"}],"curies":[{"name":"wp","href":"https:\/\/api.w.org\/{rel}","templated":true}]}}