{"id":437655,"date":"2021-03-21T11:10:01","date_gmt":"2021-03-21T10:10:01","guid":{"rendered":"https:\/\/hashtag.al\/?p=437655"},"modified":"2021-03-21T11:10:01","modified_gmt":"2021-03-21T10:10:01","slug":"meta-mesazh-me-poezine-anes-lumenjve-vrulli-shperthyes-i-vargjeve-te-nolit-gjemon-sa-here-tirania-behet-e-padurueshme","status":"publish","type":"post","link":"https:\/\/www.hashtag.al\/index.php\/2021\/03\/21\/meta-mesazh-me-poezine-anes-lumenjve-vrulli-shperthyes-i-vargjeve-te-nolit-gjemon-sa-here-tirania-behet-e-padurueshme\/","title":{"rendered":"Meta mesazh me poezin\u00eb \u201cAn\u00ebs Lumenjve\u201d: Vrulli shp\u00ebrthyes i vargjeve t\u00eb Nolit gj\u00ebmon, sa her\u00eb tirania b\u00ebhet e padurueshme","gt_translate_keys":[{"key":"rendered","format":"text"}]},"content":{"rendered":"<p><a href=\"https:\/\/hashtag.al\/wp-content\/uploads\/2021\/03\/meta-3.jpg\"><img loading=\"lazy\" decoding=\"async\" class=\"aligncenter size-full wp-image-435996\" src=\"https:\/\/hashtag.al\/wp-content\/uploads\/2021\/03\/meta-3.jpg\" alt=\"\" width=\"675\" height=\"450\" srcset=\"https:\/\/www.hashtag.al\/wp-content\/uploads\/2021\/03\/meta-3.jpg 675w, https:\/\/www.hashtag.al\/wp-content\/uploads\/2021\/03\/meta-3-300x200.jpg 300w\" sizes=\"auto, (max-width: 675px) 100vw, 675px\" \/><\/a><\/p>\n<p><span style=\"color: #000000;\">Presidenti i vendit Ilir Meta k\u00ebt\u00eb m\u00ebngjes, ka kujtuar p\u00ebrmes nj\u00eb videoje Dit\u00ebn Bot\u00ebrore t\u00eb Poezis\u00eb.<\/span><\/p>\n<p><span style=\"color: #000000;\">Ai ka publikuar nj\u00eb fragment nga filmi &#8220;Lul\u00ebkuqet mbi mure&#8221;, ku Timo Flloko reciton vargjet e Fan Nolit \u201cAn\u00ebs Lumenjve\u201d.<\/span><\/p>\n<p><span style=\"color: #000000;\">Presidenti Meta shprehet se vrulli shp\u00ebrthyes i vargjeve t\u00eb Nolit gj\u00ebmon me nj\u00eb forc\u00eb t\u00eb jasht\u00ebzakonshme sa her\u00eb tirania, dhuna, shtypja, zullmet, padrejt\u00ebsit\u00eb dhe aktet antikomb\u00ebtare b\u00ebhen t\u00eb padurueshme dhe revoltuese p\u00ebr mbar\u00eb popullin.<\/span><\/p>\n<p><em><span style=\"color: #000000;\">\u201cAn\u00ebs lumenjve\u2019, nj\u00eb nga krijimet m\u00eb t\u00eb arrira t\u00eb Fan Nolit, \u00ebsht\u00eb padyshim nj\u00eb nga poezit\u00eb m\u00eb popullore dhe m\u00eb t\u00eb dashura p\u00ebr \u00e7do shqiptar t\u00eb ndersh\u00ebm e patriot t\u00eb \u00e7do epoke.<\/span><\/em><br \/>\n<em><span style=\"color: #000000;\">Vrulli shp\u00ebrthyes i vargjeve t\u00eb saj gj\u00ebmon me nj\u00eb forc\u00eb t\u00eb jasht\u00ebzakonshme sa her\u00eb tirania, dhuna, shtypja, zullmet, padrejt\u00ebsit\u00eb dhe aktet antikomb\u00ebtare b\u00ebhen t\u00eb padurueshme dhe revoltuese p\u00ebr mbar\u00eb popullin, \u2018q\u00eb nga Shkodra e gjer n\u00eb Vlor\u00eb\u2019.<\/span><\/em><br \/>\n<span style=\"color: #000000;\"><em>Me rastin e Dit\u00ebs Bot\u00ebrore t\u00eb Poezis\u00eb, risjell sot disa nga vargjet e k\u00ebsaj poezie, t\u00eb interpretuara mjesht\u00ebrisht nga artisti yn\u00eb i madh Timo Flloko.\u201d<\/em>&#8211; shkruan presidenti Meta krahas videos.<\/span><\/p>\n<p><iframe loading=\"lazy\" style=\"border: none; overflow: hidden;\" src=\"https:\/\/www.facebook.com\/plugins\/video.php?height=299&amp;href=https%3A%2F%2Fwww.facebook.com%2Filirmetazyrtar%2Fvideos%2F293960895404484%2F&amp;show_text=false&amp;width=560\" width=\"560\" height=\"299\" frameborder=\"0\" scrolling=\"no\" allowfullscreen=\"allowfullscreen\"><\/iframe><\/p>\n","protected":false,"gt_translate_keys":[{"key":"rendered","format":"html"}]},"excerpt":{"rendered":"<p>Presidenti i vendit Ilir Meta k\u00ebt\u00eb m\u00ebngjes, ka kujtuar p\u00ebrmes nj\u00eb videoje Dit\u00ebn Bot\u00ebrore t\u00eb Poezis\u00eb. Ai ka publikuar nj\u00eb fragment nga filmi &#8220;Lul\u00ebkuqet mbi mure&#8221;, ku Timo Flloko reciton vargjet e Fan Nolit \u201cAn\u00ebs Lumenjve\u201d. Presidenti Meta shprehet se vrulli shp\u00ebrthyes i vargjeve t\u00eb Nolit gj\u00ebmon me nj\u00eb forc\u00eb t\u00eb jasht\u00ebzakonshme sa her\u00eb tirania, [&hellip;]<\/p>\n","protected":false,"gt_translate_keys":[{"key":"rendered","format":"html"}]},"author":30,"featured_media":432711,"comment_status":"open","ping_status":"open","sticky":false,"template":"","format":"standard","meta":{"footnotes":""},"categories":[65,13],"tags":[],"class_list":["post-437655","post","type-post","status-publish","format-standard","has-post-thumbnail","hentry","category-lajme","category-te-fundit"],"gt_translate_keys":[{"key":"link","format":"url"}],"_links":{"self":[{"href":"https:\/\/www.hashtag.al\/index.php\/wp-json\/wp\/v2\/posts\/437655","targetHints":{"allow":["GET"]}}],"collection":[{"href":"https:\/\/www.hashtag.al\/index.php\/wp-json\/wp\/v2\/posts"}],"about":[{"href":"https:\/\/www.hashtag.al\/index.php\/wp-json\/wp\/v2\/types\/post"}],"author":[{"embeddable":true,"href":"https:\/\/www.hashtag.al\/index.php\/wp-json\/wp\/v2\/users\/30"}],"replies":[{"embeddable":true,"href":"https:\/\/www.hashtag.al\/index.php\/wp-json\/wp\/v2\/comments?post=437655"}],"version-history":[{"count":0,"href":"https:\/\/www.hashtag.al\/index.php\/wp-json\/wp\/v2\/posts\/437655\/revisions"}],"wp:featuredmedia":[{"embeddable":true,"href":"https:\/\/www.hashtag.al\/index.php\/wp-json\/wp\/v2\/media\/432711"}],"wp:attachment":[{"href":"https:\/\/www.hashtag.al\/index.php\/wp-json\/wp\/v2\/media?parent=437655"}],"wp:term":[{"taxonomy":"category","embeddable":true,"href":"https:\/\/www.hashtag.al\/index.php\/wp-json\/wp\/v2\/categories?post=437655"},{"taxonomy":"post_tag","embeddable":true,"href":"https:\/\/www.hashtag.al\/index.php\/wp-json\/wp\/v2\/tags?post=437655"}],"curies":[{"name":"wp","href":"https:\/\/api.w.org\/{rel}","templated":true}]}}