{"id":437429,"date":"2021-03-19T20:44:57","date_gmt":"2021-03-19T19:44:57","guid":{"rendered":"https:\/\/hashtag.al\/?p=437429"},"modified":"2021-03-19T20:44:57","modified_gmt":"2021-03-19T19:44:57","slug":"neser-250-punonjes-mjekesore-te-kosoves-do-vaksinohen-ne-kukes","status":"publish","type":"post","link":"https:\/\/www.hashtag.al\/index.php\/2021\/03\/19\/neser-250-punonjes-mjekesore-te-kosoves-do-vaksinohen-ne-kukes\/","title":{"rendered":"Nes\u00ebr 250 punonj\u00ebs mjek\u00ebsor\u00eb t\u00eb Kosov\u00ebs do vaksinohen n\u00eb Kuk\u00ebs","gt_translate_keys":[{"key":"rendered","format":"text"}]},"content":{"rendered":"<p><span style=\"color: #000000;\"><img loading=\"lazy\" decoding=\"async\" class=\"aligncenter size-full wp-image-422681\" src=\"https:\/\/hashtag.al\/wp-content\/uploads\/2021\/01\/moshuar-vaksina.jpg\" alt=\"\" width=\"610\" height=\"343\" srcset=\"https:\/\/www.hashtag.al\/wp-content\/uploads\/2021\/01\/moshuar-vaksina.jpg 610w, https:\/\/www.hashtag.al\/wp-content\/uploads\/2021\/01\/moshuar-vaksina-300x169.jpg 300w\" sizes=\"auto, (max-width: 610px) 100vw, 610px\" \/><\/span><\/p>\n<p><span style=\"color: #000000;\">250 punonj\u00ebs sh\u00ebndet\u00ebsor\u00eb t\u00eb Kosov\u00ebs do t\u00eb vaksinohen t\u00eb shtun\u00ebn kund\u00ebr COVID-19 n\u00eb Kuk\u00ebs t\u00eb Shqip\u00ebris\u00eb.<\/span><\/p>\n<p><span style=\"color: #000000;\">Nd\u00ebrsa edhe 250 t\u00eb tjer\u00eb do t\u00eb marrin vaksinat n\u00eb k\u00ebt\u00eb qytet n\u00eb dit\u00ebt n\u00eb vijim, njofton Klan Kosova.<\/span><\/p>\n<p><span style=\"color: #000000;\">\u201cDelegacioni i FSSHK-s\u00eb i p\u00ebrb\u00ebr\u00eb nga Kryetari Dr. Blerim Syla dhe Dr. Islam Krasniqi n\u00eb prani t\u00eb Ambasadorit t\u00eb Kosov\u00ebs n\u00eb Shqip\u00ebri Nait Hasani sot kan\u00eb zhvilluar takim me Ministrin\u00eb e Sh\u00ebndet\u00ebsis\u00eb t\u00eb Republik\u00ebs s\u00eb Shqip\u00ebris\u00eb dhe jan\u00eb dakorduar p\u00ebr \u00e7\u00ebshtjet teknike t\u00eb vaksinimit t\u00eb pun\u00ebtor\u00ebve sh\u00ebndet\u00ebsor\u00eb t\u00eb Kosov\u00ebs\u201d, thuhet n\u00eb deklarat\u00ebn e Federat\u00ebs Sindikale t\u00eb Sh\u00ebndet\u00ebsis\u00eb s\u00eb Kosov\u00ebs.<\/span><\/p>\n<p><span style=\"color: #000000;\">Aktualisht, n\u00eb Kuk\u00ebs \u00ebsht\u00eb duke u p\u00ebrgatitur nj\u00eb hap\u00ebsir\u00eb e ve\u00e7ant\u00eb p\u00ebr vaksinimin e pun\u00ebtor\u00ebve sh\u00ebndet\u00ebsor\u00eb t\u00eb Kosov\u00ebs.<\/span><\/p>\n","protected":false,"gt_translate_keys":[{"key":"rendered","format":"html"}]},"excerpt":{"rendered":"<p>250 punonj\u00ebs sh\u00ebndet\u00ebsor\u00eb t\u00eb Kosov\u00ebs do t\u00eb vaksinohen t\u00eb shtun\u00ebn kund\u00ebr COVID-19 n\u00eb Kuk\u00ebs t\u00eb Shqip\u00ebris\u00eb. Nd\u00ebrsa edhe 250 t\u00eb tjer\u00eb do t\u00eb marrin vaksinat n\u00eb k\u00ebt\u00eb qytet n\u00eb dit\u00ebt n\u00eb vijim, njofton Klan Kosova. \u201cDelegacioni i FSSHK-s\u00eb i p\u00ebrb\u00ebr\u00eb nga Kryetari Dr. Blerim Syla dhe Dr. Islam Krasniqi n\u00eb prani t\u00eb Ambasadorit t\u00eb Kosov\u00ebs [&hellip;]<\/p>\n","protected":false,"gt_translate_keys":[{"key":"rendered","format":"html"}]},"author":32,"featured_media":427466,"comment_status":"open","ping_status":"open","sticky":false,"template":"","format":"standard","meta":{"footnotes":""},"categories":[65,13],"tags":[],"class_list":["post-437429","post","type-post","status-publish","format-standard","has-post-thumbnail","hentry","category-lajme","category-te-fundit"],"gt_translate_keys":[{"key":"link","format":"url"}],"_links":{"self":[{"href":"https:\/\/www.hashtag.al\/index.php\/wp-json\/wp\/v2\/posts\/437429","targetHints":{"allow":["GET"]}}],"collection":[{"href":"https:\/\/www.hashtag.al\/index.php\/wp-json\/wp\/v2\/posts"}],"about":[{"href":"https:\/\/www.hashtag.al\/index.php\/wp-json\/wp\/v2\/types\/post"}],"author":[{"embeddable":true,"href":"https:\/\/www.hashtag.al\/index.php\/wp-json\/wp\/v2\/users\/32"}],"replies":[{"embeddable":true,"href":"https:\/\/www.hashtag.al\/index.php\/wp-json\/wp\/v2\/comments?post=437429"}],"version-history":[{"count":0,"href":"https:\/\/www.hashtag.al\/index.php\/wp-json\/wp\/v2\/posts\/437429\/revisions"}],"wp:featuredmedia":[{"embeddable":true,"href":"https:\/\/www.hashtag.al\/index.php\/wp-json\/wp\/v2\/media\/427466"}],"wp:attachment":[{"href":"https:\/\/www.hashtag.al\/index.php\/wp-json\/wp\/v2\/media?parent=437429"}],"wp:term":[{"taxonomy":"category","embeddable":true,"href":"https:\/\/www.hashtag.al\/index.php\/wp-json\/wp\/v2\/categories?post=437429"},{"taxonomy":"post_tag","embeddable":true,"href":"https:\/\/www.hashtag.al\/index.php\/wp-json\/wp\/v2\/tags?post=437429"}],"curies":[{"name":"wp","href":"https:\/\/api.w.org\/{rel}","templated":true}]}}