{"id":437395,"date":"2021-03-19T16:56:25","date_gmt":"2021-03-19T15:56:25","guid":{"rendered":"https:\/\/hashtag.al\/?p=437395"},"modified":"2021-03-19T16:57:27","modified_gmt":"2021-03-19T15:57:27","slug":"basha-nuk-ka-bashkepunim-me-ramen-na-ndan-nje-det-i-tere","status":"publish","type":"post","link":"https:\/\/www.hashtag.al\/index.php\/2021\/03\/19\/basha-nuk-ka-bashkepunim-me-ramen-na-ndan-nje-det-i-tere\/","title":{"rendered":"Basha: Nuk ka bashk\u00ebpunim me Ram\u00ebn, na ndan nj\u00eb det i t\u00ebr\u00eb","gt_translate_keys":[{"key":"rendered","format":"text"}]},"content":{"rendered":"<p><span style=\"color: #000000;\"><img loading=\"lazy\" decoding=\"async\" class=\"aligncenter size-full wp-image-437396\" src=\"https:\/\/hashtag.al\/wp-content\/uploads\/2021\/03\/basha-rama.png\" alt=\"\" width=\"1235\" height=\"677\" srcset=\"https:\/\/www.hashtag.al\/wp-content\/uploads\/2021\/03\/basha-rama.png 1235w, https:\/\/www.hashtag.al\/wp-content\/uploads\/2021\/03\/basha-rama-300x164.png 300w, https:\/\/www.hashtag.al\/wp-content\/uploads\/2021\/03\/basha-rama-768x421.png 768w, https:\/\/www.hashtag.al\/wp-content\/uploads\/2021\/03\/basha-rama-1024x561.png 1024w\" sizes=\"auto, (max-width: 1235px) 100vw, 1235px\" \/><\/span><\/p>\n<p><span style=\"color: #000000;\">Kreu i Partis\u00eb Demokratike, Lulzim Basha n\u00eb nj\u00eb intervist\u00eb p\u00ebr Abc News nga Gjirokasrta ka th\u00ebn\u00eb se mes tij dhe Kryeministrit \u201cq\u00ebndron nj\u00eb det i t\u00ebr\u00eb\u201d duke theksuar se 25 prilli do jet\u00eb dat\u00eb ndryshimi.<\/span><\/p>\n<p><span style=\"color: #000000;\">I pyetur n\u00ebse mund t\u00eb ket\u00eb koalicion pas 25 prillit me Edi Ram\u00ebn qoft\u00eb edhe p\u00ebr \u00e7\u00ebshtje numrash, Basha e mohoi edhe nj\u00ebher\u00eb kategorikisht.<\/span><\/p>\n<p><span style=\"color: #000000;\">\u201c<em>Nuk mund t\u00eb ket\u00eb loj\u00eb m\u00eb t\u00eb sh\u00ebmtuar sa t\u00eb k\u00ebrkosh pap\u00ebrgjegjshm\u00ebrin\u00eb q\u00eb e zhyti Shqip\u00ebrin\u00eb ta mbulosh me vizionin dhe ndryshimin q\u00eb ne duam ta sjellim. Nuk bashkohen k\u00ebto t\u00eb dyja, na ndan nj\u00eb det i t\u00ebr\u00eb N\u00eb 25 prill na ndan vota e Shqiptar\u00ebve. A ka shqiptar q\u00eb t\u00eb besoj\u00eb m\u00eb se pas tet\u00eb vitesh Edi Rama t\u00eb jet\u00eb n\u00eb gjendje t\u00eb mbaj\u00eb k\u00ebto q\u00eb premton. Mediat e nxor\u00ebn zbuluar t\u00eb nj\u00ebjt\u00ebn gj\u00eb q\u00eb premtonte para tet\u00eb vitesh e premton edhe tani. N\u00eb 25 prill do t\u00eb jet\u00eb dat\u00eb ndryshimi. Nuk ka ndryshim pa larguar Edi Ram\u00ebn<\/em>\u201d-tha Basha.<\/span><\/p>\n<p>&nbsp;<\/p>\n","protected":false,"gt_translate_keys":[{"key":"rendered","format":"html"}]},"excerpt":{"rendered":"<p>Kreu i Partis\u00eb Demokratike, Lulzim Basha n\u00eb nj\u00eb intervist\u00eb p\u00ebr Abc News nga Gjirokasrta ka th\u00ebn\u00eb se mes tij dhe Kryeministrit \u201cq\u00ebndron nj\u00eb det i t\u00ebr\u00eb\u201d duke theksuar se 25 prilli do jet\u00eb dat\u00eb ndryshimi. I pyetur n\u00ebse mund t\u00eb ket\u00eb koalicion pas 25 prillit me Edi Ram\u00ebn qoft\u00eb edhe p\u00ebr \u00e7\u00ebshtje numrash, Basha e [&hellip;]<\/p>\n","protected":false,"gt_translate_keys":[{"key":"rendered","format":"html"}]},"author":32,"featured_media":437396,"comment_status":"open","ping_status":"open","sticky":false,"template":"","format":"standard","meta":{"footnotes":""},"categories":[65,13],"tags":[],"class_list":["post-437395","post","type-post","status-publish","format-standard","has-post-thumbnail","hentry","category-lajme","category-te-fundit"],"gt_translate_keys":[{"key":"link","format":"url"}],"_links":{"self":[{"href":"https:\/\/www.hashtag.al\/index.php\/wp-json\/wp\/v2\/posts\/437395","targetHints":{"allow":["GET"]}}],"collection":[{"href":"https:\/\/www.hashtag.al\/index.php\/wp-json\/wp\/v2\/posts"}],"about":[{"href":"https:\/\/www.hashtag.al\/index.php\/wp-json\/wp\/v2\/types\/post"}],"author":[{"embeddable":true,"href":"https:\/\/www.hashtag.al\/index.php\/wp-json\/wp\/v2\/users\/32"}],"replies":[{"embeddable":true,"href":"https:\/\/www.hashtag.al\/index.php\/wp-json\/wp\/v2\/comments?post=437395"}],"version-history":[{"count":0,"href":"https:\/\/www.hashtag.al\/index.php\/wp-json\/wp\/v2\/posts\/437395\/revisions"}],"wp:featuredmedia":[{"embeddable":true,"href":"https:\/\/www.hashtag.al\/index.php\/wp-json\/wp\/v2\/media\/437396"}],"wp:attachment":[{"href":"https:\/\/www.hashtag.al\/index.php\/wp-json\/wp\/v2\/media?parent=437395"}],"wp:term":[{"taxonomy":"category","embeddable":true,"href":"https:\/\/www.hashtag.al\/index.php\/wp-json\/wp\/v2\/categories?post=437395"},{"taxonomy":"post_tag","embeddable":true,"href":"https:\/\/www.hashtag.al\/index.php\/wp-json\/wp\/v2\/tags?post=437395"}],"curies":[{"name":"wp","href":"https:\/\/api.w.org\/{rel}","templated":true}]}}