{"id":437391,"date":"2021-03-19T10:45:11","date_gmt":"2021-03-19T09:45:11","guid":{"rendered":"https:\/\/hashtag.al\/?p=437391"},"modified":"2021-03-19T16:18:16","modified_gmt":"2021-03-19T15:18:16","slug":"spak-jep-pretencen-per-adriatik-llallen-5-vite-burg-dhe-perjashtim-nga-sherbimi-publik","status":"publish","type":"post","link":"https:\/\/www.hashtag.al\/index.php\/2021\/03\/19\/spak-jep-pretencen-per-adriatik-llallen-5-vite-burg-dhe-perjashtim-nga-sherbimi-publik\/","title":{"rendered":"SPAK jep pretenc\u00ebn p\u00ebr Adriatik Llall\u00ebn: 5 vite burg dhe p\u00ebrjashtim nga Sh\u00ebrbimi Publik","gt_translate_keys":[{"key":"rendered","format":"text"}]},"content":{"rendered":"<p><span style=\"color: #000000;\"><a href=\"https:\/\/hashtag.al\/wp-content\/uploads\/2021\/03\/llalla.gif\"><img loading=\"lazy\" decoding=\"async\" class=\"aligncenter size-full wp-image-437369\" src=\"https:\/\/hashtag.al\/wp-content\/uploads\/2021\/03\/llalla.gif\" alt=\"\" width=\"600\" height=\"360\" \/><\/a><\/span><\/p>\n<p><span style=\"color: #000000;\">Prokuroria e Posa\u00e7me kund\u00ebr Krimit dhe Korrupsionit (SPAK) ka dh\u00ebn\u00eb sot pretenc\u00ebn p\u00ebr ish-kryeprokurorin Adriatik Llalla.<\/span><\/p>\n<p><span style=\"color: #000000;\">Sipas televizionit \u201cNews 24\u201d, SPAK-u ka k\u00ebrkuar 2 vite burg p\u00ebr ish-kryeprokurorin.<\/span><\/p>\n<p><span style=\"color: #000000;\">P\u00ebr shkak t\u00eb gjykimit t\u00eb shkurtuar, n\u00ebse do jepej ky vendim nga gjykata Llall\u00ebs do i zbritej 1\/3 e d\u00ebnimit, duke i mbetur 1.4 vite burg dhe 5 vite p\u00ebrjashtim nga Sh\u00ebrbimi Publik, ky i fundit si d\u00ebnim plot\u00ebsues.<\/span><\/p>\n<p><span style=\"color: #000000;\">Llalla nuk ka qen\u00eb i pranish\u00ebm n\u00eb seanc\u00ebn e sotme, por \u00ebsht\u00eb p\u00ebrfaq\u00ebsuar nga avokati i tij, Sokol Hazizaj. Seanca e radh\u00ebs \u00ebsht\u00eb caktuar t\u00eb mbahet m\u00eb 2 prill.<\/span><\/p>\n<p><span style=\"color: #000000;\">Sjellim nd\u00ebrmend se ish-kryeprokurori Adriatik Llalla akuzohet p\u00ebr deklarim t\u00eb rrem\u00eb t\u00eb pasuris\u00eb.<\/span><\/p>\n","protected":false,"gt_translate_keys":[{"key":"rendered","format":"html"}]},"excerpt":{"rendered":"<p>Prokuroria e Posa\u00e7me kund\u00ebr Krimit dhe Korrupsionit (SPAK) ka dh\u00ebn\u00eb sot pretenc\u00ebn p\u00ebr ish-kryeprokurorin Adriatik Llalla. Sipas televizionit \u201cNews 24\u201d, SPAK-u ka k\u00ebrkuar 2 vite burg p\u00ebr ish-kryeprokurorin. P\u00ebr shkak t\u00eb gjykimit t\u00eb shkurtuar, n\u00ebse do jepej ky vendim nga gjykata Llall\u00ebs do i zbritej 1\/3 e d\u00ebnimit, duke i mbetur 1.4 vite burg dhe [&hellip;]<\/p>\n","protected":false,"gt_translate_keys":[{"key":"rendered","format":"html"}]},"author":30,"featured_media":437369,"comment_status":"open","ping_status":"open","sticky":false,"template":"","format":"standard","meta":{"footnotes":""},"categories":[65,13],"tags":[],"class_list":["post-437391","post","type-post","status-publish","format-standard","has-post-thumbnail","hentry","category-lajme","category-te-fundit"],"gt_translate_keys":[{"key":"link","format":"url"}],"_links":{"self":[{"href":"https:\/\/www.hashtag.al\/index.php\/wp-json\/wp\/v2\/posts\/437391","targetHints":{"allow":["GET"]}}],"collection":[{"href":"https:\/\/www.hashtag.al\/index.php\/wp-json\/wp\/v2\/posts"}],"about":[{"href":"https:\/\/www.hashtag.al\/index.php\/wp-json\/wp\/v2\/types\/post"}],"author":[{"embeddable":true,"href":"https:\/\/www.hashtag.al\/index.php\/wp-json\/wp\/v2\/users\/30"}],"replies":[{"embeddable":true,"href":"https:\/\/www.hashtag.al\/index.php\/wp-json\/wp\/v2\/comments?post=437391"}],"version-history":[{"count":0,"href":"https:\/\/www.hashtag.al\/index.php\/wp-json\/wp\/v2\/posts\/437391\/revisions"}],"wp:featuredmedia":[{"embeddable":true,"href":"https:\/\/www.hashtag.al\/index.php\/wp-json\/wp\/v2\/media\/437369"}],"wp:attachment":[{"href":"https:\/\/www.hashtag.al\/index.php\/wp-json\/wp\/v2\/media?parent=437391"}],"wp:term":[{"taxonomy":"category","embeddable":true,"href":"https:\/\/www.hashtag.al\/index.php\/wp-json\/wp\/v2\/categories?post=437391"},{"taxonomy":"post_tag","embeddable":true,"href":"https:\/\/www.hashtag.al\/index.php\/wp-json\/wp\/v2\/tags?post=437391"}],"curies":[{"name":"wp","href":"https:\/\/api.w.org\/{rel}","templated":true}]}}