{"id":437332,"date":"2021-03-19T14:03:26","date_gmt":"2021-03-19T13:03:26","guid":{"rendered":"https:\/\/hashtag.al\/?p=437332"},"modified":"2021-03-19T14:04:47","modified_gmt":"2021-03-19T13:04:47","slug":"sherri-ne-labinot-taulant-balla-basha-ta-perjashtoje-luciano-bocin-nga-lista-e-kandidateve","status":"publish","type":"post","link":"https:\/\/www.hashtag.al\/index.php\/2021\/03\/19\/sherri-ne-labinot-taulant-balla-basha-ta-perjashtoje-luciano-bocin-nga-lista-e-kandidateve\/","title":{"rendered":"Sherri n\u00eb Labinot, Taulant Balla: Basha ta p\u00ebrjashtoj\u00eb Lu\u00e7iano Bo\u00e7in nga lista e kandidat\u00ebve","gt_translate_keys":[{"key":"rendered","format":"text"}]},"content":{"rendered":"<p><span style=\"color: #000000;\"><a href=\"https:\/\/hashtag.al\/wp-content\/uploads\/2021\/03\/Balla-sherri.jpg\"><img loading=\"lazy\" decoding=\"async\" class=\"aligncenter size-full wp-image-437333\" src=\"https:\/\/hashtag.al\/wp-content\/uploads\/2021\/03\/Balla-sherri.jpg\" alt=\"\" width=\"2000\" height=\"1000\" srcset=\"https:\/\/www.hashtag.al\/wp-content\/uploads\/2021\/03\/Balla-sherri.jpg 2000w, https:\/\/www.hashtag.al\/wp-content\/uploads\/2021\/03\/Balla-sherri-300x150.jpg 300w, https:\/\/www.hashtag.al\/wp-content\/uploads\/2021\/03\/Balla-sherri-768x384.jpg 768w, https:\/\/www.hashtag.al\/wp-content\/uploads\/2021\/03\/Balla-sherri-1024x512.jpg 1024w\" sizes=\"auto, (max-width: 2000px) 100vw, 2000px\" \/><\/a><\/span><\/p>\n<p><span style=\"color: #000000;\">Kreu i grupit Parlamentar t\u00eb PS-s\u00eb Taulant Balla, ka reaguar lidhur me p\u00ebrplasjen e djeshme mes kandidatit demokrat p\u00ebr deputet Lu\u00e7iano Bo\u00e7i dhe sip\u00ebrmarr\u00ebsit Gjergj Luca n\u00eb Labinot.<\/span><\/p>\n<p><span style=\"color: #000000;\">Balla i k\u00ebrkon kreut t\u00eb PD-s\u00eb Lulzim Bash\u00ebs, q\u00eb t\u00eb p\u00ebrjashtoj\u00eb Bo\u00e7in nga lista e kandidat\u00ebve p\u00ebr deputet\u00eb dhe t\u00eb distancohet nga ky incident.<\/span><\/p>\n<p><span style=\"color: #000000;\">Po ashtu ai thot\u00eb se mosreagimi nga ana e Bash\u00ebs, d\u00ebshmon sipas tij se kryedemokrati ka si program dhun\u00ebn dhe grabitjen e sip\u00ebrmarrjes.<\/span><\/p>\n<p><em><span style=\"color: #000000;\">\u201cShpreh indinjat\u00ebn dhe d\u00ebnoj dhun\u00ebn e ushtruar nga kandidati i Lulezim Bash\u00ebs ndaj sip\u00ebrmarr\u00ebsit t\u00eb nderuar Gjergj Luca. Nuk reagova deri m\u00eb tani duke pritur q\u00eb Lulzim Basha t\u00eb marr\u00eb mas\u00ebn e p\u00ebrjashtimit t\u00eb agresorit Luciano Bo\u00e7i nga lista e kandidat\u00ebve dhe distancimit nga ky akt dhune i p\u00ebrs\u00ebritur.<\/span><\/em><\/p>\n<p><span style=\"color: #000000;\"><em>Pamjet tregojn\u00eb qart\u00eb politikanin dhunues, madje dhe si nj\u00eb band\u00eb grabit\u00ebsish i marrin dhe telefonin n\u00eb pron\u00ebsi t\u00eb zotit Luca. K\u00ebto veprime t\u00eb Partis\u00eb Demokratike t\u00eb instrumentalizuara edhe me p\u00ebrfshirjen e 2-3 ish-punonj\u00ebsish t\u00eb inkriminuar policie, nuk ndihmojn\u00eb n\u00eb zhvillimin e nj\u00eb fushate zgjedhore t\u00eb qet\u00eb, ku duhet tu lem\u00eb mund\u00ebsin\u00eb qytetar\u00ebve t\u00eb zgjedhin mes ekipeve dhe programeve tona. Mosmarrja e asnj\u00eb hapi dhe ndjese nga Lulzim Basha tregon se ai njelloj si babai i tij Sali Berisha ka program dhun\u00ebn dhe grabitjen e sip\u00ebrmarrjes, Zoti Luca pun\u00ebson 3 mij\u00eb punonj\u00ebs n\u00eb Shqip\u00ebri dhe \u00ebsht\u00eb nj\u00eb sip\u00ebrmarr\u00ebs i respektuar. I b\u00ebj thirrje qytetar\u00ebve t\u00eb Elbasanit t\u00eb mos bien pre e provokimeve t\u00eb gaztor\u00ebve t\u00eb Lulezimit me kompani, q\u00eb frym\u00ebzohen nga Ilir Meta dhe Sali Berisha.\u201d-<\/em> shkruan Balla nd\u00ebrsa publikon nj\u00eb video nga incidenti.<\/span><\/p>\n<p><iframe loading=\"lazy\" style=\"border: none; overflow: hidden;\" src=\"https:\/\/www.facebook.com\/plugins\/video.php?height=316&amp;href=https%3A%2F%2Fwww.facebook.com%2Fb.taulant%2Fvideos%2F433703387896927%2F&amp;show_text=false&amp;width=560\" width=\"560\" height=\"316\" frameborder=\"0\" scrolling=\"no\" allowfullscreen=\"allowfullscreen\"><\/iframe><\/p>\n<p><span style=\"color: #000000;\">Dit\u00ebn e djeshme ish-deputeti i PD-s\u00eb, \u00a0Lu\u00e7iano Bo\u00e7i e denoncoi biznesmenin Gjergj Luca se e kishte k\u00ebrc\u00ebnuar me jet\u00eb e sulmuar fizikisht pas nj\u00eb takimi me mb\u00ebshtet\u00ebsit e tij n\u00eb Labinot.<\/span><\/p>\n<p><span style=\"color: #000000;\">Bo\u00e7i publikoi edhe disa foto ku tregonte d\u00ebmtimin e marr\u00eb gjat\u00eb goditjes nga ana e Luc\u00ebs nd\u00ebrsa e kall\u00ebzoi k\u00ebt\u00eb t\u00eb fundit n\u00eb prokurori.<\/span><\/p>\n<p><span style=\"color: #000000;\">Nd\u00ebrsa Luca e quajti Bo\u00e7in nj\u00eb \u201cpolitikan rruga\u00e7\u201d duke th\u00ebn\u00eb se ky i fundit e ka provokuar sherrin q\u00eb ndodhi. Madje e akuzoi at\u00eb se i kishte vjedhur telefonin. M\u00eb von\u00eb qarkulluan dhe pamje n\u00eb video nga incidenti mes tyre.<\/span><\/p>\n","protected":false,"gt_translate_keys":[{"key":"rendered","format":"html"}]},"excerpt":{"rendered":"<p>Kreu i grupit Parlamentar t\u00eb PS-s\u00eb Taulant Balla, ka reaguar lidhur me p\u00ebrplasjen e djeshme mes kandidatit demokrat p\u00ebr deputet Lu\u00e7iano Bo\u00e7i dhe sip\u00ebrmarr\u00ebsit Gjergj Luca n\u00eb Labinot. Balla i k\u00ebrkon kreut t\u00eb PD-s\u00eb Lulzim Bash\u00ebs, q\u00eb t\u00eb p\u00ebrjashtoj\u00eb Bo\u00e7in nga lista e kandidat\u00ebve p\u00ebr deputet\u00eb dhe t\u00eb distancohet nga ky incident. Po ashtu ai [&hellip;]<\/p>\n","protected":false,"gt_translate_keys":[{"key":"rendered","format":"html"}]},"author":30,"featured_media":437333,"comment_status":"open","ping_status":"open","sticky":false,"template":"","format":"standard","meta":{"footnotes":""},"categories":[65,13],"tags":[],"class_list":["post-437332","post","type-post","status-publish","format-standard","has-post-thumbnail","hentry","category-lajme","category-te-fundit"],"gt_translate_keys":[{"key":"link","format":"url"}],"_links":{"self":[{"href":"https:\/\/www.hashtag.al\/index.php\/wp-json\/wp\/v2\/posts\/437332","targetHints":{"allow":["GET"]}}],"collection":[{"href":"https:\/\/www.hashtag.al\/index.php\/wp-json\/wp\/v2\/posts"}],"about":[{"href":"https:\/\/www.hashtag.al\/index.php\/wp-json\/wp\/v2\/types\/post"}],"author":[{"embeddable":true,"href":"https:\/\/www.hashtag.al\/index.php\/wp-json\/wp\/v2\/users\/30"}],"replies":[{"embeddable":true,"href":"https:\/\/www.hashtag.al\/index.php\/wp-json\/wp\/v2\/comments?post=437332"}],"version-history":[{"count":0,"href":"https:\/\/www.hashtag.al\/index.php\/wp-json\/wp\/v2\/posts\/437332\/revisions"}],"wp:featuredmedia":[{"embeddable":true,"href":"https:\/\/www.hashtag.al\/index.php\/wp-json\/wp\/v2\/media\/437333"}],"wp:attachment":[{"href":"https:\/\/www.hashtag.al\/index.php\/wp-json\/wp\/v2\/media?parent=437332"}],"wp:term":[{"taxonomy":"category","embeddable":true,"href":"https:\/\/www.hashtag.al\/index.php\/wp-json\/wp\/v2\/categories?post=437332"},{"taxonomy":"post_tag","embeddable":true,"href":"https:\/\/www.hashtag.al\/index.php\/wp-json\/wp\/v2\/tags?post=437332"}],"curies":[{"name":"wp","href":"https:\/\/api.w.org\/{rel}","templated":true}]}}