{"id":437319,"date":"2021-03-19T13:26:52","date_gmt":"2021-03-19T12:26:52","guid":{"rendered":"https:\/\/hashtag.al\/?p=437319"},"modified":"2021-03-19T13:26:52","modified_gmt":"2021-03-19T12:26:52","slug":"kqz-e-perjashtoi-nga-gara-aleati-i-pd-se-i-ankohet-osbe-se-vendim-anti-demokratik-dekurajon-pjesemarrjen-e-romeve-dhe-egjiptianeve-ne-zgjedhje","status":"publish","type":"post","link":"https:\/\/www.hashtag.al\/index.php\/2021\/03\/19\/kqz-e-perjashtoi-nga-gara-aleati-i-pd-se-i-ankohet-osbe-se-vendim-anti-demokratik-dekurajon-pjesemarrjen-e-romeve-dhe-egjiptianeve-ne-zgjedhje\/","title":{"rendered":"KQZ e p\u00ebrjashtoi nga gara, aleati i PD-s\u00eb i ankohet OSBE-s\u00eb: Vendim anti-demokratik, dekurajon pjes\u00ebmarrjen e rom\u00ebve dhe egjiptian\u00ebve n\u00eb zgjedhje","gt_translate_keys":[{"key":"rendered","format":"text"}]},"content":{"rendered":"<p><span style=\"color: #000000;\"><a href=\"https:\/\/hashtag.al\/wp-content\/uploads\/2021\/03\/Rivelino-Cuno.jpg\"><img loading=\"lazy\" decoding=\"async\" class=\"aligncenter size-full wp-image-437322\" src=\"https:\/\/hashtag.al\/wp-content\/uploads\/2021\/03\/Rivelino-Cuno.jpg\" alt=\"\" width=\"1280\" height=\"720\" srcset=\"https:\/\/www.hashtag.al\/wp-content\/uploads\/2021\/03\/Rivelino-Cuno.jpg 1280w, https:\/\/www.hashtag.al\/wp-content\/uploads\/2021\/03\/Rivelino-Cuno-300x169.jpg 300w, https:\/\/www.hashtag.al\/wp-content\/uploads\/2021\/03\/Rivelino-Cuno-768x432.jpg 768w, https:\/\/www.hashtag.al\/wp-content\/uploads\/2021\/03\/Rivelino-Cuno-1024x576.jpg 1024w\" sizes=\"auto, (max-width: 1280px) 100vw, 1280px\" \/><\/a><br \/>\n<\/span><\/p>\n<p><span style=\"color: #000000;\">Kryetari i Partis\u00eb p\u00ebr Integrim dhe Europianizimin t\u00eb Shqip\u00ebris\u00eb Rivelino \u00c7uno i ka ngritur OSBE-s\u00eb shqet\u00ebsimin p\u00ebr p\u00ebrjashtimin e rom\u00ebve nga lista e zgjedh\u00ebsve.<\/span><\/p>\n<p><span style=\"color: #000000;\">N\u00eb nj\u00eb let\u00ebr d\u00ebrguar OSBE-s\u00eb, Z. \u00c7uno thekson se heqja e e kandidat\u00ebve nga KQZ \u00ebsht\u00eb i d\u00ebmsh\u00ebm, joligjor dhe i orientuar politikisht.<\/span><\/p>\n<p><em><span style=\"color: #000000;\">\u201cVendimi i Komisionit Q\u00ebndror t\u00eb Zgjedhjeve p\u00ebr t\u00eb refuzuar 69 kandidat\u00ebt e \u2018Aleanc\u00ebs p\u00ebr Ndryshim\u2019 \u00ebsht\u00eb joligjore sipas kritereve t\u00eb p\u00ebrcaktuara n\u00eb nenin 67\/4 t\u00eb Kodit Elektoral.<\/span><\/em><\/p>\n<p><em><span style=\"color: #000000;\">Ashtu si Kodi e p\u00ebrcakton ekskluzivisht nj\u00eb prag minimal dhe q\u00eb lista zgjedhore \u00ebsht\u00eb e hapur p\u00ebr qytetar\u00ebt p\u00ebr t\u00eb votuar \u00e7do kandidat nga secila parti n\u00eb list\u00eb, vendimi i KQZ-s\u00eb duket t\u00eb jet\u00eb i motivuar politikisht, anti-demokratike dhe d\u00ebmshme p\u00ebr nj\u00eb proces normal zgjedhor.<\/span><\/em><\/p>\n<p><span style=\"color: #000000;\"><em>N\u00eb ve\u00e7anti ka gjithashtu nj\u00eb ndikim shqet\u00ebsues n\u00eb perceptimin se komuniteti Rom dhe Egjiptas jan\u00eb pjes\u00eb integrale e peisazhit politik shqiptar.\u201d-<\/em> thuhet n\u00eb letr\u00ebn d\u00ebrguar OSBE-s\u00eb nga Kryetari i Partis\u00eb p\u00ebr Integrim dhe Europianizimin t\u00eb Shqip\u00ebris\u00eb, Rivelino \u00c7uno.<\/span><\/p>\n<p><span style=\"color: #000000;\">Po ashtu ai thot\u00eb se ky vendim dekurajon qytetar\u00ebt nga komuniteti rom dhe egjiptian nga votimi m\u00eb 25 Prill:<em>&#8220;<\/em><em>Ky vendim ka nj\u00eb impakt direkt n\u00eb Komunitetin Rom dhe Egjiptian pasi dekurajon pjes\u00ebmarrjen e tyre n\u00eb zgjedhjet e ardhshme, p\u00ebr shkak t\u00eb munges\u00ebs s\u00eb nj\u00eb p\u00ebrfaq\u00ebsuesi politik n\u00eb listat elektorale.&#8221;<\/em><\/span><\/p>\n<p><a href=\"https:\/\/hashtag.al\/wp-content\/uploads\/2021\/03\/1-5.jpg\"><img loading=\"lazy\" decoding=\"async\" class=\"aligncenter size-full wp-image-437320\" src=\"https:\/\/hashtag.al\/wp-content\/uploads\/2021\/03\/1-5.jpg\" alt=\"\" width=\"622\" height=\"567\" srcset=\"https:\/\/www.hashtag.al\/wp-content\/uploads\/2021\/03\/1-5.jpg 622w, https:\/\/www.hashtag.al\/wp-content\/uploads\/2021\/03\/1-5-300x273.jpg 300w\" sizes=\"auto, (max-width: 622px) 100vw, 622px\" \/><\/a><a href=\"https:\/\/hashtag.al\/wp-content\/uploads\/2021\/03\/2-5.jpg\"><img loading=\"lazy\" decoding=\"async\" class=\"aligncenter size-full wp-image-437321\" src=\"https:\/\/hashtag.al\/wp-content\/uploads\/2021\/03\/2-5.jpg\" alt=\"\" width=\"586\" height=\"321\" srcset=\"https:\/\/www.hashtag.al\/wp-content\/uploads\/2021\/03\/2-5.jpg 586w, https:\/\/www.hashtag.al\/wp-content\/uploads\/2021\/03\/2-5-300x164.jpg 300w\" sizes=\"auto, (max-width: 586px) 100vw, 586px\" \/><\/a><\/p>\n","protected":false,"gt_translate_keys":[{"key":"rendered","format":"html"}]},"excerpt":{"rendered":"<p>Kryetari i Partis\u00eb p\u00ebr Integrim dhe Europianizimin t\u00eb Shqip\u00ebris\u00eb Rivelino \u00c7uno i ka ngritur OSBE-s\u00eb shqet\u00ebsimin p\u00ebr p\u00ebrjashtimin e rom\u00ebve nga lista e zgjedh\u00ebsve. N\u00eb nj\u00eb let\u00ebr d\u00ebrguar OSBE-s\u00eb, Z. \u00c7uno thekson se heqja e e kandidat\u00ebve nga KQZ \u00ebsht\u00eb i d\u00ebmsh\u00ebm, joligjor dhe i orientuar politikisht. \u201cVendimi i Komisionit Q\u00ebndror t\u00eb Zgjedhjeve p\u00ebr t\u00eb [&hellip;]<\/p>\n","protected":false,"gt_translate_keys":[{"key":"rendered","format":"html"}]},"author":30,"featured_media":437322,"comment_status":"open","ping_status":"open","sticky":false,"template":"","format":"standard","meta":{"footnotes":""},"categories":[65,13],"tags":[],"class_list":["post-437319","post","type-post","status-publish","format-standard","has-post-thumbnail","hentry","category-lajme","category-te-fundit"],"gt_translate_keys":[{"key":"link","format":"url"}],"_links":{"self":[{"href":"https:\/\/www.hashtag.al\/index.php\/wp-json\/wp\/v2\/posts\/437319","targetHints":{"allow":["GET"]}}],"collection":[{"href":"https:\/\/www.hashtag.al\/index.php\/wp-json\/wp\/v2\/posts"}],"about":[{"href":"https:\/\/www.hashtag.al\/index.php\/wp-json\/wp\/v2\/types\/post"}],"author":[{"embeddable":true,"href":"https:\/\/www.hashtag.al\/index.php\/wp-json\/wp\/v2\/users\/30"}],"replies":[{"embeddable":true,"href":"https:\/\/www.hashtag.al\/index.php\/wp-json\/wp\/v2\/comments?post=437319"}],"version-history":[{"count":0,"href":"https:\/\/www.hashtag.al\/index.php\/wp-json\/wp\/v2\/posts\/437319\/revisions"}],"wp:featuredmedia":[{"embeddable":true,"href":"https:\/\/www.hashtag.al\/index.php\/wp-json\/wp\/v2\/media\/437322"}],"wp:attachment":[{"href":"https:\/\/www.hashtag.al\/index.php\/wp-json\/wp\/v2\/media?parent=437319"}],"wp:term":[{"taxonomy":"category","embeddable":true,"href":"https:\/\/www.hashtag.al\/index.php\/wp-json\/wp\/v2\/categories?post=437319"},{"taxonomy":"post_tag","embeddable":true,"href":"https:\/\/www.hashtag.al\/index.php\/wp-json\/wp\/v2\/tags?post=437319"}],"curies":[{"name":"wp","href":"https:\/\/api.w.org\/{rel}","templated":true}]}}