{"id":437307,"date":"2021-03-19T09:48:58","date_gmt":"2021-03-19T08:48:58","guid":{"rendered":"https:\/\/hashtag.al\/?p=437307"},"modified":"2021-03-19T09:48:58","modified_gmt":"2021-03-19T08:48:58","slug":"ndahet-nga-jeta-ne-moshen-63-vjecare-ish-rektori-i-universitetit-te-elbasanit","status":"publish","type":"post","link":"https:\/\/www.hashtag.al\/index.php\/2021\/03\/19\/ndahet-nga-jeta-ne-moshen-63-vjecare-ish-rektori-i-universitetit-te-elbasanit\/","title":{"rendered":"Ndahet nga jeta n\u00eb mosh\u00ebn 63-vje\u00e7are ish-rektori i Universitetit t\u00eb Elbasanit","gt_translate_keys":[{"key":"rendered","format":"text"}]},"content":{"rendered":"<p><span style=\"color: #000000;\"><a href=\"https:\/\/hashtag.al\/wp-content\/uploads\/2021\/03\/Varoshi.jpg\"><img loading=\"lazy\" decoding=\"async\" class=\"aligncenter size-full wp-image-437308\" src=\"https:\/\/hashtag.al\/wp-content\/uploads\/2021\/03\/Varoshi.jpg\" alt=\"\" width=\"512\" height=\"341\" srcset=\"https:\/\/www.hashtag.al\/wp-content\/uploads\/2021\/03\/Varoshi.jpg 512w, https:\/\/www.hashtag.al\/wp-content\/uploads\/2021\/03\/Varoshi-300x200.jpg 300w\" sizes=\"auto, (max-width: 512px) 100vw, 512px\" \/><\/a><\/span><\/p>\n<p><span style=\"color: #000000;\">Ndahet nga jeta ish-rektori i Universitetit \u201cAleksand\u00ebr Xhuvani\u201d n\u00eb Elbasan, Liman Varoshi.<\/span><\/p>\n<p><span style=\"color: #000000;\">Lajmin e hidhur e ka b\u00ebr\u00eb me dije vet\u00eb universiteti p\u00ebrmes faqes zyrtare n\u00eb Facebook, ku thuhet se profesor Varoshi vuante nga nj\u00eb s\u00ebmundje e pash\u00ebrueshme.<\/span><\/p>\n<p><em><span style=\"color: #000000;\">\u201cNdahet nga jeta prof.dr. Liman Varoshi<\/span><\/em><\/p>\n<p><em><span style=\"color: #000000;\">\u00cbsht\u00eb ndar\u00eb nga jeta prof.dr. Liman Varoshi.<\/span><\/em><\/p>\n<p><em><span style=\"color: #000000;\">Pas nj\u00eb s\u00ebmundje t\u00eb pash\u00ebrueshme, ka nd\u00ebrruar jet\u00eb sot nj\u00eb nga figurat kryesore t\u00eb historis\u00eb s\u00eb Universitetit t\u00eb Elbasanit \u201cAleksand\u00ebr Xhuvani\u201d, ish rektori prof. dr. Liman Varoshi.<\/span><\/em><\/p>\n<p><span style=\"color: #000000;\"><em>Gjat\u00eb gjith\u00eb karrier\u00ebs s\u00eb tij ai iu dedikua me p\u00ebrkushtim p\u00ebrgatitjes profesionale t\u00eb brezave t\u00eb rinj dhe dimensionit k\u00ebrkimor e shkencor.\u201d<\/em>&#8211; thuhet n\u00eb njoftim.<\/span><\/p>\n<p><span style=\"color: #000000;\">Universiteti ku ai punoi dhe dha kontributin e tij prej vitesh si rector por edhe si profesor, u shpreh ngush\u00ebllimet familjar\u00ebve: \u201c<em>Rektorati, profesorati, koleg\u00eb, shok\u00eb e miq t\u00eb Universitetit t\u00eb Elbasanit i p\u00ebrcjellin ngush\u00ebllimet m\u00eb t\u00eb ndjera familjes Varoshi! <\/em><\/span><em><span style=\"color: #000000;\">Jeta dhe vepra e tij do t\u00eb sh\u00ebrbej\u00eb si shembull p\u00ebr brezat q\u00eb vijn\u00eb.\u201d<\/span><\/em><\/p>\n<p><strong><span style=\"color: #000000;\">Kush ishte Liman Varoshi<\/span><\/strong><\/p>\n<p><span style=\"color: #000000;\">Liman Varoshi u lind n\u00eb 15 n\u00ebntor 1958. N\u00eb vitin 1978 nisi studimet universitare dhe n\u00eb vitin 1983 u diplomua si \u201cM\u00ebsues p\u00ebr shkoll\u00ebn e mesme, me specialitet Histori-Gjeografi\u201d, n\u00eb Universitetin e Tiran\u00ebs, n\u00eb Fakultetin Histori-Filologji.<\/span><\/p>\n<p><span style=\"color: #000000;\">Pas diplomimit punoi si m\u00ebsues i historis\u00eb n\u00eb Mirdit\u00eb, m\u00eb pas n\u00eb Belsh, n\u00eb shkoll\u00ebn e mesme t\u00eb p\u00ebrgjithshme \u201cNdri\u00e7im Shehu\u201d dhe m\u00eb pas p\u00ebr nj\u00eb vit si metodist i l\u00ebnd\u00ebve shoq\u00ebrore pran\u00eb Seksionit t\u00eb Arsimit, Elbasan.<\/span><\/p>\n<p><span style=\"color: #000000;\">Q\u00eb nga viti 1991 deri n\u00eb vitin 1993 ai sh\u00ebrbeu si drejtor i Muzeut Historik t\u00eb rrethit Elbasan. Dhe po k\u00ebt\u00eb vit, 1991, ai nisi edhe angazhimin universitar n\u00eb Universitetin \u201cA.Xhuvani\u201d, n\u00eb fillim i p\u00ebrfshir\u00eb me koh\u00eb t\u00eb pjesshme dhe m\u00eb pas, q\u00eb nga viti 1993 si pedagog me koh\u00eb t\u00eb plot\u00eb n\u00eb departamentin e historis\u00eb, pran\u00eb k\u00ebtij universiteti. Fusha e tij k\u00ebrkimeve shkencore ishte, m\u00eb s\u00eb pari muzeologjia, por edhe historia e Ballkanit, historia bashk\u00ebkohore, historia e diaspor\u00ebs, dhe ishte nj\u00ebher\u00ebsh edhe titullar i kurseve universitare t\u00eb k\u00ebtyre fushave.<\/span><\/p>\n<p><span style=\"color: #000000;\">Ve\u00e7an\u00ebrisht profesor Varoshi ishte nj\u00eb studiues i palodhur i historis\u00eb s\u00eb Elbasanit dhe nj\u00eb nga njoh\u00ebsit m\u00eb t\u00eb mir\u00eb t\u00eb kontributeve historike, politike dhe arsimore n\u00eb dy shekujt e fundit t\u00eb k\u00ebtij qyteti.<\/span><\/p>\n<p><span style=\"color: #000000;\">Pasionin dhe detyr\u00ebn e tij p\u00ebr k\u00ebrkimin shkencor e zhvilloi vit pas viti duke marr\u00eb grad\u00ebn \u201cDoktor i Shkencave\u201d n\u00eb vitin 1999, titullin \u201cProfesor i Asociuar\u201d, n\u00eb vitin 2004 dhe \u201cprofesor\u201d n\u00eb mars t\u00eb vitit 2012.<\/span><\/p>\n<p><span style=\"color: #000000;\">Ai ishte nj\u00eb ligj\u00ebrues akademik me zot\u00ebsi t\u00eb spikatura, i njohur p\u00ebr forc\u00ebn e argumentit, sakt\u00ebsin\u00eb e faktit historik dhe prirjen p\u00ebr p\u00ebrgjith\u00ebsime t\u00eb l\u00ebvizjeve politike. Ai mbajti leksione jo vet\u00ebm n\u00eb Universitetin e Elbasanit, por edhe at\u00eb t\u00eb Tiran\u00ebs, por edhe n\u00eb Universitetin e Tetov\u00ebs, ishte hartues dhe referues i ciklit t\u00eb leksioneve \u201cRilindja Ballkanike, paralele, specifika\u201d, mbajtur n\u00eb Universitetin e Veliko T\u00ebrnovo-s, Bullgari; ka mbajtur leksione mbi vlerat historike dhe arkitekturore t\u00eb objekteve t\u00eb kultit n\u00eb trev\u00ebn e Elbasanit, mbajtur me student\u00ebt e magjistratur\u00ebs (n\u00eb fush\u00ebn e inxhinieris\u00eb arkitekturore) t\u00eb Universitetit t\u00eb Pavia-s, Itali; po ashtu ka zhvillua lektoriume edhe n\u00eb n\u00eb Universitetin Lud\u00ebig-Maximilian, Mynih, Gjermani.<\/span><\/p>\n<p><span style=\"color: #000000;\">Karriera universitare e profesor Varoshit nisi me zgjedhjen e tij si drejtues i departamentit t\u00eb historis\u00eb dhe edukimit civil nga viti 1996 deri n\u00eb vitin 2000. Q\u00eb nga viti 1999 deri n\u00eb vitin 2008 ishte edhe an\u00ebtar i senatit akademik t\u00eb Universitetit \u201cA.Xhuvani\u201d. Nga viti 2000 e deri n\u00eb vitin 2008 ishte z\u00ebvend\u00ebsrektor i k\u00ebtij universiteti. Q\u00eb nga viti 2008 e deri n\u00eb vitin 2016, p\u00ebr dy mandate, ishte rektor i k\u00ebtij universiteti e nj\u00ebher\u00ebsh edhe drejtues i senatit akademik.<\/span><\/p>\n<p><span style=\"color: #000000;\">Profesor Varoshi ishte edhe nj\u00eb autor i mir\u00ebnjohur tekstesh e monografish. Ai \u00ebsht\u00eb autor i \u201cNj\u00eb hap\u00ebsir\u00eb m\u00eb shum\u00eb n\u00eb formimin historik\u201d, botuar n\u00eb vitin 2003, sht\u00ebpia botuese \u201cSejko\u201d; \u201cBallkanet mes tri perandorive\u201d, sht\u00ebpia botuese \u201cNaimi\u201d, botuar n\u00eb vitin 2010; \u201cLufta e ftoht\u00eb\u201d n\u00eb Europ\u00ebn e Lindjes, sht\u00ebpia botuese \u201cNaimi\u201d, botuar n\u00eb vitin 2010; \u201cEuropeizmi si histori mendimi\u201d, sht\u00ebpia botuese \u201cNaimi\u201d, botuar n\u00eb vitin 2012. Botimi i fundit i profesor Varoshit ishte \u201cDukuri dhe personalitete n\u00eb albanologji\u201d, n\u00eb bashkautor\u00ebsi.<\/span><\/p>\n","protected":false,"gt_translate_keys":[{"key":"rendered","format":"html"}]},"excerpt":{"rendered":"<p>Ndahet nga jeta ish-rektori i Universitetit \u201cAleksand\u00ebr Xhuvani\u201d n\u00eb Elbasan, Liman Varoshi. Lajmin e hidhur e ka b\u00ebr\u00eb me dije vet\u00eb universiteti p\u00ebrmes faqes zyrtare n\u00eb Facebook, ku thuhet se profesor Varoshi vuante nga nj\u00eb s\u00ebmundje e pash\u00ebrueshme. \u201cNdahet nga jeta prof.dr. Liman Varoshi \u00cbsht\u00eb ndar\u00eb nga jeta prof.dr. Liman Varoshi. Pas nj\u00eb s\u00ebmundje t\u00eb [&hellip;]<\/p>\n","protected":false,"gt_translate_keys":[{"key":"rendered","format":"html"}]},"author":30,"featured_media":437308,"comment_status":"open","ping_status":"open","sticky":false,"template":"","format":"standard","meta":{"footnotes":""},"categories":[65,13],"tags":[],"class_list":["post-437307","post","type-post","status-publish","format-standard","has-post-thumbnail","hentry","category-lajme","category-te-fundit"],"gt_translate_keys":[{"key":"link","format":"url"}],"_links":{"self":[{"href":"https:\/\/www.hashtag.al\/index.php\/wp-json\/wp\/v2\/posts\/437307","targetHints":{"allow":["GET"]}}],"collection":[{"href":"https:\/\/www.hashtag.al\/index.php\/wp-json\/wp\/v2\/posts"}],"about":[{"href":"https:\/\/www.hashtag.al\/index.php\/wp-json\/wp\/v2\/types\/post"}],"author":[{"embeddable":true,"href":"https:\/\/www.hashtag.al\/index.php\/wp-json\/wp\/v2\/users\/30"}],"replies":[{"embeddable":true,"href":"https:\/\/www.hashtag.al\/index.php\/wp-json\/wp\/v2\/comments?post=437307"}],"version-history":[{"count":0,"href":"https:\/\/www.hashtag.al\/index.php\/wp-json\/wp\/v2\/posts\/437307\/revisions"}],"wp:featuredmedia":[{"embeddable":true,"href":"https:\/\/www.hashtag.al\/index.php\/wp-json\/wp\/v2\/media\/437308"}],"wp:attachment":[{"href":"https:\/\/www.hashtag.al\/index.php\/wp-json\/wp\/v2\/media?parent=437307"}],"wp:term":[{"taxonomy":"category","embeddable":true,"href":"https:\/\/www.hashtag.al\/index.php\/wp-json\/wp\/v2\/categories?post=437307"},{"taxonomy":"post_tag","embeddable":true,"href":"https:\/\/www.hashtag.al\/index.php\/wp-json\/wp\/v2\/tags?post=437307"}],"curies":[{"name":"wp","href":"https:\/\/api.w.org\/{rel}","templated":true}]}}