{"id":436885,"date":"2021-03-17T11:58:02","date_gmt":"2021-03-17T10:58:02","guid":{"rendered":"https:\/\/hashtag.al\/?p=436885"},"modified":"2021-03-17T12:00:16","modified_gmt":"2021-03-17T11:00:16","slug":"asqeriu-apel-bashes-kam-dy-plage-ne-zemer-per-naftetaret-dhe-minatoret","status":"publish","type":"post","link":"https:\/\/www.hashtag.al\/index.php\/2021\/03\/17\/asqeriu-apel-bashes-kam-dy-plage-ne-zemer-per-naftetaret-dhe-minatoret\/","title":{"rendered":"Asqeriu apel Bash\u00ebs: Kam dy plag\u00eb n\u00eb zem\u00ebr, p\u00ebr naft\u00ebtar\u00ebt dhe minator\u00ebt","gt_translate_keys":[{"key":"rendered","format":"text"}]},"content":{"rendered":"<p><span style=\"color: #000000;\"><a href=\"https:\/\/hashtag.al\/wp-content\/uploads\/2021\/03\/Bujar-Asqeriu.jpg\"><img loading=\"lazy\" decoding=\"async\" class=\"aligncenter size-full wp-image-436886\" src=\"https:\/\/hashtag.al\/wp-content\/uploads\/2021\/03\/Bujar-Asqeriu.jpg\" alt=\"\" width=\"837\" height=\"430\" srcset=\"https:\/\/www.hashtag.al\/wp-content\/uploads\/2021\/03\/Bujar-Asqeriu.jpg 837w, https:\/\/www.hashtag.al\/wp-content\/uploads\/2021\/03\/Bujar-Asqeriu-300x154.jpg 300w, https:\/\/www.hashtag.al\/wp-content\/uploads\/2021\/03\/Bujar-Asqeriu-768x395.jpg 768w\" sizes=\"auto, (max-width: 837px) 100vw, 837px\" \/><\/a><\/span><\/p>\n<p><span style=\"color: #000000;\">Gjat\u00eb fjal\u00ebs s\u00eb tij n\u00eb bashk\u00ebbisedimin e sot\u00ebm me kryedemokratin Lulzim Basha, aktori Bujar Asqeriu tha se kishte nj\u00eb plag\u00eb n\u00eb zem\u00ebr p\u00ebr naft\u00ebtar\u00ebt dhe minator\u00ebt. Ai ka k\u00ebrkuar nga Basha q\u00eb kur t\u00eb vij\u00eb n\u00eb pozit\u00eb, t\u2019u vij\u00eb n\u00eb ndihm\u00eb k\u00ebtyre dy kategorive duke u p\u00ebrmir\u00ebsuar kushtet dhe rritur pagat.<\/span><\/p>\n<p><span style=\"color: #000000;\"><em>\u201cT\u00eb m\u00eb fal\u00ebsh zoti Basha, kam dhe dy plag\u00eb n\u00eb zemr\u00ebn time q\u00eb po ua referoj. Plag\u00ebn e par\u00eb e kam p\u00ebr naft\u00ebtar\u00ebt, t\u00eb cil\u00ebt i kan\u00eb dh\u00ebn\u00eb miliona euro k\u00ebtij vendi dhe sot treten, dob\u00ebsohen dhe nuk jetojn\u00eb as me sht\u00ebpia t\u00eb mira, as me sh\u00ebndet t\u00eb mir\u00eb. Dhe ciinizmi i tmerrsh\u00ebm i kryeministrit q\u00eb u thoshte q\u00eb dilni nga greva dhe m\u00eb takoni mua \u00ebsht\u00eb ciniz\u00ebm dhe urrejtje njer\u00ebzore. Nuk mund t\u00eb jesh drejtues i nj\u00eb shteti n\u00ebse nuk do njeriun, n\u00ebse nuk do shqiptarin. Pa dashuri nuk fiton asnj\u00eb betej\u00eb, vet\u00ebm me dashuri fitohet beteja. Vet\u00ebm me respekt fitohet beteja. Familjeve t\u00eb naft\u00ebtar\u00ebve t\u2019u b\u00ebhen sht\u00ebpit\u00eb e reja dhe infrastruktura t\u00eb rregullohet dhe paga t\u00eb jet\u00eb dinjitoze.<\/em><\/span><\/p>\n<p><span style=\"color: #000000;\"><em>Dhe p\u00ebr minator\u00ebt e Bulqiz\u00ebs dy, q\u00eb po vdesin n\u00ebp\u00ebr galeri dhe shkoni n\u00eb Bulqiz\u00eb t\u00eb shihni se si jetojn\u00eb n\u00eb kushte t\u00eb mjerueshme.<\/em><\/span><\/p>\n<p><span style=\"color: #000000;\"><em>K\u00ebto jan\u00eb dy plag\u00ebt e mia.\u201d<\/em>&#8211; deklaroi Asqeriu.<\/span><\/p>\n<p><span style=\"color: #000000;\">N\u00eb p\u00ebrgjigje t\u00eb aktorit, Basha tha se ka shkuar disa her\u00eb p\u00ebr ti takuar naft\u00ebtar\u00ebt dhe se e ka ndjer\u00eb dhimbjen e tyre, po ashtu edhe t\u00eb minator\u00ebve.<\/span><\/p>\n<p><span style=\"color: #000000;\"><em>\u201cEdhe un\u00eb dua t\u00eb them di\u00e7ka q\u00eb e preke ti tani. Pa dashuri p\u00ebr vendin, pa dashuri p\u00ebr njer\u00ebzit nuk mund t\u00eb b\u00ebsh dot asgj\u00eb. Prandaj gj\u00ebja e par\u00eb q\u00eb do b\u00ebjm\u00eb, \u00ebsht\u00eb q\u00eb t\u2019i kthejm\u00eb fytyr\u00ebn njer\u00ebzore politik\u00ebs. Nj\u00eb politik\u00eb me fytyr\u00eb njer\u00ebzore, i b\u00ebn institucionet e shtetit t\u00eb punojn\u00eb p\u00ebr njer\u00ebzit dhe jo p\u00ebr veten e tyre, ndjen dhimbjen e qytetar\u00ebve. <\/em><\/span><\/p>\n<p><span style=\"color: #000000;\"><em>Ti e di se kam shkuar tre her\u00eb n\u00eb grev\u00ebn e tyre, kam q\u00ebndruar me ta, jo ajo q\u00eb jepnin mediet se pasi jan\u00eb fikur kamerat kam q\u00ebndruar p\u00ebr or\u00eb t\u00eb t\u00ebra me ta. E kam ndjer\u00eb dhimbjen e tyre dhe t\u00eb minator\u00ebve t\u00eb Bulqiz\u00ebs dhe t\u00eb gjith\u00eb t\u00eb vuajturve t\u00eb tjer\u00eb gjat\u00eb k\u00ebtyre 8 viteve.\u201d<\/em>&#8211; deklaroi kryedemokrati, i cili shtoi se me planin e tij, do t\u2019u vij\u00eb n\u00eb ndihm\u00eb edhe naft\u00ebtar\u00ebve dhe minator\u00ebve.<\/span><\/p>\n","protected":false,"gt_translate_keys":[{"key":"rendered","format":"html"}]},"excerpt":{"rendered":"<p>Gjat\u00eb fjal\u00ebs s\u00eb tij n\u00eb bashk\u00ebbisedimin e sot\u00ebm me kryedemokratin Lulzim Basha, aktori Bujar Asqeriu tha se kishte nj\u00eb plag\u00eb n\u00eb zem\u00ebr p\u00ebr naft\u00ebtar\u00ebt dhe minator\u00ebt. Ai ka k\u00ebrkuar nga Basha q\u00eb kur t\u00eb vij\u00eb n\u00eb pozit\u00eb, t\u2019u vij\u00eb n\u00eb ndihm\u00eb k\u00ebtyre dy kategorive duke u p\u00ebrmir\u00ebsuar kushtet dhe rritur pagat. \u201cT\u00eb m\u00eb fal\u00ebsh zoti [&hellip;]<\/p>\n","protected":false,"gt_translate_keys":[{"key":"rendered","format":"html"}]},"author":30,"featured_media":436886,"comment_status":"open","ping_status":"open","sticky":false,"template":"","format":"standard","meta":{"footnotes":""},"categories":[65,13],"tags":[],"class_list":["post-436885","post","type-post","status-publish","format-standard","has-post-thumbnail","hentry","category-lajme","category-te-fundit"],"gt_translate_keys":[{"key":"link","format":"url"}],"_links":{"self":[{"href":"https:\/\/www.hashtag.al\/index.php\/wp-json\/wp\/v2\/posts\/436885","targetHints":{"allow":["GET"]}}],"collection":[{"href":"https:\/\/www.hashtag.al\/index.php\/wp-json\/wp\/v2\/posts"}],"about":[{"href":"https:\/\/www.hashtag.al\/index.php\/wp-json\/wp\/v2\/types\/post"}],"author":[{"embeddable":true,"href":"https:\/\/www.hashtag.al\/index.php\/wp-json\/wp\/v2\/users\/30"}],"replies":[{"embeddable":true,"href":"https:\/\/www.hashtag.al\/index.php\/wp-json\/wp\/v2\/comments?post=436885"}],"version-history":[{"count":0,"href":"https:\/\/www.hashtag.al\/index.php\/wp-json\/wp\/v2\/posts\/436885\/revisions"}],"wp:featuredmedia":[{"embeddable":true,"href":"https:\/\/www.hashtag.al\/index.php\/wp-json\/wp\/v2\/media\/436886"}],"wp:attachment":[{"href":"https:\/\/www.hashtag.al\/index.php\/wp-json\/wp\/v2\/media?parent=436885"}],"wp:term":[{"taxonomy":"category","embeddable":true,"href":"https:\/\/www.hashtag.al\/index.php\/wp-json\/wp\/v2\/categories?post=436885"},{"taxonomy":"post_tag","embeddable":true,"href":"https:\/\/www.hashtag.al\/index.php\/wp-json\/wp\/v2\/tags?post=436885"}],"curies":[{"name":"wp","href":"https:\/\/api.w.org\/{rel}","templated":true}]}}