{"id":436879,"date":"2021-03-17T11:26:07","date_gmt":"2021-03-17T10:26:07","guid":{"rendered":"https:\/\/hashtag.al\/?p=436879"},"modified":"2021-03-17T12:02:15","modified_gmt":"2021-03-17T11:02:15","slug":"qytetari-ne-vlore-i-del-para-bashes-jam-kusheri-i-rames-askush-ne-fis-se-do-me","status":"publish","type":"post","link":"https:\/\/www.hashtag.al\/index.php\/2021\/03\/17\/qytetari-ne-vlore-i-del-para-bashes-jam-kusheri-i-rames-askush-ne-fis-se-do-me\/","title":{"rendered":"Qytetari n\u00eb Vlor\u00eb i del para Bash\u00ebs: Jam kush\u00ebri i Ram\u00ebs, askush n\u00eb fis s\u2019e do m\u00eb","gt_translate_keys":[{"key":"rendered","format":"text"}]},"content":{"rendered":"<p><span style=\"color: #000000;\"><a href=\"https:\/\/hashtag.al\/wp-content\/uploads\/2021\/03\/basha-vlonjati.jpg\"><img loading=\"lazy\" decoding=\"async\" class=\"aligncenter size-full wp-image-436880\" src=\"https:\/\/hashtag.al\/wp-content\/uploads\/2021\/03\/basha-vlonjati.jpg\" alt=\"\" width=\"839\" height=\"435\" srcset=\"https:\/\/www.hashtag.al\/wp-content\/uploads\/2021\/03\/basha-vlonjati.jpg 839w, https:\/\/www.hashtag.al\/wp-content\/uploads\/2021\/03\/basha-vlonjati-300x156.jpg 300w, https:\/\/www.hashtag.al\/wp-content\/uploads\/2021\/03\/basha-vlonjati-768x398.jpg 768w\" sizes=\"auto, (max-width: 839px) 100vw, 839px\" \/><\/a><\/span><\/p>\n<p><span style=\"color: #000000;\">Kreu i PD-s\u00eb Lulzim Basha ndodhet sot n\u00eb Vlor\u00eb, ku \u00ebsht\u00eb takuar me nj\u00eb qytetar i cili pretendon se \u00ebsht\u00eb kush\u00ebri me kryeministrin Edi Rama.<\/span><\/p>\n<p><span style=\"color: #000000;\">E pavar\u00ebsisht lidhjes s\u00eb af\u00ebrt, ai i ankohet kryeopozitarit p\u00ebr t\u00eb.<\/span><\/p>\n<p><em><span style=\"color: #000000;\">\u201cO vlla t\u00eb uroj sh\u00ebndet, ne do fitojm\u00eb. Un\u00eb jam kush\u00ebriri i Edi Ram\u00ebs, m\u00eb maskarai q\u00eb ka Shqip\u00ebria. Na mori pronat, m\u00eb hoqi nga puna mua, familjen time, ia dha oligark\u00ebve t\u00eb tij. O Lulzim nuk t\u00eb g\u00ebnjen vllai. M\u00eb pruri forcat sikur isha m\u00eb krimineli i Shqip\u00ebris\u00eb. Asnj\u00eb nga fisi nuk e voton m\u00eb Edi Ram\u00ebn. Nga t\u00eb gjith\u00eb fisi i mamas\u00eb sime, asnj\u00ebri.<\/span><\/em><\/p>\n<p><span style=\"color: #000000;\"><em>N\u00ebna ime dhe n\u00ebna e tij jan\u00eb kush\u00ebrira, gjysh\u00ebrit jan\u00eb kush\u00ebrinj t\u00eb par\u00eb. Mua t\u00eb parin ma prishi. Un\u00eb as nuk kam vjedhur, as jam marr\u00eb me dor\u00eb, as nuk jam marr\u00eb me asgj\u00eb.\u201d-<\/em> tha qytetari.<\/span><\/p>\n<p><span style=\"color: #000000;\">Basha iu p\u00ebrgjigj se \u201cfamilja e tij jan\u00eb oligark\u00ebt, familja ime jeni ju\u201d dhe se m\u00eb 25 Prill do ta largojn\u00eb Ram\u00ebn nga pushteti.<\/span><\/p>\n","protected":false,"gt_translate_keys":[{"key":"rendered","format":"html"}]},"excerpt":{"rendered":"<p>Kreu i PD-s\u00eb Lulzim Basha ndodhet sot n\u00eb Vlor\u00eb, ku \u00ebsht\u00eb takuar me nj\u00eb qytetar i cili pretendon se \u00ebsht\u00eb kush\u00ebri me kryeministrin Edi Rama. E pavar\u00ebsisht lidhjes s\u00eb af\u00ebrt, ai i ankohet kryeopozitarit p\u00ebr t\u00eb. \u201cO vlla t\u00eb uroj sh\u00ebndet, ne do fitojm\u00eb. Un\u00eb jam kush\u00ebriri i Edi Ram\u00ebs, m\u00eb maskarai q\u00eb ka Shqip\u00ebria. [&hellip;]<\/p>\n","protected":false,"gt_translate_keys":[{"key":"rendered","format":"html"}]},"author":30,"featured_media":436880,"comment_status":"open","ping_status":"open","sticky":false,"template":"","format":"standard","meta":{"footnotes":""},"categories":[65,13],"tags":[],"class_list":["post-436879","post","type-post","status-publish","format-standard","has-post-thumbnail","hentry","category-lajme","category-te-fundit"],"gt_translate_keys":[{"key":"link","format":"url"}],"_links":{"self":[{"href":"https:\/\/www.hashtag.al\/index.php\/wp-json\/wp\/v2\/posts\/436879","targetHints":{"allow":["GET"]}}],"collection":[{"href":"https:\/\/www.hashtag.al\/index.php\/wp-json\/wp\/v2\/posts"}],"about":[{"href":"https:\/\/www.hashtag.al\/index.php\/wp-json\/wp\/v2\/types\/post"}],"author":[{"embeddable":true,"href":"https:\/\/www.hashtag.al\/index.php\/wp-json\/wp\/v2\/users\/30"}],"replies":[{"embeddable":true,"href":"https:\/\/www.hashtag.al\/index.php\/wp-json\/wp\/v2\/comments?post=436879"}],"version-history":[{"count":0,"href":"https:\/\/www.hashtag.al\/index.php\/wp-json\/wp\/v2\/posts\/436879\/revisions"}],"wp:featuredmedia":[{"embeddable":true,"href":"https:\/\/www.hashtag.al\/index.php\/wp-json\/wp\/v2\/media\/436880"}],"wp:attachment":[{"href":"https:\/\/www.hashtag.al\/index.php\/wp-json\/wp\/v2\/media?parent=436879"}],"wp:term":[{"taxonomy":"category","embeddable":true,"href":"https:\/\/www.hashtag.al\/index.php\/wp-json\/wp\/v2\/categories?post=436879"},{"taxonomy":"post_tag","embeddable":true,"href":"https:\/\/www.hashtag.al\/index.php\/wp-json\/wp\/v2\/tags?post=436879"}],"curies":[{"name":"wp","href":"https:\/\/api.w.org\/{rel}","templated":true}]}}