{"id":436593,"date":"2021-03-16T10:34:12","date_gmt":"2021-03-16T09:34:12","guid":{"rendered":"https:\/\/hashtag.al\/?p=436593"},"modified":"2021-03-16T10:34:12","modified_gmt":"2021-03-16T09:34:12","slug":"letra-e-ekologjistit-gjerman-per-vjosen-meta-qeveria-ende-ne-detyre-te-terhiqet-urgjentisht-nga-cdo-projekt-arbitrar","status":"publish","type":"post","link":"https:\/\/www.hashtag.al\/index.php\/2021\/03\/16\/letra-e-ekologjistit-gjerman-per-vjosen-meta-qeveria-ende-ne-detyre-te-terhiqet-urgjentisht-nga-cdo-projekt-arbitrar\/","title":{"rendered":"Letra e ekologjistit gjerman p\u00ebr Vjos\u00ebn, Meta: Qeveria ende n\u00eb detyr\u00eb, t\u00eb t\u00ebrhiqet urgjentisht nga \u00e7do projekt arbitrar","gt_translate_keys":[{"key":"rendered","format":"text"}]},"content":{"rendered":"<p><span style=\"color: #000000;\"><a href=\"https:\/\/hashtag.al\/wp-content\/uploads\/2021\/03\/MEta-Vjosa-1.jpg\"><img loading=\"lazy\" decoding=\"async\" class=\"aligncenter size-full wp-image-436594\" src=\"https:\/\/hashtag.al\/wp-content\/uploads\/2021\/03\/MEta-Vjosa-1.jpg\" alt=\"\" width=\"2921\" height=\"1175\" srcset=\"https:\/\/www.hashtag.al\/wp-content\/uploads\/2021\/03\/MEta-Vjosa-1.jpg 2921w, https:\/\/www.hashtag.al\/wp-content\/uploads\/2021\/03\/MEta-Vjosa-1-300x121.jpg 300w, https:\/\/www.hashtag.al\/wp-content\/uploads\/2021\/03\/MEta-Vjosa-1-768x309.jpg 768w, https:\/\/www.hashtag.al\/wp-content\/uploads\/2021\/03\/MEta-Vjosa-1-1024x412.jpg 1024w\" sizes=\"auto, (max-width: 2921px) 100vw, 2921px\" \/><\/a><\/span><\/p>\n<p><span style=\"color: #000000;\">Presidenti Ilir Meta ka reaguar pas <span style=\"color: #0000ff;\"><a style=\"color: #0000ff;\" href=\"https:\/\/hashtag.al\/index.php\/2021\/03\/16\/fituesi-gjerman-i-cmimit-alternativ-nobel-leter-rames-vjosa-eshte-dhurate-per-gjithe-evropen\/\">letr\u00ebs<\/a> <\/span>s\u00eb ekologjistit gjerman Michael Succow p\u00ebr kryeministrin Edi Rama, p\u00ebr mbrojtjen e lumit Vjosa.<\/span><\/p>\n<p><span style=\"color: #000000;\">Nd\u00ebrsa p\u00ebrsh\u00ebndet p\u00ebrkrahjen q\u00eb fituesi i \u00e7mimit alternativ \u201cNobel\u201d i b\u00ebn kauz\u00ebs p\u00ebr lumin n\u00eb Shqip\u00ebri, presidenti Meta thot\u00eb se ndan t\u00eb nj\u00ebjtin q\u00ebndrim. Ai i k\u00ebrkon qeveris\u00eb Rama q\u00eb t\u00eb d\u00ebgjoj\u00eb z\u00ebrin e komunitetit dhe t\u00eb t\u00ebrhiqet nga \u00e7do projekt arbitrar.<\/span><\/p>\n<p><span style=\"color: #000000;\">Meta shprehet i vendosur, q\u00eb t\u00eb mos lejoj\u00eb asnj\u00eb vendimmarrje arbitrare, korruptive dhe t\u00eb dyshimt\u00eb p\u00ebr nd\u00ebrtimin e hidrocentraleve mbi lumin Vjosa.<\/span><\/p>\n<p><em><span style=\"color: #000000;\">\u00a0\u201cE p\u00ebrsh\u00ebndes fituesin e \u00e7mimit alternativ \u2018Nobel\u2019, Michael Su\u00e7ow, p\u00ebr p\u00ebrkrahjen publike t\u00eb dh\u00ebn\u00eb p\u00ebr kauz\u00ebn e krijimit t\u00eb Parkut Komb\u00ebtar t\u00eb Vjos\u00ebs, p\u00ebrgjat\u00eb gjith\u00eb lumit duke p\u00ebrfshir\u00eb edhe deg\u00ebt e tij.<\/span><\/em><br \/>\n<em><span style=\"color: #000000;\">Ndaj t\u00eb nj\u00ebjtin q\u00ebndrim me ekologjistin e shquar gjerman, t\u00eb shprehur edhe n\u00eb letr\u00ebn drejtuar Kryeministrit ende n\u00eb detyr\u00eb, por edhe autoriteteve m\u00eb t\u00eb larta t\u00eb Bashkimit Europian, p\u00ebr t\u00eb ndalur \u00e7do projekt shkat\u00ebrrimtar n\u00eb lumin Vjosa, q\u00eb si\u00e7 me t\u00eb drejt\u00eb ai e cil\u00ebson \u2018\u00ebsht\u00eb nj\u00eb dhurat\u00eb t\u00eb madhe jo vet\u00ebm p\u00ebr banor\u00ebt e Shqip\u00ebris\u00eb, por p\u00ebr t\u00eb gjith\u00eb europian\u00ebt dhe m\u00eb gjer\u00eb\u2019.<\/span><\/em><br \/>\n<em><span style=\"color: #000000;\">Tashm\u00eb kur kauz\u00ebs ton\u00eb i jan\u00eb bashkuar 36 organizata mjedisore vendase dhe t\u00eb huaja, nd\u00ebr ta edhe aktori e artisti i jasht\u00ebzakonsh\u00ebm Leonardo DiCaprio, Qeveria ende n\u00eb detyr\u00eb duhet t\u00eb d\u00ebgjoj\u00eb z\u00ebrin e komunitetit e t\u00eb gjith\u00eb aktivist\u00ebve, si dhe t\u00eb t\u00ebrhiqet urgjentisht nga \u00e7do projekt arbitrar, q\u00eb shkat\u00ebrron k\u00ebt\u00eb pasuri e trash\u00ebgimi natyrore komb\u00ebtare, me r\u00ebnd\u00ebsi t\u00eb jasht\u00ebzakonshme dhe potencial t\u00eb madh turistik.<\/span><\/em><br \/>\n<em><span style=\"color: #000000;\">Jemi t\u00eb vendosur, q\u00eb deri m\u00eb 25 prill, t\u00eb mos lejojm\u00eb me mjete demokratike \u00e7do vendimmarrje arbitrare, korruptive dhe t\u00eb dyshimt\u00eb p\u00ebr nd\u00ebrtimin e hidrocentraleve mbi lumin Vjosa.<\/span><\/em><br \/>\n<span style=\"color: #000000;\"><em>Referendumi historik \u00ebsht\u00eb nj\u00eb mund\u00ebsi e shk\u00eblqyer p\u00ebr ne dhe komunitetin p\u00ebrgjat\u00eb lumit Vjosa p\u00ebr t\u2019i dh\u00ebn\u00eb nd\u00ebshkimin e merituar me vot\u00eb t\u00eb gjith\u00eb atyre q\u00eb k\u00ebt\u00eb pasuri komb\u00ebtare dhe europiane duan ta zhvatin p\u00ebr llogari t\u00eb pasurimit t\u00eb nj\u00eb grushti oligark\u00ebsh.\u201d<\/em>&#8211; deklaron Presidenti Meta.<\/span><\/p>\n","protected":false,"gt_translate_keys":[{"key":"rendered","format":"html"}]},"excerpt":{"rendered":"<p>Presidenti Ilir Meta ka reaguar pas letr\u00ebs s\u00eb ekologjistit gjerman Michael Succow p\u00ebr kryeministrin Edi Rama, p\u00ebr mbrojtjen e lumit Vjosa. Nd\u00ebrsa p\u00ebrsh\u00ebndet p\u00ebrkrahjen q\u00eb fituesi i \u00e7mimit alternativ \u201cNobel\u201d i b\u00ebn kauz\u00ebs p\u00ebr lumin n\u00eb Shqip\u00ebri, presidenti Meta thot\u00eb se ndan t\u00eb nj\u00ebjtin q\u00ebndrim. Ai i k\u00ebrkon qeveris\u00eb Rama q\u00eb t\u00eb d\u00ebgjoj\u00eb z\u00ebrin e [&hellip;]<\/p>\n","protected":false,"gt_translate_keys":[{"key":"rendered","format":"html"}]},"author":30,"featured_media":436594,"comment_status":"open","ping_status":"open","sticky":false,"template":"","format":"standard","meta":{"footnotes":""},"categories":[65,13],"tags":[],"class_list":["post-436593","post","type-post","status-publish","format-standard","has-post-thumbnail","hentry","category-lajme","category-te-fundit"],"gt_translate_keys":[{"key":"link","format":"url"}],"_links":{"self":[{"href":"https:\/\/www.hashtag.al\/index.php\/wp-json\/wp\/v2\/posts\/436593","targetHints":{"allow":["GET"]}}],"collection":[{"href":"https:\/\/www.hashtag.al\/index.php\/wp-json\/wp\/v2\/posts"}],"about":[{"href":"https:\/\/www.hashtag.al\/index.php\/wp-json\/wp\/v2\/types\/post"}],"author":[{"embeddable":true,"href":"https:\/\/www.hashtag.al\/index.php\/wp-json\/wp\/v2\/users\/30"}],"replies":[{"embeddable":true,"href":"https:\/\/www.hashtag.al\/index.php\/wp-json\/wp\/v2\/comments?post=436593"}],"version-history":[{"count":0,"href":"https:\/\/www.hashtag.al\/index.php\/wp-json\/wp\/v2\/posts\/436593\/revisions"}],"wp:featuredmedia":[{"embeddable":true,"href":"https:\/\/www.hashtag.al\/index.php\/wp-json\/wp\/v2\/media\/436594"}],"wp:attachment":[{"href":"https:\/\/www.hashtag.al\/index.php\/wp-json\/wp\/v2\/media?parent=436593"}],"wp:term":[{"taxonomy":"category","embeddable":true,"href":"https:\/\/www.hashtag.al\/index.php\/wp-json\/wp\/v2\/categories?post=436593"},{"taxonomy":"post_tag","embeddable":true,"href":"https:\/\/www.hashtag.al\/index.php\/wp-json\/wp\/v2\/tags?post=436593"}],"curies":[{"name":"wp","href":"https:\/\/api.w.org\/{rel}","templated":true}]}}