{"id":436590,"date":"2021-03-16T10:22:57","date_gmt":"2021-03-16T09:22:57","guid":{"rendered":"https:\/\/hashtag.al\/?p=436590"},"modified":"2021-03-16T10:22:57","modified_gmt":"2021-03-16T09:22:57","slug":"rama-anglishtja-do-te-mesohet-qe-ne-klase-te-pare-celim-program-dhe-per-zejet","status":"publish","type":"post","link":"https:\/\/www.hashtag.al\/index.php\/2021\/03\/16\/rama-anglishtja-do-te-mesohet-qe-ne-klase-te-pare-celim-program-dhe-per-zejet\/","title":{"rendered":"Rama: Anglishtja do t\u00eb m\u00ebsohet q\u00eb n\u00eb klas\u00eb t\u00eb par\u00eb, \u00e7elim program dhe p\u00ebr zejet","gt_translate_keys":[{"key":"rendered","format":"text"}]},"content":{"rendered":"<p><span style=\"color: #000000;\"><a href=\"https:\/\/hashtag.al\/wp-content\/uploads\/2021\/03\/EDI-RAMA-2.jpg\"><img loading=\"lazy\" decoding=\"async\" class=\"aligncenter size-full wp-image-436591\" src=\"https:\/\/hashtag.al\/wp-content\/uploads\/2021\/03\/EDI-RAMA-2.jpg\" alt=\"\" width=\"933\" height=\"541\" srcset=\"https:\/\/www.hashtag.al\/wp-content\/uploads\/2021\/03\/EDI-RAMA-2.jpg 933w, https:\/\/www.hashtag.al\/wp-content\/uploads\/2021\/03\/EDI-RAMA-2-300x174.jpg 300w, https:\/\/www.hashtag.al\/wp-content\/uploads\/2021\/03\/EDI-RAMA-2-768x445.jpg 768w, https:\/\/www.hashtag.al\/wp-content\/uploads\/2021\/03\/EDI-RAMA-2-250x145.jpg 250w\" sizes=\"auto, (max-width: 933px) 100vw, 933px\" \/><\/a><\/span><\/p>\n<p><span style=\"color: #000000;\">Kryeministri Edi Rama gjat\u00eb prezantimit t\u00eb programit t\u00eb tij p\u00ebr Arsimin, ka deklaruar se do t\u00eb fus\u00eb gjuh\u00ebn angleze si l\u00ebnd\u00eb q\u00eb n\u00eb klan\u00ebn e par\u00eb.<\/span><\/p>\n<p><span style=\"color: #000000;\">E po ashtu ka shtuar se do t\u00eb hap\u00eb nj\u00eb program p\u00ebr artet e zejet n\u00eb shkollat e mesme, me q\u00ebllim q\u00eb t\u00eb rinjt\u00eb t\u00eb mos kalojn\u00eb shum\u00eb koh\u00eb n\u00eb celular\u00ebt e tyre.<\/span><\/p>\n<p><em><span style=\"color: #000000;\">\u201cGjuha angleze do nis\u00eb t\u00eb m\u00ebsohet kudo n\u00eb gjith\u00eb shkollat e vendit q\u00eb n\u00eb klas\u00ebn e par\u00eb.<\/span><\/em><\/p>\n<p><em><span style=\"color: #000000;\">\u00cbsht\u00eb koha q\u00eb t\u00eb gjith\u00eb t\u00eb m\u00ebsohen me gjuh\u00ebn baz\u00eb t\u00eb komunikimit dixhital, qysh sot ne duhet ta pajisim brezin me dijet baz\u00eb n\u00eb t\u00eb dyja e ta zhd\u00ebrvjellt\u00ebsojm\u00eb sistemin e ngrir\u00eb arsimor n\u00eb shkenca inxhinierike e matematik\u00eb.<\/span><\/em><\/p>\n<p><em><span style=\"color: #000000;\">Bazuar n\u00eb modelin e par\u00eb t\u00eb ngritur n\u00eb Tiran\u00eb q\u00eb do zhvillohet m\u00eb tej te Piramida e diktatorit e kthyer n\u00eb nj\u00eb epiqend\u00ebr t\u00eb Shqip\u00ebris\u00eb s\u00eb t\u00eb ardhmes ne do \u00e7elim programin komb\u00ebtar 10-vjecar t\u00eb kodimit p\u00ebr nx\u00ebn\u00ebsit e klasave 12-18, e do hapim qendra t\u00eb specializuara t\u00eb bot\u00ebs dixhitale jo n\u00eb iphone e ipad, por n\u00eb bot\u00ebn digjitale ku f\u00ebmij\u00ebve do u prezantohen themelet e saj.<\/span><\/em><\/p>\n<p><em><span style=\"color: #000000;\">Qendra e par\u00eb \u00ebsht\u00eb kjo e Tiran\u00ebs, t\u00eb tjerat n\u00eb Shkod\u00ebr Vlor\u00eb, Dib\u00ebr Korc\u00eb Kuk\u00ebs e Berat e hap pas hapi n\u00eb krejt Shqip\u00ebrin\u00eb.<\/span><\/em><\/p>\n<p><em><span style=\"color: #000000;\">Do \u00e7elim programin komb\u00ebtar p\u00ebr artet e zejet p\u00ebr shkollat e mesme, me kushte e detyra p\u00ebr t\u00eb usthruar mendjen e duart p\u00ebrmes krijimtaris\u00eb n\u00eb projekte si detyrim q\u00eb bota e iphone e ipad mos marr\u00eb peng mendjen, shqisat e trupin e tyre.<\/span><\/em><\/p>\n<p><span style=\"color: #000000;\"><em>Sportet do z\u00ebn\u00eb vend m\u00eb t\u00eb r\u00ebnd\u00ebsish\u00ebm q\u00eb nga klasa e par\u00eb deri n\u00eb universitet, na duhet nj\u00eb profil i ri i drejtuesit t\u00eb shkollave.\u201d-<\/em>\u00a0tha Rama.<\/span><\/p>\n","protected":false,"gt_translate_keys":[{"key":"rendered","format":"html"}]},"excerpt":{"rendered":"<p>Kryeministri Edi Rama gjat\u00eb prezantimit t\u00eb programit t\u00eb tij p\u00ebr Arsimin, ka deklaruar se do t\u00eb fus\u00eb gjuh\u00ebn angleze si l\u00ebnd\u00eb q\u00eb n\u00eb klan\u00ebn e par\u00eb. E po ashtu ka shtuar se do t\u00eb hap\u00eb nj\u00eb program p\u00ebr artet e zejet n\u00eb shkollat e mesme, me q\u00ebllim q\u00eb t\u00eb rinjt\u00eb t\u00eb mos kalojn\u00eb shum\u00eb koh\u00eb [&hellip;]<\/p>\n","protected":false,"gt_translate_keys":[{"key":"rendered","format":"html"}]},"author":30,"featured_media":436591,"comment_status":"open","ping_status":"open","sticky":false,"template":"","format":"standard","meta":{"footnotes":""},"categories":[65,13],"tags":[],"class_list":["post-436590","post","type-post","status-publish","format-standard","has-post-thumbnail","hentry","category-lajme","category-te-fundit"],"gt_translate_keys":[{"key":"link","format":"url"}],"_links":{"self":[{"href":"https:\/\/www.hashtag.al\/index.php\/wp-json\/wp\/v2\/posts\/436590","targetHints":{"allow":["GET"]}}],"collection":[{"href":"https:\/\/www.hashtag.al\/index.php\/wp-json\/wp\/v2\/posts"}],"about":[{"href":"https:\/\/www.hashtag.al\/index.php\/wp-json\/wp\/v2\/types\/post"}],"author":[{"embeddable":true,"href":"https:\/\/www.hashtag.al\/index.php\/wp-json\/wp\/v2\/users\/30"}],"replies":[{"embeddable":true,"href":"https:\/\/www.hashtag.al\/index.php\/wp-json\/wp\/v2\/comments?post=436590"}],"version-history":[{"count":0,"href":"https:\/\/www.hashtag.al\/index.php\/wp-json\/wp\/v2\/posts\/436590\/revisions"}],"wp:featuredmedia":[{"embeddable":true,"href":"https:\/\/www.hashtag.al\/index.php\/wp-json\/wp\/v2\/media\/436591"}],"wp:attachment":[{"href":"https:\/\/www.hashtag.al\/index.php\/wp-json\/wp\/v2\/media?parent=436590"}],"wp:term":[{"taxonomy":"category","embeddable":true,"href":"https:\/\/www.hashtag.al\/index.php\/wp-json\/wp\/v2\/categories?post=436590"},{"taxonomy":"post_tag","embeddable":true,"href":"https:\/\/www.hashtag.al\/index.php\/wp-json\/wp\/v2\/tags?post=436590"}],"curies":[{"name":"wp","href":"https:\/\/api.w.org\/{rel}","templated":true}]}}