{"id":436454,"date":"2021-03-15T16:09:31","date_gmt":"2021-03-15T15:09:31","guid":{"rendered":"https:\/\/hashtag.al\/?p=436454"},"modified":"2021-03-15T16:09:31","modified_gmt":"2021-03-15T15:09:31","slug":"ekzekutimi-i-behar-sofias-zbulohen-pamjet-e-24-vjecarit-qe-e-ndjek-cale-cale-video","status":"publish","type":"post","link":"https:\/\/www.hashtag.al\/index.php\/2021\/03\/15\/ekzekutimi-i-behar-sofias-zbulohen-pamjet-e-24-vjecarit-qe-e-ndjek-cale-cale-video\/","title":{"rendered":"Ekzekutimi i Behar Sofias, zbulohen pamjet e 24-vje\u00e7arit q\u00eb e ndjek \u00e7al\u00eb-\u00e7al\u00eb (Video)","gt_translate_keys":[{"key":"rendered","format":"text"}]},"content":{"rendered":"<p><span style=\"color: #000000;\"><img loading=\"lazy\" decoding=\"async\" class=\"aligncenter size-full wp-image-436457\" src=\"https:\/\/hashtag.al\/wp-content\/uploads\/2021\/03\/sofia.jpg\" alt=\"\" width=\"1320\" height=\"746\" srcset=\"https:\/\/www.hashtag.al\/wp-content\/uploads\/2021\/03\/sofia.jpg 1320w, https:\/\/www.hashtag.al\/wp-content\/uploads\/2021\/03\/sofia-300x170.jpg 300w, https:\/\/www.hashtag.al\/wp-content\/uploads\/2021\/03\/sofia-768x434.jpg 768w, https:\/\/www.hashtag.al\/wp-content\/uploads\/2021\/03\/sofia-1024x579.jpg 1024w\" sizes=\"auto, (max-width: 1320px) 100vw, 1320px\" \/><\/span><\/p>\n<p><span style=\"color: #000000;\">\u00cbsht\u00eb zbuluar videoja q\u00eb shfaq \u00e7astet pak para ekzekutimit t\u00eb Behar Sofis\u00eb n\u00eb Tiran\u00eb. <\/span><\/p>\n<p><span style=\"color: #000000;\">N\u00eb t\u00eb duket 66-vje\u00e7ari i cili kalon rrug\u00ebn te kryq\u00ebzimi i Lan\u00ebs nd\u00ebrsa nga pas e ndjek duke \u00e7aluar 24-vje\u00e7ari Ernejt Shyti i cili akuzohet p\u00ebr ekzekutimin me dy plumba t\u00eb biznesmenit. <\/span><\/p>\n<p><span style=\"color: #000000;\">Shyti u ndalua n\u00eb Mal t\u00eb Zi pak dit\u00eb m\u00eb par\u00eb dhe e ka pranuar krimin. <\/span><\/p>\n<p><span style=\"color: #000000;\">P\u00ebrve\u00e7 tij jan\u00eb ndaluar si bashk\u00ebpun\u00ebtor\u00eb n\u00eb ekzekutim edhe tre persona t\u00eb tjer\u00eb. <\/span><\/p>\n<p><span style=\"color: #000000;\">Sofia u q\u00ebllua p\u00ebr vdekje m\u00ebngjesin e 25 shkurtit n\u00eb Tiran\u00eb, n\u00eb trotuarin anash Lan\u00ebs p\u00ebrball\u00eb Piramid\u00ebs.<\/span><\/p>\n<p><span style=\"color: #000000;\"><span style=\"color: #ff0000;\"><strong>*<\/strong><\/span>Video Credit: <span style=\"color: #0000ff;\">Balkanweb<\/span><\/span><\/p>\n<div style=\"width: 1170px;\" class=\"wp-video\"><video class=\"wp-video-shortcode\" id=\"video-436454-1\" width=\"1170\" height=\"658\" preload=\"metadata\" controls=\"controls\"><source type=\"video\/mp4\" src=\"https:\/\/hashtag.al\/wp-content\/uploads\/2021\/03\/Momenti-kur-vras\u00ebsi-ndjek-Behar-Sofin\u00eb-an\u00ebs-Lan\u00ebs-shihni-\u00e7\u2019ndodhi-para-ekzekutimit-t\u00eb-biznesmenit.mp4?_=1\" \/><a href=\"https:\/\/hashtag.al\/wp-content\/uploads\/2021\/03\/Momenti-kur-vras\u00ebsi-ndjek-Behar-Sofin\u00eb-an\u00ebs-Lan\u00ebs-shihni-\u00e7\u2019ndodhi-para-ekzekutimit-t\u00eb-biznesmenit.mp4\">https:\/\/hashtag.al\/wp-content\/uploads\/2021\/03\/Momenti-kur-vras\u00ebsi-ndjek-Behar-Sofin\u00eb-an\u00ebs-Lan\u00ebs-shihni-\u00e7\u2019ndodhi-para-ekzekutimit-t\u00eb-biznesmenit.mp4<\/a><\/video><\/div>\n","protected":false,"gt_translate_keys":[{"key":"rendered","format":"html"}]},"excerpt":{"rendered":"<p>\u00cbsht\u00eb zbuluar videoja q\u00eb shfaq \u00e7astet pak para ekzekutimit t\u00eb Behar Sofis\u00eb n\u00eb Tiran\u00eb. N\u00eb t\u00eb duket 66-vje\u00e7ari i cili kalon rrug\u00ebn te kryq\u00ebzimi i Lan\u00ebs nd\u00ebrsa nga pas e ndjek duke \u00e7aluar 24-vje\u00e7ari Ernejt Shyti i cili akuzohet p\u00ebr ekzekutimin me dy plumba t\u00eb biznesmenit. Shyti u ndalua n\u00eb Mal t\u00eb Zi pak dit\u00eb [&hellip;]<\/p>\n","protected":false,"gt_translate_keys":[{"key":"rendered","format":"html"}]},"author":51,"featured_media":436457,"comment_status":"open","ping_status":"open","sticky":false,"template":"","format":"standard","meta":{"footnotes":""},"categories":[65,13],"tags":[],"class_list":["post-436454","post","type-post","status-publish","format-standard","has-post-thumbnail","hentry","category-lajme","category-te-fundit"],"gt_translate_keys":[{"key":"link","format":"url"}],"_links":{"self":[{"href":"https:\/\/www.hashtag.al\/index.php\/wp-json\/wp\/v2\/posts\/436454","targetHints":{"allow":["GET"]}}],"collection":[{"href":"https:\/\/www.hashtag.al\/index.php\/wp-json\/wp\/v2\/posts"}],"about":[{"href":"https:\/\/www.hashtag.al\/index.php\/wp-json\/wp\/v2\/types\/post"}],"author":[{"embeddable":true,"href":"https:\/\/www.hashtag.al\/index.php\/wp-json\/wp\/v2\/users\/51"}],"replies":[{"embeddable":true,"href":"https:\/\/www.hashtag.al\/index.php\/wp-json\/wp\/v2\/comments?post=436454"}],"version-history":[{"count":0,"href":"https:\/\/www.hashtag.al\/index.php\/wp-json\/wp\/v2\/posts\/436454\/revisions"}],"wp:featuredmedia":[{"embeddable":true,"href":"https:\/\/www.hashtag.al\/index.php\/wp-json\/wp\/v2\/media\/436457"}],"wp:attachment":[{"href":"https:\/\/www.hashtag.al\/index.php\/wp-json\/wp\/v2\/media?parent=436454"}],"wp:term":[{"taxonomy":"category","embeddable":true,"href":"https:\/\/www.hashtag.al\/index.php\/wp-json\/wp\/v2\/categories?post=436454"},{"taxonomy":"post_tag","embeddable":true,"href":"https:\/\/www.hashtag.al\/index.php\/wp-json\/wp\/v2\/tags?post=436454"}],"curies":[{"name":"wp","href":"https:\/\/api.w.org\/{rel}","templated":true}]}}