{"id":436395,"date":"2021-03-15T12:16:17","date_gmt":"2021-03-15T11:16:17","guid":{"rendered":"https:\/\/hashtag.al\/?p=436395"},"modified":"2021-03-15T12:17:54","modified_gmt":"2021-03-15T11:17:54","slug":"sdo-lejoj-instalimin-e-nje-junte-me-kelyshet-e-ndranghetas-trafikantet-e-horrat","status":"publish","type":"post","link":"https:\/\/www.hashtag.al\/index.php\/2021\/03\/15\/sdo-lejoj-instalimin-e-nje-junte-me-kelyshet-e-ndranghetas-trafikantet-e-horrat\/","title":{"rendered":"&#8220;S&#8217;do lejoj instalimin e nj\u00eb junte me k\u00eblysh\u00ebt e Ndranghetas, trafikant\u00ebt e horrat&#8221;","gt_translate_keys":[{"key":"rendered","format":"text"}]},"content":{"rendered":"<p><span style=\"color: #000000;\"><img loading=\"lazy\" decoding=\"async\" class=\"aligncenter size-full wp-image-436397\" src=\"https:\/\/hashtag.al\/wp-content\/uploads\/2021\/03\/meta-4.jpg\" alt=\"\" width=\"1287\" height=\"647\" srcset=\"https:\/\/www.hashtag.al\/wp-content\/uploads\/2021\/03\/meta-4.jpg 1287w, https:\/\/www.hashtag.al\/wp-content\/uploads\/2021\/03\/meta-4-300x151.jpg 300w, https:\/\/www.hashtag.al\/wp-content\/uploads\/2021\/03\/meta-4-768x386.jpg 768w, https:\/\/www.hashtag.al\/wp-content\/uploads\/2021\/03\/meta-4-1024x515.jpg 1024w\" sizes=\"auto, (max-width: 1287px) 100vw, 1287px\" \/><\/span><\/p>\n<p><span style=\"color: #000000;\">Presidenti Meta ka l\u00ebshuar akuza t\u00eb ashpra ndaj kryeministrit Rama e qeveris\u00eb s\u00eb tij duke i quajtur \u2018k\u00eblysh\u00ebt e Ndranghetas\u2019. <\/span><\/p>\n<p><span style=\"color: #000000;\">N\u00eb konferenc\u00ebs p\u00ebr shtyp nga Presidenca, kreu i shtetit theksoi se 25 prilli do jet\u00eb dita e fundit e atij q\u00eb e quajti regjim mediatik t\u00eb g\u00ebnjesht\u00ebrt. <\/span><\/p>\n<p><span style=\"color: #000000;\">Meta theksoi se nuk do lejoj\u00eb instalimin e junt\u00ebs nga \u2018k\u00eblysh\u00ebt e Ndranghetas\u2019.<\/span><\/p>\n<p><span style=\"color: #000000;\"><em>\u201cGazetar\u00ebt t\u00eb mos i q\u00ebndrojn\u00eb Ram\u00ebs af\u00ebr kur b\u00ebjn\u00eb pyetje. Komisioni i Venecias flet qart\u00eb p\u00ebr raportin mes qeveris\u00eb dhe medias. Jan\u00eb raporte sk\u00ebterr\u00eb. K\u00ebt\u00eb regjim mediatik t\u00eb g\u00ebnjesht\u00ebrt, populli shqiptar e ka kuptuar dhe m\u00eb 25 prill do t\u00eb vij\u00eb liria e popullit. Treni i demokracis\u00eb nuk ndalet. Po b\u00ebhet gjith\u00e7ka q\u00eb t\u00eb provokohet opozita, q\u00eb t\u00eb mos hyj\u00eb n\u00eb zgjedhje. Po n\u00ebse nuk \u00ebsht\u00eb presidenti aty, \u00e7far\u00eb ndodh. Ju e dini se te bregu i Lumit, n\u00eb Astir. Ky \u00ebsht\u00eb fashiz\u00ebm. I kan\u00eb hedhur gaz n\u00ebnave dhe femij\u00ebve. Nuk lejon Meta instalimin e nj\u00eb junte. Presidenti do i dal\u00eb p\u00ebr zot Kushtetut\u00ebs s\u00eb Shqip\u00ebris\u00eb, gjakut t\u00eb derdhur p\u00ebr demokraci, bijt\u00eb e xhelat\u00ebve q\u00eb s\u2019kan\u00eb k\u00ebrkuar falje akoma, me k\u00eblysh\u00ebt e Ndraghet\u00ebs, me trafikant\u00ebt, me horrat.\u201d<\/em> &#8211; tha Meta.<\/span><\/p>\n","protected":false,"gt_translate_keys":[{"key":"rendered","format":"html"}]},"excerpt":{"rendered":"<p>Presidenti Meta ka l\u00ebshuar akuza t\u00eb ashpra ndaj kryeministrit Rama e qeveris\u00eb s\u00eb tij duke i quajtur \u2018k\u00eblysh\u00ebt e Ndranghetas\u2019. N\u00eb konferenc\u00ebs p\u00ebr shtyp nga Presidenca, kreu i shtetit theksoi se 25 prilli do jet\u00eb dita e fundit e atij q\u00eb e quajti regjim mediatik t\u00eb g\u00ebnjesht\u00ebrt. Meta theksoi se nuk do lejoj\u00eb instalimin e [&hellip;]<\/p>\n","protected":false,"gt_translate_keys":[{"key":"rendered","format":"html"}]},"author":51,"featured_media":436397,"comment_status":"open","ping_status":"open","sticky":false,"template":"","format":"standard","meta":{"footnotes":""},"categories":[65,13],"tags":[],"class_list":["post-436395","post","type-post","status-publish","format-standard","has-post-thumbnail","hentry","category-lajme","category-te-fundit"],"gt_translate_keys":[{"key":"link","format":"url"}],"_links":{"self":[{"href":"https:\/\/www.hashtag.al\/index.php\/wp-json\/wp\/v2\/posts\/436395","targetHints":{"allow":["GET"]}}],"collection":[{"href":"https:\/\/www.hashtag.al\/index.php\/wp-json\/wp\/v2\/posts"}],"about":[{"href":"https:\/\/www.hashtag.al\/index.php\/wp-json\/wp\/v2\/types\/post"}],"author":[{"embeddable":true,"href":"https:\/\/www.hashtag.al\/index.php\/wp-json\/wp\/v2\/users\/51"}],"replies":[{"embeddable":true,"href":"https:\/\/www.hashtag.al\/index.php\/wp-json\/wp\/v2\/comments?post=436395"}],"version-history":[{"count":0,"href":"https:\/\/www.hashtag.al\/index.php\/wp-json\/wp\/v2\/posts\/436395\/revisions"}],"wp:featuredmedia":[{"embeddable":true,"href":"https:\/\/www.hashtag.al\/index.php\/wp-json\/wp\/v2\/media\/436397"}],"wp:attachment":[{"href":"https:\/\/www.hashtag.al\/index.php\/wp-json\/wp\/v2\/media?parent=436395"}],"wp:term":[{"taxonomy":"category","embeddable":true,"href":"https:\/\/www.hashtag.al\/index.php\/wp-json\/wp\/v2\/categories?post=436395"},{"taxonomy":"post_tag","embeddable":true,"href":"https:\/\/www.hashtag.al\/index.php\/wp-json\/wp\/v2\/tags?post=436395"}],"curies":[{"name":"wp","href":"https:\/\/api.w.org\/{rel}","templated":true}]}}