{"id":436095,"date":"2021-03-13T20:09:24","date_gmt":"2021-03-13T19:09:24","guid":{"rendered":"https:\/\/hashtag.al\/?p=436095"},"modified":"2021-03-13T20:09:24","modified_gmt":"2021-03-13T19:09:24","slug":"unioni-i-gazetareve-shqiptare-denon-sjelljen-e-kryeministrit-rama-ndaj-gazetares-per-masken","status":"publish","type":"post","link":"https:\/\/www.hashtag.al\/index.php\/2021\/03\/13\/unioni-i-gazetareve-shqiptare-denon-sjelljen-e-kryeministrit-rama-ndaj-gazetares-per-masken\/","title":{"rendered":"Unioni i Gazetar\u00ebve Shqiptar\u00eb d\u00ebnon sjelljen e kryeministrit Rama ndaj gazetares p\u00ebr mask\u00ebn","gt_translate_keys":[{"key":"rendered","format":"text"}]},"content":{"rendered":"<p><span style=\"color: #000000;\"><img loading=\"lazy\" decoding=\"async\" class=\"aligncenter size-full wp-image-436097\" src=\"https:\/\/hashtag.al\/wp-content\/uploads\/2021\/03\/ramaedona.jpg\" alt=\"\" width=\"1280\" height=\"720\" srcset=\"https:\/\/www.hashtag.al\/wp-content\/uploads\/2021\/03\/ramaedona.jpg 1280w, https:\/\/www.hashtag.al\/wp-content\/uploads\/2021\/03\/ramaedona-300x169.jpg 300w, https:\/\/www.hashtag.al\/wp-content\/uploads\/2021\/03\/ramaedona-768x432.jpg 768w, https:\/\/www.hashtag.al\/wp-content\/uploads\/2021\/03\/ramaedona-1024x576.jpg 1024w\" sizes=\"auto, (max-width: 1280px) 100vw, 1280px\" \/><\/span><\/p>\n<p><span style=\"color: #000000;\">Unioni i Gazetar\u00ebve Shqiptar\u00eb ka d\u00ebnuar sjelljen e kryeministrit Rama ndaj gazetares Edona Haklaj. <\/span><\/p>\n<p><span style=\"color: #000000;\">N\u00eb nj\u00eb reagim zyrtar, unioni thekson se shtyrja e gazetares p\u00ebr shkak t\u00eb munges\u00ebs s\u00eb mask\u00ebs \u00ebsht\u00eb nj\u00eb akt i dhunsh\u00ebm e aspak etik nga ana e kreut t\u00eb qeveris\u00eb.<\/span><\/p>\n<p><span style=\"color: #000000;\"><em>\u201cUnioni i Gazetar\u00ebve Shqiptar\u00eb u njoh sot\u00a0 me sekuenc\u00ebn audiovizive dhe reagimin p\u00ebr shkak t\u00eb shtyrjes, t\u00eb reporteres s\u00eb televizionit Fax News, koleges Edona Haklaj nga kryeministri i vendit Edi Rama nd\u00ebrsa po zhvillohej nj\u00eb komunikim me mediat dhe reporter\u00ebt n\u00eb Tiran\u00eb. Gjesti i shtyrjes fizike p\u00ebr shkak t\u00eb munges\u00ebs s\u00eb mask\u00ebs mbrojt\u00ebse nga ana e reporteres, p\u00ebrb\u00ebn nj\u00eb precedent t\u00eb rrall\u00eb dhe n\u00eb vetvete, ka pesh\u00ebn e nj\u00eb incidenti. Reporterja Haklaj n\u00eb sqarimin publik n\u00eb faqen vetiake t\u00eb fb, p\u00ebrmes nj\u00eb norme t\u00eb lart\u00eb etike ndien p\u00ebrgjegj\u00ebsin\u00eb p\u00ebr munges\u00ebn e p\u00ebrkohshme t\u00eb mask\u00ebs dhe d\u00ebnon veprimin e kryeministrit. Nj\u00eb gjest i till\u00eb prej Kryeministrit t\u00eb vendit p\u00ebrb\u00ebn n\u00eb vetvete nj\u00eb akt t\u00eb dhunsh\u00ebm dhe aspak etik. Dit\u00eb m\u00eb par\u00eb prepotenca verbale e kryeministrit Rama u ekspozua edhe n\u00eb komunikimin me reporteren Ambrozia Meta, nd\u00ebrsa zhvillonte nj\u00eb tjet\u00ebr konferenc\u00eb p\u00ebr shtyp me gazetar\u00ebt.\u201d<\/em> \u2013 thuhet n\u00eb reagimin e unionit.<\/span><\/p>\n<p><span style=\"color: #000000;\">M\u00eb tej n\u00eb reagim theksohet se UGSH-ja proteston ndaj sjelljeve t\u00eb tilla p\u00ebr m\u00eb tep\u00ebr n\u00eb pikun e fushat\u00ebs elektorale ku skena politike po tensionohet n\u00eb m\u00ebnyr\u00eb t\u00eb skajshme.<\/span><\/p>\n<p><span style=\"color: #000000;\"><em>\u201cUnioni i Gazetar\u00ebve Shqiptar\u00eb proteston ndaj gjesteve dhe akteve t\u00eb tilla, aq m\u00eb tep\u00ebr q\u00eb vijn\u00eb prej kryeministrit t\u00eb vendit dhe n\u00eb pikun e fushat\u00ebs elektorale ku si\u00e7 po v\u00ebrrejm\u00eb me shqet\u00ebsim, skena\u00a0 politike dhe elektorale po tensionohet skajshm\u00ebrisht. Akte t\u00eb tilla, reagimet e ngutshme politike si dhe avokatit\u00eb e ekzagjeruara nga subjekte dhe protagonist\u00eb politik\u00eb ndaj raportimeve t\u00eb mediave dhe gazetar\u00ebve, fatkeq\u00ebsisht po rikthejn\u00eb kuot\u00ebn trondit\u00ebse t\u00eb politizimit t\u00eb medias dhe t\u00eb shtyrjes m\u00eb tej t\u00eb ndarjeve t\u00eb reporter\u00ebve dhe mediave n\u00eb \u201cpro dhe kund\u00ebr\u201d pal\u00ebve elektorale.\u201d<\/em> \u2013 vijon reagimi.<\/span><\/p>\n<p><span style=\"color: #000000;\">N\u00eb fund t\u00eb reagimit t\u00eb tij, unioni shpreh shqet\u00ebsimin p\u00ebr klim\u00ebn n\u00eb vend si dhe d\u00ebnon \u00e7do lloj sulmi a presioni ndaj gazetar\u00ebve.<\/span><\/p>\n<p><span style=\"color: #000000;\"><em>\u201cUnioni i Gazetar\u00ebve Shqiptar\u00eb shpreh shqet\u00ebsimin e thell\u00eb p\u00ebr k\u00ebt\u00eb situat\u00eb dhe klim\u00eb. D\u00ebnojm\u00eb \u00e7do tendenc\u00eb politizuese, \u00e7do\u00a0 lloj agresioni dhe presioni ndaj gazetar\u00ebve dhe reporter\u00ebve dhe k\u00ebrkojm\u00eb q\u00eb partit\u00eb politike t\u00eb respektojn\u00eb vullnetin qytetar dhe nd\u00ebrgjegjen qytetare t\u00eb gazetar\u00ebve profesionist\u00eb dhe mediave plurale n\u00eb vend si dhe legjislacionin n\u00eb mbrojtje t\u00eb liris\u00eb s\u00eb fjal\u00ebs dhe raportimit.<\/em><\/span><\/p>\n<p><span style=\"color: #000000;\"><em>Unioni i Gazetar\u00ebve Shqiptar\u00eb shpreh solidaritetin e fuqish\u00ebm me koleget dhe gazetar\u00ebt n\u00eb terren, duke u k\u00ebrkuar shtimin e kurajos, rritjen e k\u00ebmb\u00ebnguljes p\u00ebr raportim t\u00eb thelluar dhe imponim t\u00eb transparenc\u00ebs dhe besueshm\u00ebri t\u00eb ofertave elektorale nga ana e subjekteve elektorale, aktor\u00ebve dhe kandidat\u00ebve q\u00eb pretendojn\u00eb t\u00eb marrin vot\u00ebbesimin e qytetar\u00ebve n\u00eb zgjedhjet e 25 prillit 2021, pamvar\u00ebsisht se cil\u00ebs pal\u00eb i p\u00ebrkasin.<\/em>\u201d \u2013 mbyllet reagimi.<\/span><\/p>\n","protected":false,"gt_translate_keys":[{"key":"rendered","format":"html"}]},"excerpt":{"rendered":"<p>Unioni i Gazetar\u00ebve Shqiptar\u00eb ka d\u00ebnuar sjelljen e kryeministrit Rama ndaj gazetares Edona Haklaj. N\u00eb nj\u00eb reagim zyrtar, unioni thekson se shtyrja e gazetares p\u00ebr shkak t\u00eb munges\u00ebs s\u00eb mask\u00ebs \u00ebsht\u00eb nj\u00eb akt i dhunsh\u00ebm e aspak etik nga ana e kreut t\u00eb qeveris\u00eb. \u201cUnioni i Gazetar\u00ebve Shqiptar\u00eb u njoh sot\u00a0 me sekuenc\u00ebn audiovizive dhe [&hellip;]<\/p>\n","protected":false,"gt_translate_keys":[{"key":"rendered","format":"html"}]},"author":51,"featured_media":436097,"comment_status":"open","ping_status":"open","sticky":false,"template":"","format":"standard","meta":{"footnotes":""},"categories":[65,13],"tags":[],"class_list":["post-436095","post","type-post","status-publish","format-standard","has-post-thumbnail","hentry","category-lajme","category-te-fundit"],"gt_translate_keys":[{"key":"link","format":"url"}],"_links":{"self":[{"href":"https:\/\/www.hashtag.al\/index.php\/wp-json\/wp\/v2\/posts\/436095","targetHints":{"allow":["GET"]}}],"collection":[{"href":"https:\/\/www.hashtag.al\/index.php\/wp-json\/wp\/v2\/posts"}],"about":[{"href":"https:\/\/www.hashtag.al\/index.php\/wp-json\/wp\/v2\/types\/post"}],"author":[{"embeddable":true,"href":"https:\/\/www.hashtag.al\/index.php\/wp-json\/wp\/v2\/users\/51"}],"replies":[{"embeddable":true,"href":"https:\/\/www.hashtag.al\/index.php\/wp-json\/wp\/v2\/comments?post=436095"}],"version-history":[{"count":0,"href":"https:\/\/www.hashtag.al\/index.php\/wp-json\/wp\/v2\/posts\/436095\/revisions"}],"wp:featuredmedia":[{"embeddable":true,"href":"https:\/\/www.hashtag.al\/index.php\/wp-json\/wp\/v2\/media\/436097"}],"wp:attachment":[{"href":"https:\/\/www.hashtag.al\/index.php\/wp-json\/wp\/v2\/media?parent=436095"}],"wp:term":[{"taxonomy":"category","embeddable":true,"href":"https:\/\/www.hashtag.al\/index.php\/wp-json\/wp\/v2\/categories?post=436095"},{"taxonomy":"post_tag","embeddable":true,"href":"https:\/\/www.hashtag.al\/index.php\/wp-json\/wp\/v2\/tags?post=436095"}],"curies":[{"name":"wp","href":"https:\/\/api.w.org\/{rel}","templated":true}]}}