{"id":436072,"date":"2021-03-13T18:00:49","date_gmt":"2021-03-13T17:00:49","guid":{"rendered":"https:\/\/hashtag.al\/?p=436072"},"modified":"2021-03-13T18:00:49","modified_gmt":"2021-03-13T17:00:49","slug":"nje-replike-pak-vulgare-me-andi-bushatin","status":"publish","type":"post","link":"https:\/\/www.hashtag.al\/index.php\/2021\/03\/13\/nje-replike-pak-vulgare-me-andi-bushatin\/","title":{"rendered":"Nj\u00eb replik\u00eb pak vulgare me Andi Bushatin","gt_translate_keys":[{"key":"rendered","format":"text"}]},"content":{"rendered":"<p><em><strong><span style=\"color: #000000;\"><img loading=\"lazy\" decoding=\"async\" class=\"alignleft size-medium wp-image-436073\" src=\"https:\/\/hashtag.al\/wp-content\/uploads\/2021\/03\/denisdyrnjaja1-e1615654787142-300x196.jpg\" alt=\"\" width=\"300\" height=\"196\" srcset=\"https:\/\/www.hashtag.al\/wp-content\/uploads\/2021\/03\/denisdyrnjaja1-e1615654787142-300x196.jpg 300w, https:\/\/www.hashtag.al\/wp-content\/uploads\/2021\/03\/denisdyrnjaja1-e1615654787142-768x503.jpg 768w, https:\/\/www.hashtag.al\/wp-content\/uploads\/2021\/03\/denisdyrnjaja1-e1615654787142-1024x670.jpg 1024w, https:\/\/www.hashtag.al\/wp-content\/uploads\/2021\/03\/denisdyrnjaja1-e1615654787142.jpg 1540w\" sizes=\"auto, (max-width: 300px) 100vw, 300px\" \/>Nga Denis Dyrnjaja<\/span><\/strong><\/em><\/p>\n<p><span style=\"color: #000000;\">E kam intervistuar disa her\u00eb Andi Bushatin n\u00eb Top Talk. Edhe dje nd\u00ebrsa ndiqja situat\u00ebn q\u00eb ndodhte n\u00eb zyrat e FRD-s\u00eb, nj\u00eb partie politike t\u00eb krijuar nga ish-presidenti Bamir Topi, anulova t\u00eb ftuarin e parashikuar dhe thash\u00eb po marr Bushatin.<\/span><\/p>\n<p><span style=\"color: #000000;\"> Nuk u lidh\u00ebm dot dhe p\u00ebr pasoj\u00eb se mora dot live reagimin dhe mendimin e tij n\u00eb studio p\u00ebr at\u00eb q\u00eb po ndodhte n\u00eb p\u00ebrleshjen e stisur si rast\u00ebsore mes Presidentit t\u00eb Republik\u00ebs dhe polic\u00ebve bashkiak\u00eb q\u00eb ruanin godin\u00ebn e bashkis\u00eb, por t\u00eb dh\u00ebn\u00eb n\u00eb p\u00ebrdorim nj\u00eb partie politike. <\/span><\/p>\n<p><span style=\"color: #000000;\">Bushati k\u00ebt\u00eb q\u00ebndrim e shfaqi m\u00eb von\u00eb n\u00eb nj\u00eb editorial n\u00eb portalin e tij &#8220;lapsi.al&#8221; pas ngjarjes kur Ilir Meta u shfaq n\u00eb at\u00eb sken\u00eb t\u00eb paprecedent\u00eb me gjith\u00eb potencialin e tij personal fizik, gjestikulues dhe shantazhues. <\/span><\/p>\n<p><span style=\"color: #000000;\">Sigurisht do ishte habi mos habitesh me at\u00eb q\u00eb pan\u00eb shqiptar\u00ebt, sesi presidenti u gjend aty &#8220;rast\u00ebsisht&#8221; dhe pastaj kuptoi menj\u00ebher\u00eb se duhej t\u00eb nd\u00ebrhynte vet\u00eb fizikisht p\u00ebr t\u00eb mbrojtur nj\u00eb t\u00eb drejt\u00eb t\u00eb shkelur t\u00eb nj\u00eb partie politike. <\/span><\/p>\n<p><span style=\"color: #000000;\">Tani un\u00eb po i drejtoj disa pyetje q\u00eb dje kisha planifikuar t\u2019ia b\u00ebja Bushatit n\u00ebse do e kisha n\u00eb nj\u00eb intervist\u00eb si\u00e7 ua p\u00ebrshkrova m\u00eb lart, por sot ato marrin tonin e pyetjeve retorike q\u00eb s&#8217;kan\u00eb nevoj\u00eb p\u00ebr p\u00ebrgjigje.<\/span><\/p>\n<p><span style=\"color: #000000;\">1) \u00c7&#8217;pun\u00eb ka presidenti i Republik\u00ebs t\u00eb angazhohet n\u00eb nj\u00eb konflikt administrativ mes dy institucioneve t\u00eb tjera?!<\/span><\/p>\n<p><span style=\"color: #000000;\">2) P\u00ebrse Presidenti nuk u pa asnj\u00eb dit\u00eb t\u00eb shkoj\u00eb t\u00eb mbroj\u00eb godin\u00ebn e teatrit ose banor\u00ebve t\u00eb Unaz\u00ebs s\u00eb Re fizikisht dhe si ra rruga pa dashje asnj\u00ebher\u00eb as te teatri as n\u00eb Astir kur zhvilloheshin protesta?!<\/span><\/p>\n<p><span style=\"color: #000000;\">3) A \u00ebsht\u00eb kjo m\u00ebnyra e duhur sesi mbrohet e drejta dhe zgjidhen mosmarr\u00ebveshjet?<\/span><\/p>\n<p><span style=\"color: #000000;\">4) \u00cbsht\u00eb gjykata apo presidenti ai q\u00eb vendos se \u00e7far\u00eb \u00ebsht\u00eb e drejt\u00eb dhe e gabuar?!<\/span><\/p>\n<p><span style=\"color: #000000;\">5) A \u00ebsht\u00eb presidenti simbol i respektimit t\u00eb Kushtetut\u00ebs e cila njeh vet\u00ebm nj\u00eb parim: mosmarr\u00ebveshjet zgjidhen n\u00eb gjykat\u00eb?!<\/span><\/p>\n<p><span style=\"color: #000000;\">6) A ishte nj\u00eb mesazh vet\u00ebgjyq\u00ebsie q\u00ebndrimi i presidentit duke iu dh\u00ebn\u00eb shtys\u00eb konflikteve sociale mes njer\u00ebzve q\u00eb t&#8217;i zgjidhim vet\u00eb edhe me p\u00ebrdorimin e forc\u00ebs mosmarr\u00ebveshjet mes tyre duke prodhuar pasoja fatale?!<\/span><\/p>\n<p><span style=\"color: #000000;\">7)\u00a0 A dha presidenti shembullin e nj\u00eb shtetari apo gangsterri?!<\/span><\/p>\n<p><span style=\"color: #000000;\">Bushat ti mes t\u00eb tjerash shkruaje n\u00eb editorialin t\u00ebnd k\u00ebt\u00eb paragraf, citoj: arrij t\u2019i p\u00ebrfytyroj t\u00eb gjith\u00eb justifikimet e byth\u00ebpambuk\u00ebve, frikacak\u00ebve, t\u00eb dor\u00ebzuarve, neutral\u00ebve ndaj t\u00eb keqes, t\u00eb cil\u00ebt k\u00ebrkon t\u00eb manipuloj\u00eb agjitpropi i Rilindjes.<\/span><\/p>\n<p><span style=\"color: #000000;\">V\u00ebrtet\u00eb mund t\u00eb ket\u00eb shum\u00eb byth\u00ebpambuk\u00eb, frikacak\u00eb, njer\u00ebz t\u00eb dor\u00ebzuar apo neutral\u00eb ndaj padrejt\u00ebsive t\u00eb qeveris\u00eb, si\u00e7 ti p\u00ebrshkruan, por t\u00eb gjith\u00eb k\u00ebta q\u00eb t&#8217;i p\u00ebrmend Bushat t\u00eb pakt\u00ebn nuk jan\u00eb &#8220;loqe&#8221; nga trut\u00eb sa t\u00eb mendojn\u00eb e m\u00eb tep\u00ebr t\u00eb besojn\u00eb se Ilir Met\u00ebs i plas p\u00ebr demokracin\u00eb dhe Kushtetut\u00ebn e aq m\u00eb shum\u00eb p\u00ebr nj\u00eb seli partie?! <\/span><\/p>\n<p><span style=\"color: #000000;\">Sigurisht un\u00eb e di q\u00eb ti nuk je i till\u00eb, por se di pse b\u00ebn si&#8230; duke anatemuar, apo shp\u00ebrfillur ata q\u00eb nuk mendojn\u00eb si ty dhe presidenti e q\u00eb jo rrjedhimisht mendojn\u00eb si kryeministri?!<\/span><\/p>\n","protected":false,"gt_translate_keys":[{"key":"rendered","format":"html"}]},"excerpt":{"rendered":"<p>Nga Denis Dyrnjaja E kam intervistuar disa her\u00eb Andi Bushatin n\u00eb Top Talk. Edhe dje nd\u00ebrsa ndiqja situat\u00ebn q\u00eb ndodhte n\u00eb zyrat e FRD-s\u00eb, nj\u00eb partie politike t\u00eb krijuar nga ish-presidenti Bamir Topi, anulova t\u00eb ftuarin e parashikuar dhe thash\u00eb po marr Bushatin. Nuk u lidh\u00ebm dot dhe p\u00ebr pasoj\u00eb se mora dot live reagimin [&hellip;]<\/p>\n","protected":false,"gt_translate_keys":[{"key":"rendered","format":"html"}]},"author":51,"featured_media":436073,"comment_status":"open","ping_status":"open","sticky":false,"template":"","format":"standard","meta":{"footnotes":""},"categories":[23],"tags":[],"class_list":["post-436072","post","type-post","status-publish","format-standard","has-post-thumbnail","hentry","category-editorial"],"gt_translate_keys":[{"key":"link","format":"url"}],"_links":{"self":[{"href":"https:\/\/www.hashtag.al\/index.php\/wp-json\/wp\/v2\/posts\/436072","targetHints":{"allow":["GET"]}}],"collection":[{"href":"https:\/\/www.hashtag.al\/index.php\/wp-json\/wp\/v2\/posts"}],"about":[{"href":"https:\/\/www.hashtag.al\/index.php\/wp-json\/wp\/v2\/types\/post"}],"author":[{"embeddable":true,"href":"https:\/\/www.hashtag.al\/index.php\/wp-json\/wp\/v2\/users\/51"}],"replies":[{"embeddable":true,"href":"https:\/\/www.hashtag.al\/index.php\/wp-json\/wp\/v2\/comments?post=436072"}],"version-history":[{"count":0,"href":"https:\/\/www.hashtag.al\/index.php\/wp-json\/wp\/v2\/posts\/436072\/revisions"}],"wp:featuredmedia":[{"embeddable":true,"href":"https:\/\/www.hashtag.al\/index.php\/wp-json\/wp\/v2\/media\/436073"}],"wp:attachment":[{"href":"https:\/\/www.hashtag.al\/index.php\/wp-json\/wp\/v2\/media?parent=436072"}],"wp:term":[{"taxonomy":"category","embeddable":true,"href":"https:\/\/www.hashtag.al\/index.php\/wp-json\/wp\/v2\/categories?post=436072"},{"taxonomy":"post_tag","embeddable":true,"href":"https:\/\/www.hashtag.al\/index.php\/wp-json\/wp\/v2\/tags?post=436072"}],"curies":[{"name":"wp","href":"https:\/\/api.w.org\/{rel}","templated":true}]}}