{"id":436027,"date":"2021-03-13T14:21:51","date_gmt":"2021-03-13T13:21:51","guid":{"rendered":"https:\/\/hashtag.al\/?p=436027"},"modified":"2021-03-13T14:46:33","modified_gmt":"2021-03-13T13:46:33","slug":"bashkia-e-tiranes-i-le-10-dite-afat-frd-se-qe-te-liroje-zyrat","status":"publish","type":"post","link":"https:\/\/www.hashtag.al\/index.php\/2021\/03\/13\/bashkia-e-tiranes-i-le-10-dite-afat-frd-se-qe-te-liroje-zyrat\/","title":{"rendered":"Bashkia e Tiran\u00ebs i l\u00eb 10 dit\u00eb afat FRD-s\u00eb q\u00eb t\u00eb liroj\u00eb zyrat","gt_translate_keys":[{"key":"rendered","format":"text"}]},"content":{"rendered":"<p><span style=\"color: #000000;\"><a href=\"https:\/\/hashtag.al\/wp-content\/uploads\/2021\/03\/basha-tek-zyrat-e-frd.jpg\"><img loading=\"lazy\" decoding=\"async\" class=\"aligncenter size-full wp-image-436029\" src=\"https:\/\/hashtag.al\/wp-content\/uploads\/2021\/03\/basha-tek-zyrat-e-frd.jpg\" alt=\"\" width=\"1891\" height=\"1060\" srcset=\"https:\/\/www.hashtag.al\/wp-content\/uploads\/2021\/03\/basha-tek-zyrat-e-frd.jpg 1891w, https:\/\/www.hashtag.al\/wp-content\/uploads\/2021\/03\/basha-tek-zyrat-e-frd-300x168.jpg 300w, https:\/\/www.hashtag.al\/wp-content\/uploads\/2021\/03\/basha-tek-zyrat-e-frd-768x431.jpg 768w, https:\/\/www.hashtag.al\/wp-content\/uploads\/2021\/03\/basha-tek-zyrat-e-frd-1024x574.jpg 1024w\" sizes=\"auto, (max-width: 1891px) 100vw, 1891px\" \/><\/a><\/span><\/p>\n<p><span style=\"color: #000000;\">Bashkia e Tiran\u00ebs e drejtuar nga Erion Veliaj, i jep 10 dit\u00eb afat partis\u00eb Fryma e Re Demokratike (FRD), p\u00ebr t\u00eb liruar zyrat e godin\u00ebs p\u00ebr t\u00eb cil\u00ebn dje ndodhi nj\u00eb konflikt fizik dhe me punonj\u00ebsit e policis\u00eb bashkiake.<\/span><\/p>\n<p><span style=\"color: #000000;\"><em>\u201cJu b\u00ebjm\u00eb me dije se brenda dat\u00ebs 23.02.2021 t\u00eb merrni masa p\u00ebr lirimin vullnetar si dhe dor\u00ebzimin e ambjenteve t\u00eb cilat jan\u00eb kaluar p\u00ebr administrim n\u00eb Drejtorin\u00eb e P\u00ebrgjithshme t\u00eb Objektivave Publike me urdh\u00ebr t\u00eb Kryetarit t\u00eb Bashkis\u00eb\u201d<\/em> \u2013 thuhet n\u00eb shkres\u00eb drejtuar FRD-s\u00eb nga bashkia.<\/span><\/p>\n<p><span style=\"color: #000000;\"><a href=\"https:\/\/hashtag.al\/wp-content\/uploads\/2021\/03\/sgkresa.jpg\"><img loading=\"lazy\" decoding=\"async\" class=\"aligncenter size-full wp-image-436037\" src=\"https:\/\/hashtag.al\/wp-content\/uploads\/2021\/03\/sgkresa.jpg\" alt=\"\" width=\"720\" height=\"1280\" srcset=\"https:\/\/www.hashtag.al\/wp-content\/uploads\/2021\/03\/sgkresa.jpg 720w, https:\/\/www.hashtag.al\/wp-content\/uploads\/2021\/03\/sgkresa-169x300.jpg 169w, https:\/\/www.hashtag.al\/wp-content\/uploads\/2021\/03\/sgkresa-576x1024.jpg 576w\" sizes=\"auto, (max-width: 720px) 100vw, 720px\" \/><\/a><\/span><\/p>\n<p><span style=\"color: #000000;\">Kjo shkres\u00eb vjen nj\u00eb dit\u00eb pas incidentit q\u00eb ndodhi dje, ku punonj\u00ebs t\u00eb policis\u00eb bashkiake mb\u00ebrrit\u00ebn n\u00eb godin\u00eb p\u00ebr lirimin e ambjenteve.\u00a0<\/span><\/p>\n<p><span style=\"color: #000000;\">Pas nj\u00eb thirrjeje t\u00eb kreut t\u00eb FRD-s\u00eb Sali Shehu, n\u00eb zyrat e FRD-s\u00eb mb\u00ebrriti dje dhe presidenti Ilir Meta, i cili pati nj\u00eb p\u00ebrplasje me policin\u00eb q\u00eb k\u00ebrkonte ta pengonte t\u00eb ngjitej lart n\u00eb zyra.<\/span><\/p>\n<p><span style=\"color: #000000;\">Largimin e an\u00ebtar\u00ebve t\u00eb FRD-s\u00eb nga zyrat, presidenti e ka konsideruar si nj\u00eb goditje politike n\u00eb prag t\u00eb zgjedhjeve t\u00eb 25 Prillit.<\/span><\/p>\n<p><a href=\"https:\/\/hashtag.al\/wp-content\/uploads\/2021\/03\/34-1.jpg\"><img loading=\"lazy\" decoding=\"async\" class=\"aligncenter size-full wp-image-436028\" src=\"https:\/\/hashtag.al\/wp-content\/uploads\/2021\/03\/34-1.jpg\" alt=\"\" width=\"752\" height=\"440\" srcset=\"https:\/\/www.hashtag.al\/wp-content\/uploads\/2021\/03\/34-1.jpg 752w, https:\/\/www.hashtag.al\/wp-content\/uploads\/2021\/03\/34-1-300x176.jpg 300w, https:\/\/www.hashtag.al\/wp-content\/uploads\/2021\/03\/34-1-250x145.jpg 250w\" sizes=\"auto, (max-width: 752px) 100vw, 752px\" \/><\/a><\/p>\n","protected":false,"gt_translate_keys":[{"key":"rendered","format":"html"}]},"excerpt":{"rendered":"<p>Bashkia e Tiran\u00ebs e drejtuar nga Erion Veliaj, i jep 10 dit\u00eb afat partis\u00eb Fryma e Re Demokratike (FRD), p\u00ebr t\u00eb liruar zyrat e godin\u00ebs p\u00ebr t\u00eb cil\u00ebn dje ndodhi nj\u00eb konflikt fizik dhe me punonj\u00ebsit e policis\u00eb bashkiake. \u201cJu b\u00ebjm\u00eb me dije se brenda dat\u00ebs 23.02.2021 t\u00eb merrni masa p\u00ebr lirimin vullnetar si dhe [&hellip;]<\/p>\n","protected":false,"gt_translate_keys":[{"key":"rendered","format":"html"}]},"author":30,"featured_media":436029,"comment_status":"open","ping_status":"open","sticky":false,"template":"","format":"standard","meta":{"footnotes":""},"categories":[65,13],"tags":[],"class_list":["post-436027","post","type-post","status-publish","format-standard","has-post-thumbnail","hentry","category-lajme","category-te-fundit"],"gt_translate_keys":[{"key":"link","format":"url"}],"_links":{"self":[{"href":"https:\/\/www.hashtag.al\/index.php\/wp-json\/wp\/v2\/posts\/436027","targetHints":{"allow":["GET"]}}],"collection":[{"href":"https:\/\/www.hashtag.al\/index.php\/wp-json\/wp\/v2\/posts"}],"about":[{"href":"https:\/\/www.hashtag.al\/index.php\/wp-json\/wp\/v2\/types\/post"}],"author":[{"embeddable":true,"href":"https:\/\/www.hashtag.al\/index.php\/wp-json\/wp\/v2\/users\/30"}],"replies":[{"embeddable":true,"href":"https:\/\/www.hashtag.al\/index.php\/wp-json\/wp\/v2\/comments?post=436027"}],"version-history":[{"count":0,"href":"https:\/\/www.hashtag.al\/index.php\/wp-json\/wp\/v2\/posts\/436027\/revisions"}],"wp:featuredmedia":[{"embeddable":true,"href":"https:\/\/www.hashtag.al\/index.php\/wp-json\/wp\/v2\/media\/436029"}],"wp:attachment":[{"href":"https:\/\/www.hashtag.al\/index.php\/wp-json\/wp\/v2\/media?parent=436027"}],"wp:term":[{"taxonomy":"category","embeddable":true,"href":"https:\/\/www.hashtag.al\/index.php\/wp-json\/wp\/v2\/categories?post=436027"},{"taxonomy":"post_tag","embeddable":true,"href":"https:\/\/www.hashtag.al\/index.php\/wp-json\/wp\/v2\/tags?post=436027"}],"curies":[{"name":"wp","href":"https:\/\/api.w.org\/{rel}","templated":true}]}}