{"id":435992,"date":"2021-03-13T12:18:47","date_gmt":"2021-03-13T11:18:47","guid":{"rendered":"https:\/\/hashtag.al\/?p=435992"},"modified":"2021-03-13T12:18:47","modified_gmt":"2021-03-13T11:18:47","slug":"sali-shehu-pas-perplasjeve-te-frd-sot-dite-e-qete-por-jemi-ende-pa-energji-elektrike","status":"publish","type":"post","link":"https:\/\/www.hashtag.al\/index.php\/2021\/03\/13\/sali-shehu-pas-perplasjeve-te-frd-sot-dite-e-qete-por-jemi-ende-pa-energji-elektrike\/","title":{"rendered":"Sali Shehu pas p\u00ebrplasjeve te FRD: Sot dit\u00eb e qet\u00eb, por jemi ende pa energji elektrike","gt_translate_keys":[{"key":"rendered","format":"text"}]},"content":{"rendered":"<p><span style=\"color: #000000;\"><a href=\"https:\/\/hashtag.al\/wp-content\/uploads\/2021\/03\/sali-shehu-1-770x393.jpg\"><img loading=\"lazy\" decoding=\"async\" class=\"aligncenter size-full wp-image-435993\" src=\"https:\/\/hashtag.al\/wp-content\/uploads\/2021\/03\/sali-shehu-1-770x393.jpg\" alt=\"\" width=\"770\" height=\"393\" srcset=\"https:\/\/www.hashtag.al\/wp-content\/uploads\/2021\/03\/sali-shehu-1-770x393.jpg 770w, https:\/\/www.hashtag.al\/wp-content\/uploads\/2021\/03\/sali-shehu-1-770x393-300x153.jpg 300w, https:\/\/www.hashtag.al\/wp-content\/uploads\/2021\/03\/sali-shehu-1-770x393-768x392.jpg 768w, https:\/\/www.hashtag.al\/wp-content\/uploads\/2021\/03\/sali-shehu-1-770x393-568x290.jpg 568w\" sizes=\"auto, (max-width: 770px) 100vw, 770px\" \/><\/a><\/span><\/p>\n<p><span style=\"color: #000000;\">Kreu i FRD-s\u00eb Sali Shehu, ka folur lidhur me incidentin e djesh\u00ebm n\u00eb zyrat e partis\u00eb s\u00eb tij.<\/span><\/p>\n<p><span style=\"color: #000000;\">N\u00eb nj\u00eb intervist\u00eb p\u00ebr televizionin \u201cNews 24\u201d, Shehu tha se nj\u00eb dit\u00eb pas tensioneve situata paraqitet m\u00eb e qet\u00eb, ndon\u00ebse vijon t\u00eb ket\u00eb munges\u00eb t\u00eb energjis\u00eb elektrike.<\/span><\/p>\n<p><span style=\"color: #000000;\"><em>\u201cSot \u00ebsht\u00eb nj\u00eb dit\u00eb e qet\u00eb, gati si dit\u00eb normale, p\u00ebrve\u00e7 energjis\u00eb q\u00eb se kemi akoma, q\u00eb presin ta sjellin. Dita e djeshme ishte e ngjeshur, e tensionuar, me p\u00ebrplasje. Gjith\u00eb institucionet shtet\u00ebrore reaguan, reagoi Presidenti, KQZ, ambasadat e huaja, opozita n\u00eb bllok, populli mbar\u00eb, gjith\u00eb njer\u00ebzit n\u00eb Shqip\u00ebri. <\/em><\/span><\/p>\n<p><span style=\"color: #000000;\"><em>N\u00ebse do shikoni telefonin tim, do verifikoni se ka qen\u00eb nj\u00eb p\u00ebrkrahje nga Konispoli n\u00eb Tropoj\u00eb, sepse u krijua bindja e drejt\u00eb se ishte nj\u00eb indicie me sfond politik p\u00ebr t\u00eb p\u00ebrz\u00ebn\u00eb nga zyrat nj\u00eb forc\u00eb politike, q\u00eb \u00ebsht\u00eb regjistruar n\u00eb zgjedhje dhe ka nisur fushat\u00ebn.\u201d<\/em>&#8211; tha Shehu.<\/span><\/p>\n<p><span style=\"color: #000000;\">Ai ka deklaruar se ka b\u00ebr\u00eb disa tentativa p\u00ebr t\u00eb komunikuar me bashkin\u00eb e Tiran\u00ebs, nd\u00ebrsa shprehet se ka besim tek zgjidhja ligjore.<\/span><\/p>\n","protected":false,"gt_translate_keys":[{"key":"rendered","format":"html"}]},"excerpt":{"rendered":"<p>Kreu i FRD-s\u00eb Sali Shehu, ka folur lidhur me incidentin e djesh\u00ebm n\u00eb zyrat e partis\u00eb s\u00eb tij. N\u00eb nj\u00eb intervist\u00eb p\u00ebr televizionin \u201cNews 24\u201d, Shehu tha se nj\u00eb dit\u00eb pas tensioneve situata paraqitet m\u00eb e qet\u00eb, ndon\u00ebse vijon t\u00eb ket\u00eb munges\u00eb t\u00eb energjis\u00eb elektrike. \u201cSot \u00ebsht\u00eb nj\u00eb dit\u00eb e qet\u00eb, gati si dit\u00eb normale, [&hellip;]<\/p>\n","protected":false,"gt_translate_keys":[{"key":"rendered","format":"html"}]},"author":30,"featured_media":435993,"comment_status":"open","ping_status":"open","sticky":false,"template":"","format":"standard","meta":{"footnotes":""},"categories":[65,13],"tags":[],"class_list":["post-435992","post","type-post","status-publish","format-standard","has-post-thumbnail","hentry","category-lajme","category-te-fundit"],"gt_translate_keys":[{"key":"link","format":"url"}],"_links":{"self":[{"href":"https:\/\/www.hashtag.al\/index.php\/wp-json\/wp\/v2\/posts\/435992","targetHints":{"allow":["GET"]}}],"collection":[{"href":"https:\/\/www.hashtag.al\/index.php\/wp-json\/wp\/v2\/posts"}],"about":[{"href":"https:\/\/www.hashtag.al\/index.php\/wp-json\/wp\/v2\/types\/post"}],"author":[{"embeddable":true,"href":"https:\/\/www.hashtag.al\/index.php\/wp-json\/wp\/v2\/users\/30"}],"replies":[{"embeddable":true,"href":"https:\/\/www.hashtag.al\/index.php\/wp-json\/wp\/v2\/comments?post=435992"}],"version-history":[{"count":0,"href":"https:\/\/www.hashtag.al\/index.php\/wp-json\/wp\/v2\/posts\/435992\/revisions"}],"wp:featuredmedia":[{"embeddable":true,"href":"https:\/\/www.hashtag.al\/index.php\/wp-json\/wp\/v2\/media\/435993"}],"wp:attachment":[{"href":"https:\/\/www.hashtag.al\/index.php\/wp-json\/wp\/v2\/media?parent=435992"}],"wp:term":[{"taxonomy":"category","embeddable":true,"href":"https:\/\/www.hashtag.al\/index.php\/wp-json\/wp\/v2\/categories?post=435992"},{"taxonomy":"post_tag","embeddable":true,"href":"https:\/\/www.hashtag.al\/index.php\/wp-json\/wp\/v2\/tags?post=435992"}],"curies":[{"name":"wp","href":"https:\/\/api.w.org\/{rel}","templated":true}]}}