{"id":435990,"date":"2021-03-13T12:04:02","date_gmt":"2021-03-13T11:04:02","guid":{"rendered":"https:\/\/hashtag.al\/?p=435990"},"modified":"2021-03-13T12:04:02","modified_gmt":"2021-03-13T11:04:02","slug":"atentati-ndaj-gjon-menes-gjkko-le-ne-burg-gjergj-cukalin","status":"publish","type":"post","link":"https:\/\/www.hashtag.al\/index.php\/2021\/03\/13\/atentati-ndaj-gjon-menes-gjkko-le-ne-burg-gjergj-cukalin\/","title":{"rendered":"Atentati ndaj Gjon Men\u00ebs, GJKKO l\u00eb n\u00eb burg Gjergj Cukalin","gt_translate_keys":[{"key":"rendered","format":"text"}]},"content":{"rendered":"<div id=\"attachment_432324\" style=\"width: 630px\" class=\"wp-caption aligncenter\"><a href=\"https:\/\/hashtag.al\/wp-content\/uploads\/2021\/02\/Gjergj-Cukali-620x330.jpg\"><img loading=\"lazy\" decoding=\"async\" aria-describedby=\"caption-attachment-432324\" class=\"size-full wp-image-432324\" src=\"https:\/\/hashtag.al\/wp-content\/uploads\/2021\/02\/Gjergj-Cukali-620x330.jpg\" alt=\"\" width=\"620\" height=\"330\" srcset=\"https:\/\/www.hashtag.al\/wp-content\/uploads\/2021\/02\/Gjergj-Cukali-620x330.jpg 620w, https:\/\/www.hashtag.al\/wp-content\/uploads\/2021\/02\/Gjergj-Cukali-620x330-300x160.jpg 300w\" sizes=\"auto, (max-width: 620px) 100vw, 620px\" \/><\/a><p id=\"caption-attachment-432324\" class=\"wp-caption-text\"><span style=\"color: #000000;\"><em>Gjergj Cukali<\/em><\/span><\/p><\/div>\n<p><span style=\"color: #000000;\">Gjergj Cukali, \u00ebsht\u00eb paraqitur n\u00eb GJKKO sot p\u00ebr t\u2019u njohur me mas\u00ebn e siguris\u00eb. I njohur ndryshe si \u2018i forti\u2019 i Myslym Shyrit, ai \u00ebsht\u00eb l\u00ebn\u00eb n\u00eb \u201carrest me burg\u201d.<\/span><\/p>\n<p><span style=\"color: #000000;\">Cukali akuzohet se \u00ebsht\u00eb porosit\u00ebs i atentatit me min\u00eb n\u00eb automjet t\u00eb Gjon Men\u00ebs n\u00eb Kam\u00ebz n\u00eb 9 shkurt 2021, por q\u00eb d\u00ebshtoi.<\/span><\/p>\n<p><span style=\"color: #000000;\">P\u00ebr ngjarjen jan\u00eb arrestuar tre persona, mes t\u00eb cil\u00ebve edhe Gjergj Cukali, i cili akuzohet si porosit\u00ebsi i atentatit.<\/span><\/p>\n<p><span style=\"color: #000000;\">Ai dyshohet se organizoi gjith\u00eb skem\u00ebn. Gjat\u00eb hetimit \u00ebsht\u00eb zbuluar se l\u00ebnda plas\u00ebse nuk ishte v\u00ebn\u00eb n\u00eb mjet, por n\u00eb nj\u00eb kuti plastike pran\u00eb gom\u00ebs s\u00eb par\u00eb nga krahu i shoferit.<\/span><\/p>\n","protected":false,"gt_translate_keys":[{"key":"rendered","format":"html"}]},"excerpt":{"rendered":"<p>Gjergj Cukali, \u00ebsht\u00eb paraqitur n\u00eb GJKKO sot p\u00ebr t\u2019u njohur me mas\u00ebn e siguris\u00eb. I njohur ndryshe si \u2018i forti\u2019 i Myslym Shyrit, ai \u00ebsht\u00eb l\u00ebn\u00eb n\u00eb \u201carrest me burg\u201d. Cukali akuzohet se \u00ebsht\u00eb porosit\u00ebs i atentatit me min\u00eb n\u00eb automjet t\u00eb Gjon Men\u00ebs n\u00eb Kam\u00ebz n\u00eb 9 shkurt 2021, por q\u00eb d\u00ebshtoi. P\u00ebr ngjarjen [&hellip;]<\/p>\n","protected":false,"gt_translate_keys":[{"key":"rendered","format":"html"}]},"author":30,"featured_media":432324,"comment_status":"open","ping_status":"open","sticky":false,"template":"","format":"standard","meta":{"footnotes":""},"categories":[65,13],"tags":[],"class_list":["post-435990","post","type-post","status-publish","format-standard","has-post-thumbnail","hentry","category-lajme","category-te-fundit"],"gt_translate_keys":[{"key":"link","format":"url"}],"_links":{"self":[{"href":"https:\/\/www.hashtag.al\/index.php\/wp-json\/wp\/v2\/posts\/435990","targetHints":{"allow":["GET"]}}],"collection":[{"href":"https:\/\/www.hashtag.al\/index.php\/wp-json\/wp\/v2\/posts"}],"about":[{"href":"https:\/\/www.hashtag.al\/index.php\/wp-json\/wp\/v2\/types\/post"}],"author":[{"embeddable":true,"href":"https:\/\/www.hashtag.al\/index.php\/wp-json\/wp\/v2\/users\/30"}],"replies":[{"embeddable":true,"href":"https:\/\/www.hashtag.al\/index.php\/wp-json\/wp\/v2\/comments?post=435990"}],"version-history":[{"count":0,"href":"https:\/\/www.hashtag.al\/index.php\/wp-json\/wp\/v2\/posts\/435990\/revisions"}],"wp:featuredmedia":[{"embeddable":true,"href":"https:\/\/www.hashtag.al\/index.php\/wp-json\/wp\/v2\/media\/432324"}],"wp:attachment":[{"href":"https:\/\/www.hashtag.al\/index.php\/wp-json\/wp\/v2\/media?parent=435990"}],"wp:term":[{"taxonomy":"category","embeddable":true,"href":"https:\/\/www.hashtag.al\/index.php\/wp-json\/wp\/v2\/categories?post=435990"},{"taxonomy":"post_tag","embeddable":true,"href":"https:\/\/www.hashtag.al\/index.php\/wp-json\/wp\/v2\/tags?post=435990"}],"curies":[{"name":"wp","href":"https:\/\/api.w.org\/{rel}","templated":true}]}}