{"id":435976,"date":"2021-03-13T11:31:56","date_gmt":"2021-03-13T10:31:56","guid":{"rendered":"https:\/\/hashtag.al\/?p=435976"},"modified":"2021-03-13T11:31:56","modified_gmt":"2021-03-13T10:31:56","slug":"endri-hases-i-besohet-posti-i-rendesishem-ne-pd","status":"publish","type":"post","link":"https:\/\/www.hashtag.al\/index.php\/2021\/03\/13\/endri-hases-i-besohet-posti-i-rendesishem-ne-pd\/","title":{"rendered":"Endri Has\u00ebs i besohet posti i r\u00ebnd\u00ebsish\u00ebm n\u00eb PD","gt_translate_keys":[{"key":"rendered","format":"text"}]},"content":{"rendered":"<p><span style=\"color: #000000;\"><a href=\"https:\/\/hashtag.al\/wp-content\/uploads\/2021\/03\/Endri-Hasa.jpg\"><img loading=\"lazy\" decoding=\"async\" class=\"aligncenter size-full wp-image-435977\" src=\"https:\/\/hashtag.al\/wp-content\/uploads\/2021\/03\/Endri-Hasa.jpg\" alt=\"\" width=\"900\" height=\"600\" srcset=\"https:\/\/www.hashtag.al\/wp-content\/uploads\/2021\/03\/Endri-Hasa.jpg 900w, https:\/\/www.hashtag.al\/wp-content\/uploads\/2021\/03\/Endri-Hasa-300x200.jpg 300w, https:\/\/www.hashtag.al\/wp-content\/uploads\/2021\/03\/Endri-Hasa-768x512.jpg 768w\" sizes=\"auto, (max-width: 900px) 100vw, 900px\" \/><\/a><\/span><\/p>\n<p><span style=\"color: #000000;\">Partia Demokratike i ka besuar nj\u00eb post t\u00eb r\u00ebnd\u00ebsish\u00ebm ish-deputetit Endri Hasa. Sipas disa medieve pran\u00eb opozit\u00ebs, q\u00eb i referohen burimeve brenda selis\u00eb blu, Hasa \u00ebsht\u00eb em\u00ebruar Koordinator Komb\u00ebtar p\u00ebr Teknologjin\u00eb e Komunikimit dhe Informacionit e Dixhitalizimit.<\/span><\/p>\n<p><span style=\"color: #000000;\">Ky em\u00ebrim vjen n\u00eb prag t\u00eb zgjedhjeve parlamentare t\u00eb 25 Prillit, me partit\u00eb politik\u00eb q\u00eb tashm\u00eb kan\u00eb nisur fushat\u00ebn elektorale.<\/span><\/p>\n<p><span style=\"color: #000000;\">Kryedemokrati Lulzim Basha ndodhet sot n\u00eb Lezh\u00eb ku po takohet me qytetar\u00ebt si dhe p\u00ebrfaq\u00ebsues t\u00eb bizneseve.<\/span><\/p>\n","protected":false,"gt_translate_keys":[{"key":"rendered","format":"html"}]},"excerpt":{"rendered":"<p>Partia Demokratike i ka besuar nj\u00eb post t\u00eb r\u00ebnd\u00ebsish\u00ebm ish-deputetit Endri Hasa. Sipas disa medieve pran\u00eb opozit\u00ebs, q\u00eb i referohen burimeve brenda selis\u00eb blu, Hasa \u00ebsht\u00eb em\u00ebruar Koordinator Komb\u00ebtar p\u00ebr Teknologjin\u00eb e Komunikimit dhe Informacionit e Dixhitalizimit. Ky em\u00ebrim vjen n\u00eb prag t\u00eb zgjedhjeve parlamentare t\u00eb 25 Prillit, me partit\u00eb politik\u00eb q\u00eb tashm\u00eb kan\u00eb nisur [&hellip;]<\/p>\n","protected":false,"gt_translate_keys":[{"key":"rendered","format":"html"}]},"author":30,"featured_media":435977,"comment_status":"open","ping_status":"open","sticky":false,"template":"","format":"standard","meta":{"footnotes":""},"categories":[65,13],"tags":[],"class_list":["post-435976","post","type-post","status-publish","format-standard","has-post-thumbnail","hentry","category-lajme","category-te-fundit"],"gt_translate_keys":[{"key":"link","format":"url"}],"_links":{"self":[{"href":"https:\/\/www.hashtag.al\/index.php\/wp-json\/wp\/v2\/posts\/435976","targetHints":{"allow":["GET"]}}],"collection":[{"href":"https:\/\/www.hashtag.al\/index.php\/wp-json\/wp\/v2\/posts"}],"about":[{"href":"https:\/\/www.hashtag.al\/index.php\/wp-json\/wp\/v2\/types\/post"}],"author":[{"embeddable":true,"href":"https:\/\/www.hashtag.al\/index.php\/wp-json\/wp\/v2\/users\/30"}],"replies":[{"embeddable":true,"href":"https:\/\/www.hashtag.al\/index.php\/wp-json\/wp\/v2\/comments?post=435976"}],"version-history":[{"count":0,"href":"https:\/\/www.hashtag.al\/index.php\/wp-json\/wp\/v2\/posts\/435976\/revisions"}],"wp:featuredmedia":[{"embeddable":true,"href":"https:\/\/www.hashtag.al\/index.php\/wp-json\/wp\/v2\/media\/435977"}],"wp:attachment":[{"href":"https:\/\/www.hashtag.al\/index.php\/wp-json\/wp\/v2\/media?parent=435976"}],"wp:term":[{"taxonomy":"category","embeddable":true,"href":"https:\/\/www.hashtag.al\/index.php\/wp-json\/wp\/v2\/categories?post=435976"},{"taxonomy":"post_tag","embeddable":true,"href":"https:\/\/www.hashtag.al\/index.php\/wp-json\/wp\/v2\/tags?post=435976"}],"curies":[{"name":"wp","href":"https:\/\/api.w.org\/{rel}","templated":true}]}}