{"id":435961,"date":"2021-03-13T11:08:54","date_gmt":"2021-03-13T10:08:54","guid":{"rendered":"https:\/\/hashtag.al\/?p=435961"},"modified":"2021-03-13T11:11:51","modified_gmt":"2021-03-13T10:11:51","slug":"bashkia-nxjerr-kontraten-me-frd-ne-per-seline-ka-skaduar-4-vite-me-pare","status":"publish","type":"post","link":"https:\/\/www.hashtag.al\/index.php\/2021\/03\/13\/bashkia-nxjerr-kontraten-me-frd-ne-per-seline-ka-skaduar-4-vite-me-pare\/","title":{"rendered":"Bashkia nxjerr kontrat\u00ebn me FRD-n\u00eb p\u00ebr selin\u00eb: Ka skaduar 4 vite m\u00eb par\u00eb","gt_translate_keys":[{"key":"rendered","format":"text"}]},"content":{"rendered":"<p><span style=\"color: #000000;\"><a href=\"https:\/\/hashtag.al\/wp-content\/uploads\/2021\/03\/FRD.jpg\"><img loading=\"lazy\" decoding=\"async\" class=\"aligncenter size-full wp-image-435962\" src=\"https:\/\/hashtag.al\/wp-content\/uploads\/2021\/03\/FRD.jpg\" alt=\"\" width=\"780\" height=\"440\" srcset=\"https:\/\/www.hashtag.al\/wp-content\/uploads\/2021\/03\/FRD.jpg 780w, https:\/\/www.hashtag.al\/wp-content\/uploads\/2021\/03\/FRD-300x169.jpg 300w, https:\/\/www.hashtag.al\/wp-content\/uploads\/2021\/03\/FRD-768x433.jpg 768w\" sizes=\"auto, (max-width: 780px) 100vw, 780px\" \/><\/a><\/span><\/p>\n<p><span style=\"color: #000000;\">Bashkia e Tiran\u00ebs ka zbuluar p\u00ebr mediet kontrat\u00ebn e lidhur me Partin\u00eb Fryma e Re Demokratike, p\u00ebr dh\u00ebnien n\u00eb p\u00ebrdorim t\u00eb disa zyrave p\u00ebr t\u2019u p\u00ebrdorur, p\u00ebr t\u00eb cilat ndodhi edhe incidenti i djesh\u00ebm ku pati nj\u00eb p\u00ebrplasje edhe mes Presidentit t\u00eb Republik\u00ebs dhe polic\u00ebve bashkiak\u00eb.<\/span><\/p>\n<p><span style=\"color: #000000;\">Kjo kontrat\u00eb sipas bashkis\u00eb ka kat\u00ebr vite q\u00eb ka mbaruar. Sikurse shihet n\u00eb dokument, kontrata p\u00ebr zyrat q\u00eb m\u00eb par\u00eb kan\u00eb qen\u00eb t\u00eb selis\u00eb historike t\u00eb PD-s\u00eb \u00ebsht\u00eb lidhur m\u00eb 3 mars 2016 me afat vet\u00ebm nj\u00eb vit.<\/span><\/p>\n<p><span style=\"color: #000000;\">N\u00eb nenin 5 kontrat\u00ebs, thuhet se ajo lidhet me nj\u00eb afat 1-vje\u00e7ar dhe hyn n\u00eb fuqi menj\u00ebher\u00eb n\u00eb momentin e marrjes n\u00eb dor\u00ebzim t\u00eb sendit, ku \u00ebsht\u00eb mbajtur edhe nj\u00eb procesverbal p\u00ebr gjendjen dhe sendet n\u00eb ato zyra.<\/span><\/p>\n<p><span style=\"color: #000000;\">Megjithat\u00eb njoftimi q\u00eb drejtuesi i ri i FRD-s\u00eb Sali Shehu kishte marr\u00eb p\u00ebr k\u00ebrkes\u00ebn p\u00ebr t\u00eb liruar zyrat, nuk p\u00ebrmendte skadimin e kontrat\u00ebs si argument, por se do kryheshin punime pasi godina ishte e amortizuar.<\/span><\/p>\n<p><a href=\"https:\/\/hashtag.al\/wp-content\/uploads\/2021\/03\/WhatsApp-Image-2021-03-13-at-10.40.05-AM-3.jpeg\"><img loading=\"lazy\" decoding=\"async\" class=\"aligncenter size-full wp-image-435966\" src=\"https:\/\/hashtag.al\/wp-content\/uploads\/2021\/03\/WhatsApp-Image-2021-03-13-at-10.40.05-AM-3.jpeg\" alt=\"\" width=\"722\" height=\"1024\" srcset=\"https:\/\/www.hashtag.al\/wp-content\/uploads\/2021\/03\/WhatsApp-Image-2021-03-13-at-10.40.05-AM-3.jpeg 722w, https:\/\/www.hashtag.al\/wp-content\/uploads\/2021\/03\/WhatsApp-Image-2021-03-13-at-10.40.05-AM-3-212x300.jpeg 212w\" sizes=\"auto, (max-width: 722px) 100vw, 722px\" \/><\/a><a href=\"https:\/\/hashtag.al\/wp-content\/uploads\/2021\/03\/WhatsApp-Image-2021-03-13-at-10.40.05-AM-2.jpeg\"><img loading=\"lazy\" decoding=\"async\" class=\"aligncenter size-full wp-image-435965\" src=\"https:\/\/hashtag.al\/wp-content\/uploads\/2021\/03\/WhatsApp-Image-2021-03-13-at-10.40.05-AM-2.jpeg\" alt=\"\" width=\"722\" height=\"1024\" srcset=\"https:\/\/www.hashtag.al\/wp-content\/uploads\/2021\/03\/WhatsApp-Image-2021-03-13-at-10.40.05-AM-2.jpeg 722w, https:\/\/www.hashtag.al\/wp-content\/uploads\/2021\/03\/WhatsApp-Image-2021-03-13-at-10.40.05-AM-2-212x300.jpeg 212w\" sizes=\"auto, (max-width: 722px) 100vw, 722px\" \/><\/a><a href=\"https:\/\/hashtag.al\/wp-content\/uploads\/2021\/03\/WhatsApp-Image-2021-03-13-at-10.40.05-AM-2-1.jpeg\"><img loading=\"lazy\" decoding=\"async\" class=\"aligncenter size-full wp-image-435964\" src=\"https:\/\/hashtag.al\/wp-content\/uploads\/2021\/03\/WhatsApp-Image-2021-03-13-at-10.40.05-AM-2-1.jpeg\" alt=\"\" width=\"722\" height=\"1024\" srcset=\"https:\/\/www.hashtag.al\/wp-content\/uploads\/2021\/03\/WhatsApp-Image-2021-03-13-at-10.40.05-AM-2-1.jpeg 722w, https:\/\/www.hashtag.al\/wp-content\/uploads\/2021\/03\/WhatsApp-Image-2021-03-13-at-10.40.05-AM-2-1-212x300.jpeg 212w\" sizes=\"auto, (max-width: 722px) 100vw, 722px\" \/><\/a><a href=\"https:\/\/hashtag.al\/wp-content\/uploads\/2021\/03\/WhatsApp-Image-2021-03-13-at-10.40.05-AM.jpeg\"><img loading=\"lazy\" decoding=\"async\" class=\"aligncenter size-full wp-image-435963\" src=\"https:\/\/hashtag.al\/wp-content\/uploads\/2021\/03\/WhatsApp-Image-2021-03-13-at-10.40.05-AM.jpeg\" alt=\"\" width=\"908\" height=\"1280\" srcset=\"https:\/\/www.hashtag.al\/wp-content\/uploads\/2021\/03\/WhatsApp-Image-2021-03-13-at-10.40.05-AM.jpeg 908w, https:\/\/www.hashtag.al\/wp-content\/uploads\/2021\/03\/WhatsApp-Image-2021-03-13-at-10.40.05-AM-213x300.jpeg 213w, https:\/\/www.hashtag.al\/wp-content\/uploads\/2021\/03\/WhatsApp-Image-2021-03-13-at-10.40.05-AM-768x1083.jpeg 768w, https:\/\/www.hashtag.al\/wp-content\/uploads\/2021\/03\/WhatsApp-Image-2021-03-13-at-10.40.05-AM-726x1024.jpeg 726w\" sizes=\"auto, (max-width: 908px) 100vw, 908px\" \/><\/a><\/p>\n","protected":false,"gt_translate_keys":[{"key":"rendered","format":"html"}]},"excerpt":{"rendered":"<p>Bashkia e Tiran\u00ebs ka zbuluar p\u00ebr mediet kontrat\u00ebn e lidhur me Partin\u00eb Fryma e Re Demokratike, p\u00ebr dh\u00ebnien n\u00eb p\u00ebrdorim t\u00eb disa zyrave p\u00ebr t\u2019u p\u00ebrdorur, p\u00ebr t\u00eb cilat ndodhi edhe incidenti i djesh\u00ebm ku pati nj\u00eb p\u00ebrplasje edhe mes Presidentit t\u00eb Republik\u00ebs dhe polic\u00ebve bashkiak\u00eb. Kjo kontrat\u00eb sipas bashkis\u00eb ka kat\u00ebr vite q\u00eb ka [&hellip;]<\/p>\n","protected":false,"gt_translate_keys":[{"key":"rendered","format":"html"}]},"author":30,"featured_media":435962,"comment_status":"open","ping_status":"open","sticky":false,"template":"","format":"standard","meta":{"footnotes":""},"categories":[65,13],"tags":[],"class_list":["post-435961","post","type-post","status-publish","format-standard","has-post-thumbnail","hentry","category-lajme","category-te-fundit"],"gt_translate_keys":[{"key":"link","format":"url"}],"_links":{"self":[{"href":"https:\/\/www.hashtag.al\/index.php\/wp-json\/wp\/v2\/posts\/435961","targetHints":{"allow":["GET"]}}],"collection":[{"href":"https:\/\/www.hashtag.al\/index.php\/wp-json\/wp\/v2\/posts"}],"about":[{"href":"https:\/\/www.hashtag.al\/index.php\/wp-json\/wp\/v2\/types\/post"}],"author":[{"embeddable":true,"href":"https:\/\/www.hashtag.al\/index.php\/wp-json\/wp\/v2\/users\/30"}],"replies":[{"embeddable":true,"href":"https:\/\/www.hashtag.al\/index.php\/wp-json\/wp\/v2\/comments?post=435961"}],"version-history":[{"count":0,"href":"https:\/\/www.hashtag.al\/index.php\/wp-json\/wp\/v2\/posts\/435961\/revisions"}],"wp:featuredmedia":[{"embeddable":true,"href":"https:\/\/www.hashtag.al\/index.php\/wp-json\/wp\/v2\/media\/435962"}],"wp:attachment":[{"href":"https:\/\/www.hashtag.al\/index.php\/wp-json\/wp\/v2\/media?parent=435961"}],"wp:term":[{"taxonomy":"category","embeddable":true,"href":"https:\/\/www.hashtag.al\/index.php\/wp-json\/wp\/v2\/categories?post=435961"},{"taxonomy":"post_tag","embeddable":true,"href":"https:\/\/www.hashtag.al\/index.php\/wp-json\/wp\/v2\/tags?post=435961"}],"curies":[{"name":"wp","href":"https:\/\/api.w.org\/{rel}","templated":true}]}}