{"id":435956,"date":"2021-03-13T10:48:46","date_gmt":"2021-03-13T09:48:46","guid":{"rendered":"https:\/\/hashtag.al\/?p=435956"},"modified":"2021-03-13T10:52:15","modified_gmt":"2021-03-13T09:52:15","slug":"policia-jep-informacionin-zyrtar-mbi-arrestimet-per-vrasjen-e-behar-sofise-kapem-nje-grup-vrasesish-me-pagese-emrat","status":"publish","type":"post","link":"https:\/\/www.hashtag.al\/index.php\/2021\/03\/13\/policia-jep-informacionin-zyrtar-mbi-arrestimet-per-vrasjen-e-behar-sofise-kapem-nje-grup-vrasesish-me-pagese-emrat\/","title":{"rendered":"Policia jep informacionin zyrtar mbi arrestimet p\u00ebr vrasjen e Behar Sofis\u00eb: Kap\u00ebm nj\u00eb grup vras\u00ebsish me pages\u00eb (EMRAT)","gt_translate_keys":[{"key":"rendered","format":"text"}]},"content":{"rendered":"<p><span style=\"color: #000000;\"><a href=\"https:\/\/hashtag.al\/wp-content\/uploads\/2021\/03\/Behar-Sofia-Ernejt-Shyti.jpg\"><img loading=\"lazy\" decoding=\"async\" class=\"aligncenter size-full wp-image-435953\" src=\"https:\/\/hashtag.al\/wp-content\/uploads\/2021\/03\/Behar-Sofia-Ernejt-Shyti.jpg\" alt=\"\" width=\"2000\" height=\"1000\" srcset=\"https:\/\/www.hashtag.al\/wp-content\/uploads\/2021\/03\/Behar-Sofia-Ernejt-Shyti.jpg 2000w, https:\/\/www.hashtag.al\/wp-content\/uploads\/2021\/03\/Behar-Sofia-Ernejt-Shyti-300x150.jpg 300w, https:\/\/www.hashtag.al\/wp-content\/uploads\/2021\/03\/Behar-Sofia-Ernejt-Shyti-768x384.jpg 768w, https:\/\/www.hashtag.al\/wp-content\/uploads\/2021\/03\/Behar-Sofia-Ernejt-Shyti-1024x512.jpg 1024w\" sizes=\"auto, (max-width: 2000px) 100vw, 2000px\" \/><\/a><\/span><\/p>\n<p><span style=\"color: #000000;\">Policia e Tiran\u00ebs thot\u00eb se ka zbardhur vrasjen e biznesmenit Behar Sofia, pran\u00eb Piramid\u00ebs n\u00eb Tiran\u00eb, ngjarje e ndodhur m\u00ebngjesin e 25 shkurtit.<\/span><\/p>\n<p><span style=\"color: #000000;\">Uniformat blu njoftojn\u00eb se kan\u00eb arrestuar nj\u00eb grup vras\u00ebsish me pages\u00eb, t\u00eb cil\u00ebt kan\u00eb planifikuar dhe n\u00eb bashk\u00ebpunim kan\u00eb kryer vrasjen.<\/span><\/p>\n<p><span style=\"color: #000000;\">N\u00eb pranga si\u00e7 u zbulua mbr\u00ebmjen e kaluar, ka r\u00ebn\u00eb personi i akuzuar si ekzekutori Ernejt Shyti. Nd\u00ebrkoh\u00eb n\u00eb pranga kan\u00eb r\u00ebn\u00eb dhe tre bashk\u00ebpun\u00ebtor\u00ebt e tij: Sk\u00ebnder Vathi, Leonar Xhixha dhe Xhuljano Visha. Dy t\u00eb par\u00ebt nga Fush\u00eb Kruja.<\/span><\/p>\n<p><strong><span style=\"color: #000000;\">Njoftimi i Policis\u00eb:<\/span><\/strong><\/p>\n<p><span style=\"color: #000000;\">Finalizohet me sukses OPERACIONI POLICOR \u201cPIRAMIDA\u201d.<\/span><\/p>\n<p><span style=\"color: #000000;\">Zbardhet vrasja e 66-vje\u00e7arit, e ndodhur m\u00eb 25 shkurt 2021.<\/span><\/p>\n<p><span style=\"color: #000000;\">Arrestohet nj\u00eb grup vras\u00ebsish me pages\u00eb, t\u00eb cil\u00ebt kan\u00eb planifikuar dhe n\u00eb bashk\u00ebpunim kan\u00eb kryer vrasjen e shtetasit Behar Sofia.<\/span><\/p>\n<p><span style=\"color: #000000;\">Vihen n\u00eb pranga 4 shtetas t\u00eb p\u00ebrfshir\u00eb n\u00eb k\u00ebt\u00eb vrasje kriminale.<\/span><\/p>\n<p><span style=\"color: #000000;\">Pas nj\u00eb pune hetimore t\u00eb pand\u00ebrprer\u00eb, nga Sektori i Krimeve t\u00eb R\u00ebnda Ndaj Jet\u00ebs dhe Pron\u00ebs, Sektori i Forc\u00ebs s\u00eb Posa\u00e7me Operacionale n\u00eb DVP Tiran\u00eb, Departamenti i Policis\u00eb Kriminale n\u00eb Policin\u00eb e Shtetit dhe Instituti i Policis\u00eb Shkencore, n\u00ebn drejtimin \u00a0e Prokuroris\u00eb pran\u00eb Gjykat\u00ebs s\u00eb Shkall\u00ebs s\u00eb Par\u00eb Tiran\u00eb, \u00ebsht\u00eb finalizuar me sukses OPERACIONI POLICOR \u201cPIRAMIDA\u201d. Si rezultat \u00ebsht\u00eb b\u00ebr\u00eb e mundur zbardhja dhe dokumentimi ligjor me prova shkencore i ngjarjes s\u00eb ndodhur n\u00eb dat\u00eb 25.02.2021, rreth or\u00ebs 08:45, n\u00eb bulevardin \u201cBajram Curri\u201d, ku \u00ebsht\u00eb q\u00eblluar me arm\u00eb zjarri n\u00eb drejtim t\u00eb shtetasit Behar Sofia.<\/span><\/p>\n<p><span style=\"color: #000000;\">Si rezultat i informacioneve t\u00eb siguruara n\u00eb rrug\u00eb operative, veprimeve t\u00eb shpejta hetimore procedurale si dhe provave ligjore (shkencore) t\u00eb siguruara n\u00eb lidhje me k\u00ebt\u00eb ngjarje, nga ana e specialist\u00ebve t\u00eb Seksionit Hetimit t\u00eb Krimeve Ndaj Jet\u00ebs n\u00eb Drejtorin\u00eb Vendore t\u00eb Policis\u00eb Tiran\u00eb, \u00ebsht\u00eb b\u00ebr\u00eb e mundur kapja dhe arrestimi n\u00eb flagranc\u00eb i autor\u00ebve t\u00eb dyshuar t\u00eb k\u00ebsaj ngjarjeje, shtetasve:<\/span><\/p>\n<ul>\n<li><span style=\"color: #000000;\">Ernejt Shyti, 24 vje\u00e7, lindur dhe banues n\u00eb Tiran\u00eb.<\/span><\/li>\n<li><span style=\"color: #000000;\">Sk\u00ebnder Vathi, 54 vje\u00e7, lindur n\u00eb Arrameras, Fush\u00eb Kruj\u00eb \u00a0dhe banues n\u00eb Tiran\u00eb.<\/span><\/li>\n<li><span style=\"color: #000000;\">Leonar Xhixha, 30 vje\u00e7, lindur dhe banues n\u00eb Arrameras, Fush\u00eb \u2013 Kruj\u00eb, i d\u00ebnuar m\u00eb par\u00eb p\u00ebr vepr\u00ebn penale \u201cVrasja me paramendim\u201d ngelur n\u00eb tentativ\u00eb.<\/span><\/li>\n<li><span style=\"color: #000000;\">Xhuljano Visha, 28 vje\u00e7, i d\u00ebnuar m\u00eb par\u00eb p\u00ebr vepr\u00ebn penale \u201cVjedhja\u201d.<\/span><\/li>\n<\/ul>\n<p><span style=\"color: #000000;\">K\u00ebta shtetas, n\u00eb bashk\u00ebpunim me nj\u00ebri \u2013 tjetrin, kan\u00eb organizuar vrasjen e shtetasit Behar Sofia duke siguruar mjetet, arm\u00ebn, si dhe kan\u00eb mbajtur n\u00ebn mbik\u00ebqyrje l\u00ebvizjet e viktim\u00ebs p\u00ebr disa koh\u00eb, deri n\u00eb momentin e ekzekutimit t\u00eb tij.<\/span><\/p>\n<p><span style=\"color: #000000;\">Shtetasi Ernejt Shyti, i cili ka pasur rolin e ekzekutorit n\u00eb k\u00ebt\u00eb ngjarje, menj\u00ebher\u00eb pas kryerjes s\u00eb ngjarjes \u00ebsht\u00eb larguar n\u00eb drejtim t\u00eb Malit t\u00eb Zi.<\/span><\/p>\n<p><span style=\"color: #000000;\">Drejtoria e P\u00ebrgjithshme e Policis\u00eb s\u00eb Shtetit fal\u00ebnderon publikisht Policin\u00eb e Malit t\u00eb Zi, p\u00ebr ndihm\u00ebn e m\u00ebnjehershme t\u00eb ofruar p\u00ebr lokalizimin dhe kapjen e ekzekutorit Ernejt Shyti. Pas takimit operacional t\u00eb organizuar n\u00eb vendin e kalimit Hani i Hotit, t\u00eb dy policit\u00eb kan\u00eb shk\u00ebmbyer informacion n\u00eb koh\u00eb reale duke u finalizuar me kapjen dhe deportimin e tij.<\/span><\/p>\n<p><span style=\"color: #000000;\">N\u00eb faz\u00ebn operacionale nga grupi hetimor jan\u00eb sekuestruar prova t\u00eb shumta materiale si automjete, aparate telefonike, karta sim etj.<\/span><\/p>\n<p><span style=\"color: #000000;\">Analiza\u00a0e k\u00ebtyre provave hap prespektiv\u00eb p\u00ebr identifikimin edhe t\u00eb autor\u00ebve t\u00eb tjer\u00eb t\u00eb p\u00ebrfshir\u00eb n\u00eb k\u00ebt\u00eb krim.<\/span><\/p>\n<p><span style=\"color: #000000;\">N\u00ebn drejtimin e Prokuroris\u00eb s\u00eb Rrethit Gjyq\u00ebsor Tiran\u00eb\u00a0vazhdon me intensitet puna\u00a0p\u00ebr dokumentimin e plot\u00eb ligjor t\u00eb k\u00ebsjaj ngjarjeje, identifikimin dhe kapjen e personave t\u00eb tjer\u00eb t\u00eb p\u00ebrfshir\u00eb n\u00eb k\u00ebt\u00eb ngjarje.<\/span><\/p>\n<p><span style=\"color: #000000;\">Policia e Shtetit garanton qytetar\u00ebt\u00a0se \u00ebsht\u00eb e vendosur dhe e angazhuar maksimalisht p\u00ebr garantimin e rendit dhe siguris\u00eb publike n\u00eb vend\u00a0 dhe fton qytetar\u00ebt q\u00eb t\u00eb denoncojn\u00eb n\u00eb numrin pa pages\u00eb 112 e Komisariatin Dixital, \u00e7do rast t\u00eb paligjshm\u00ebris\u00eb duke iu garantuar anonimat t\u00eb plot\u00eb\u00a0dhe reagim t\u00eb shpejt\u00eb e t\u00eb paansh\u00ebm.<\/span><\/p>\n","protected":false,"gt_translate_keys":[{"key":"rendered","format":"html"}]},"excerpt":{"rendered":"<p>Policia e Tiran\u00ebs thot\u00eb se ka zbardhur vrasjen e biznesmenit Behar Sofia, pran\u00eb Piramid\u00ebs n\u00eb Tiran\u00eb, ngjarje e ndodhur m\u00ebngjesin e 25 shkurtit. Uniformat blu njoftojn\u00eb se kan\u00eb arrestuar nj\u00eb grup vras\u00ebsish me pages\u00eb, t\u00eb cil\u00ebt kan\u00eb planifikuar dhe n\u00eb bashk\u00ebpunim kan\u00eb kryer vrasjen. N\u00eb pranga si\u00e7 u zbulua mbr\u00ebmjen e kaluar, ka r\u00ebn\u00eb personi [&hellip;]<\/p>\n","protected":false,"gt_translate_keys":[{"key":"rendered","format":"html"}]},"author":30,"featured_media":435953,"comment_status":"open","ping_status":"open","sticky":false,"template":"","format":"standard","meta":{"footnotes":""},"categories":[65,13],"tags":[],"class_list":["post-435956","post","type-post","status-publish","format-standard","has-post-thumbnail","hentry","category-lajme","category-te-fundit"],"gt_translate_keys":[{"key":"link","format":"url"}],"_links":{"self":[{"href":"https:\/\/www.hashtag.al\/index.php\/wp-json\/wp\/v2\/posts\/435956","targetHints":{"allow":["GET"]}}],"collection":[{"href":"https:\/\/www.hashtag.al\/index.php\/wp-json\/wp\/v2\/posts"}],"about":[{"href":"https:\/\/www.hashtag.al\/index.php\/wp-json\/wp\/v2\/types\/post"}],"author":[{"embeddable":true,"href":"https:\/\/www.hashtag.al\/index.php\/wp-json\/wp\/v2\/users\/30"}],"replies":[{"embeddable":true,"href":"https:\/\/www.hashtag.al\/index.php\/wp-json\/wp\/v2\/comments?post=435956"}],"version-history":[{"count":0,"href":"https:\/\/www.hashtag.al\/index.php\/wp-json\/wp\/v2\/posts\/435956\/revisions"}],"wp:featuredmedia":[{"embeddable":true,"href":"https:\/\/www.hashtag.al\/index.php\/wp-json\/wp\/v2\/media\/435953"}],"wp:attachment":[{"href":"https:\/\/www.hashtag.al\/index.php\/wp-json\/wp\/v2\/media?parent=435956"}],"wp:term":[{"taxonomy":"category","embeddable":true,"href":"https:\/\/www.hashtag.al\/index.php\/wp-json\/wp\/v2\/categories?post=435956"},{"taxonomy":"post_tag","embeddable":true,"href":"https:\/\/www.hashtag.al\/index.php\/wp-json\/wp\/v2\/tags?post=435956"}],"curies":[{"name":"wp","href":"https:\/\/api.w.org\/{rel}","templated":true}]}}