{"id":435833,"date":"2021-03-12T14:21:49","date_gmt":"2021-03-12T13:21:49","guid":{"rendered":"https:\/\/hashtag.al\/?p=435833"},"modified":"2021-03-12T15:28:26","modified_gmt":"2021-03-12T14:28:26","slug":"investigimi-i-occrp-se-profili-i-bosit-vlonjat-artur-shehu-me-prona-luksi-ne-miami","status":"publish","type":"post","link":"https:\/\/www.hashtag.al\/index.php\/2021\/03\/12\/investigimi-i-occrp-se-profili-i-bosit-vlonjat-artur-shehu-me-prona-luksi-ne-miami\/","title":{"rendered":"Investigimi i OCCRP-s\u00eb: Profili i bosit vlonjat Artur Shehu me prona luksi n\u00eb Miami","gt_translate_keys":[{"key":"rendered","format":"text"}]},"content":{"rendered":"<p><span style=\"color: #000000;\"><a href=\"https:\/\/hashtag.al\/wp-content\/uploads\/2021\/03\/Artur-Shehu.jpg\"><img loading=\"lazy\" decoding=\"async\" class=\"aligncenter size-full wp-image-435834\" src=\"https:\/\/hashtag.al\/wp-content\/uploads\/2021\/03\/Artur-Shehu.jpg\" alt=\"\" width=\"1710\" height=\"826\" srcset=\"https:\/\/www.hashtag.al\/wp-content\/uploads\/2021\/03\/Artur-Shehu.jpg 1710w, https:\/\/www.hashtag.al\/wp-content\/uploads\/2021\/03\/Artur-Shehu-300x145.jpg 300w, https:\/\/www.hashtag.al\/wp-content\/uploads\/2021\/03\/Artur-Shehu-768x371.jpg 768w, https:\/\/www.hashtag.al\/wp-content\/uploads\/2021\/03\/Artur-Shehu-1024x495.jpg 1024w\" sizes=\"auto, (max-width: 1710px) 100vw, 1710px\" \/><\/a><\/span><\/p>\n<p><em><strong><span style=\"color: #000000;\">Nga Lindita \u00c7ela<\/span><\/strong><\/em><\/p>\n<p><span style=\"color: #000000;\">Nga banesa e tij me pamje nga laguna piktoreske e Nart\u00ebs n\u00eb jug t\u00eb Shqip\u00ebris\u00eb, 72-vje\u00e7ari Jorgaq Subashi mund t\u2019i hedh\u00eb nj\u00eb sy tok\u00ebs q\u00eb iu dha n\u00eb vitin 1993 si pjes\u00eb e p\u00ebrpjekjes s\u00eb qeveris\u00eb p\u00ebr t\u00eb kthyer pronat e kapura n\u00ebn sundimin komunist.<\/span><\/p>\n<p><span style=\"color: #000000;\">Por ai nuk lejohet t\u00eb jetoj\u00eb n\u00eb t\u00eb.<\/span><\/p>\n<p><span style=\"color: #000000;\">Pothuajse tre dekada pasi e fituan tok\u00ebn p\u00ebrs\u00ebri, Subashi dhe 34 bashk\u00ebfshatar\u00eb t\u00eb tij ende nuk i kan\u00eb marr\u00eb aktet e tyre t\u00eb pron\u00ebs. Ata mbeten t\u00eb bllokuar nga burokracia n\u00eb dukje e pandryshueshme, pavar\u00ebsisht se nj\u00eb gjykat\u00eb konfirmoi n\u00eb vitin 2012 se pronat e tyre ishin transferuar n\u00eb m\u00ebnyr\u00eb t\u00eb paligjshme n\u00eb nj\u00eb klan t\u00eb fuqish\u00ebm lokal t\u00eb lidhur me vjedhjen e pjes\u00ebve t\u00eb bregdetit jugor rreth qytetit t\u00eb Vlor\u00ebs.<\/span><\/p>\n<p><span style=\"color: #000000;\"><em>&#8220;Ne e dim\u00eb q\u00eb tokat na u mor\u00ebn nga kolektivizimi i bujq\u00ebsis\u00eb gjat\u00eb regjimit komunist.&#8221;-<\/em> tha Subashi. <em>&#8220;Pas viteve &#8217;90-t\u00eb, shteti na i ktheu ato, por ne ende nuk mund t&#8217;i regjistrojm\u00eb.&#8221;<\/em><\/span><\/p>\n<p><span style=\"color: #000000;\">Gjendja e v\u00ebshtir\u00eb e fshatar\u00ebve \u00ebsht\u00eb di\u00e7ka e zakonshme p\u00ebr kombin ballkanik, nj\u00eb nga vendet m\u00eb t\u00eb varfra n\u00eb Evrop\u00eb, ku p\u00ebrpjekjet p\u00ebr reform\u00ebn e tok\u00ebs jan\u00eb penguar nga keqmenaxhimi dhe korrupsioni. N\u00eb disa raste, procesi \u00ebsht\u00eb rr\u00ebmbyer nga gangster\u00eb t\u00eb dyshuar si Artur Shehu, i cili, s\u00eb bashku me disa nga an\u00ebtar\u00ebt e familjes s\u00eb tij, akuzohet se ka vjedhur gati 500 hektar\u00eb t\u00eb pasurive t\u00eb patundshme kryesore pran\u00eb Vlor\u00ebs.<\/span><\/p>\n<p><span style=\"color: #000000;\">Nj\u00eb figur\u00eb e bot\u00ebs s\u00eb krimit, i akuzuar p\u00ebr lidhje me krimin e organizuar n\u00eb Shqip\u00ebri dhe nj\u00eb deg\u00eb t\u00eb fuqishme t\u00eb mafies italiane, Shehu u largua nga vendlindja n\u00eb vitin 1999 pas nj\u00eb p\u00ebrplasje vdekjeprur\u00ebse me arm\u00eb n\u00eb lokalin e tij n\u00eb Vlor\u00eb.<\/span><\/p>\n<p><span style=\"color: #000000;\">Ai k\u00ebrkoi azil n\u00eb SHBA dhe e fitoi at\u00eb n\u00eb vitin 2001. N\u00eb vitin 2019 ai mori kartonin jeshil, duke i hapur rrug\u00ebn q\u00eb t\u00eb b\u00ebhej shtetas amerikan. Pavar\u00ebsisht daljes s\u00eb tij t\u00eb nxituar nga Shqip\u00ebria, ai ka vazhduar t\u00eb drejtoj\u00eb operacionet atje nga pallati i tij i sigurt n\u00eb bregdetin e Florid\u00ebs.<\/span><\/p>\n<p><span style=\"color: #000000;\">Shehu nuk \u00ebsht\u00eb akuzuar zyrtarisht p\u00ebr nj\u00eb krim, por bashk\u00ebpun\u00ebtori i tij P\u00ebllumb Petritaj, i cili mbik\u00ebqyr shum\u00eb nga pronat e tij, \u00ebsht\u00eb shpallur fajtor se ka falsifikuar dokumente p\u00ebr t\u00eb marr\u00eb toka n\u00eb em\u00ebr t\u00eb familjes Shehu.<\/span><\/p>\n<p><span style=\"color: #000000;\">Aktivitetet e Shehut jan\u00eb megjithat\u00eb, t\u00eb njohura n\u00eb nivel lokal. Nj\u00eb komision gjyq\u00ebsor e p\u00ebrshkroi at\u00eb n\u00eb vitin 2018 si <em>&#8220;nj\u00eb lojtar kryesor&#8221;<\/em> n\u00eb vjedhjet e tok\u00ebs p\u00ebrreth Vlor\u00ebs. Kur u pyet\u00ebn pse nuk ishte nd\u00ebrmarr\u00eb asnj\u00eb veprim kund\u00ebr Shehut, pavar\u00ebsisht provave nga \u00e7\u00ebshtje t\u00eb shumta, zyra e prokuror\u00ebve n\u00eb Vlor\u00eb nuk pranoi t\u00eb komentonte.<\/span><\/p>\n<p><span style=\"color: #000000;\">Shehu nuk pranoi t&#8217;u p\u00ebrgjigjej pyetjeve n\u00eb lidhje me k\u00ebt\u00eb \u00e7\u00ebshtje. N\u00eb vend t\u00eb k\u00ebsaj, ai iu afrua OCCRP-s\u00eb p\u00ebrmes nj\u00eb nd\u00ebrmjet\u00ebsi, i cili i ofroi nj\u00eb reporteri &#8220;<em>\u00e7far\u00eb t\u00eb donte&#8221;<\/em> n\u00eb k\u00ebmbim t\u00eb heqjes s\u00eb lajmit.<\/span><\/p>\n<p><span style=\"color: #000000;\">Por pas viteve me nj\u00eb profili t\u00eb ul\u00ebt n\u00eb vendin e tij t\u00eb lindjes dhe pun\u00ebs p\u00ebrmes nd\u00ebrmjet\u00ebsve, emri i Shehut koh\u00ebt e fundit \u00ebsht\u00eb shfaqur n\u00eb dokumente q\u00eb tregojn\u00eb interesa t\u00eb reja biznesi n\u00eb rivier\u00ebn shqiptare.<\/span><\/p>\n<p><span style=\"color: #000000;\">N\u00eb vitin 2019 ai bashk\u00eb-themeloi nj\u00eb firm\u00eb p\u00ebr zhvillimin e hoteleve t\u00eb quajtur Portonova, e cila ndan nj\u00eb em\u00ebr me nj\u00eb plazh n\u00eb periferi t\u00eb Vlor\u00ebs. N\u00eb Prill t\u00eb vitit t\u00eb kaluar, ai hapi nj\u00eb firm\u00eb tjet\u00ebr p\u00ebr t\u00eb zhvilluar turizmin, Adhenis. Duket se Shehu po paraqet nj\u00eb imazh t\u00eb ri publik &#8211; nj\u00eb imazh q\u00eb \u00ebsht\u00eb shum\u00eb larg prejardhjes s\u00eb tij t\u00eb pretenduar kriminale n\u00eb nj\u00eb qytet q\u00eb dikur mbushej me gangster\u00eb.<\/span><\/p>\n<p><span style=\"color: #000000;\"><strong>Qyteti i Bandave<\/strong><\/span><\/p>\n<p><span style=\"color: #000000;\">Jeta n\u00eb Vlor\u00eb n\u00eb fund t\u00eb viteve 1990 ka qen\u00eb sakatuese. Had\u00ebr Cako, i cili drejtoi nj\u00eb nj\u00ebsi hetimore n\u00eb forc\u00ebn lokale t\u00eb policis\u00eb gjat\u00eb asaj periudhe, kujton se p\u00ebr disa vjet, qyteti ishte t\u00ebr\u00ebsisht n\u00ebn kontrollin e bandave lokale.<\/span><\/p>\n<p><span style=\"color: #000000;\">Ekonomia shqiptare u shemb pasi disa skema piramidale n\u00eb t\u00eb gjith\u00eb vendin u shkat\u00ebrruan n\u00eb vitin 1996 dhe 1997 dhe vendi ra n\u00eb konflikt civil, duke shkaktuar nj\u00eb nd\u00ebrhyrje ushtarake t\u00eb Kombeve t\u00eb Bashkuara t\u00eb udh\u00ebhequr nga Italia.<\/span><\/p>\n<div id=\"attachment_435835\" style=\"width: 1210px\" class=\"wp-caption aligncenter\"><a href=\"https:\/\/hashtag.al\/wp-content\/uploads\/2021\/03\/Italian-Soldiers-Vlora.jpg\"><img loading=\"lazy\" decoding=\"async\" aria-describedby=\"caption-attachment-435835\" class=\"wp-image-435835 size-full\" src=\"https:\/\/hashtag.al\/wp-content\/uploads\/2021\/03\/Italian-Soldiers-Vlora.jpg\" alt=\"\" width=\"1200\" height=\"803\" srcset=\"https:\/\/www.hashtag.al\/wp-content\/uploads\/2021\/03\/Italian-Soldiers-Vlora.jpg 1200w, https:\/\/www.hashtag.al\/wp-content\/uploads\/2021\/03\/Italian-Soldiers-Vlora-300x201.jpg 300w, https:\/\/www.hashtag.al\/wp-content\/uploads\/2021\/03\/Italian-Soldiers-Vlora-768x514.jpg 768w, https:\/\/www.hashtag.al\/wp-content\/uploads\/2021\/03\/Italian-Soldiers-Vlora-1024x685.jpg 1024w\" sizes=\"auto, (max-width: 1200px) 100vw, 1200px\" \/><\/a><p id=\"caption-attachment-435835\" class=\"wp-caption-text\"><span style=\"color: #000000;\"><em>Ushtar\u00ebt italian\u00eb patrullojn\u00eb Vlor\u00ebn n\u00eb vitin 1997, si pjes\u00eb e operacionit &#8220;Alba&#8221; t\u00eb OKB-s\u00eb<\/em><\/span><\/p><\/div>\n<p><span style=\"color: #000000;\"><em>&#8220;Stacioni i policis\u00eb ishte pa dritare e pa dyer&#8221;-<\/em> i tha Cako OCCRP-s\u00eb. <em>\u201cQyteti ishte plot\u00ebsisht n\u00ebn kontrollin e bandave kriminale lokale. Qyteti ishte nj\u00eb qend\u00ebr vrasjesh brutale, p\u00ebrdhunimesh, vjedhjesh\u201d.<\/em><\/span><\/p>\n<p><span style=\"color: #000000;\">Shehu, i larguar nga nj\u00eb post n\u00eb forcat speciale t\u00eb Shqip\u00ebris\u00eb, ishte i njohur n\u00eb mesin e policis\u00eb n\u00eb Vlor\u00eb n\u00eb at\u00eb koh\u00eb p\u00ebr veprimtari kriminale, sipas nj\u00eb ish-shefi t\u00eb policis\u00eb s\u00eb Vlor\u00ebs i cili k\u00ebrkoi t\u00eb mos i p\u00ebrmendej emri p\u00ebr arsye sigurie.<\/span><\/p>\n<p><span style=\"color: #000000;\"><em>&#8220;Ai kishte nj\u00eb hotel, dhe m\u00eb von\u00eb nd\u00ebrtoi nj\u00eb kazino.&#8221;-<\/em> tha ish-zyrtari.<\/span><\/p>\n<p><span style=\"color: #000000;\">Dritan Zagani, i cili drejtoi nj\u00ebsin\u00eb e anti-narkotik\u00ebve n\u00eb qytet n\u00eb fund t\u00eb viteve 1990, tha se ai kishte bashk\u00ebpunuar me nj\u00eb nj\u00ebsi italiane anti-drog\u00eb duke hetuar nj\u00eb rrjet krimi me t\u00eb cilin Shehu dyshohej se ishte i p\u00ebrfshir\u00eb.<\/span><\/p>\n<p><span style=\"color: #000000;\"><em>&#8220;Kishte nj\u00eb hetim t\u00eb hapur ndaj nj\u00eb grupi t\u00eb krimit t\u00eb organizuar italo-shqiptar p\u00ebr veprat e trafikimit t\u00eb qenieve njer\u00ebzore dhe narkotik\u00ebve.&#8221;-<\/em> tha Zagani.<\/span><\/p>\n<p><span style=\"color: #000000;\">Cataldo Motta, nj\u00eb ish-prokuror n\u00eb qytetin jugor italian t\u00eb Le\u00e7es, i cili shtrihet vet\u00ebm 112 km n\u00eb per\u00ebndim nga Vlora, <\/span><span style=\"color: #000000;\">p\u00ebrtej detit Adriatik, gjithashtu kujtoi \u00e7\u00ebshtjen ku p\u00ebrfshihej Shehu<\/span><em style=\"color: #000000;\">:&#8221;\u00cbsht\u00eb nj\u00eb em\u00ebr i njohur. Ai ishte n\u00eb dosjet tona i dyshuar p\u00ebr trafik droge.\u201d<\/em><\/p>\n<p><span style=\"color: #000000;\">Shehu i dha OCCRP-s\u00eb nj\u00eb let\u00ebr t\u00eb qershorit t\u00eb vitit 2016 nga zyra e prokurorit n\u00eb Le\u00e7e, ku thuhej se ai nuk ishte i d\u00ebnuar n\u00eb at\u00eb juridiksion, por refuzoi t\u2019u p\u00ebrgjigjej pyetjeve mbi k\u00ebt\u00eb \u00e7\u00ebshtje, ose t\u00eb komentonte p\u00ebr k\u00ebt\u00eb histori.<\/span><\/p>\n<p><span style=\"color: #000000;\">Koha e Shehut n\u00eb Vlor\u00eb p\u00ebrfundoi pas p\u00ebrplasjes me arm\u00eb t\u00eb vitit 1999 n\u00eb lokalin e tij, sipas Zaganit. Ai tha se an\u00ebtar\u00ebt e band\u00ebs vran\u00eb dy persona n\u00eb k\u00ebt\u00eb sulm, duke p\u00ebrfshir\u00eb daj\u00ebn e Shehut, Luan Bedinin.<\/span><\/p>\n<p><span style=\"color: #000000;\"><em>&#8220;Luani vdiq n\u00eb krah\u00ebt e Arturit dhe ai u zotua t\u00eb merrte hak p\u00ebr vrasjen e daj\u00ebs s\u00eb tij.&#8221;-<\/em> tha Zagani.<\/span><\/p>\n<p><span style=\"color: #000000;\">Ai tha se policia donte t\u00eb merrte n\u00eb pyetje Shehun n\u00eb lidhje me t\u00eb sht\u00ebnat dhe p\u00ebrfshirjen e tij t\u00eb pretenduar me nj\u00eb sindikat\u00eb lokale t\u00eb krimit, por ai u largua nga vendi.<\/span><\/p>\n<p><span style=\"color: #000000;\">Sipas dokumenteve t\u00eb gjykat\u00ebs amerikane, Shehu ka qen\u00eb banor i atij vendi q\u00eb prej t\u00eb pakt\u00ebn vitit 2001, kur iu dha azili. Sh\u00ebrbimet e Shtet\u00ebsis\u00eb dhe Imigracionit t\u00eb SHBA-ve, t\u00eb cilat p\u00ebrpunojn\u00eb k\u00ebrkesat e azilit, than\u00eb se nuk ishin n\u00eb gjendje t\u00eb zbulonin ndonj\u00eb informacion mbi \u00e7\u00ebshtjen.<\/span><\/p>\n<p><span style=\"color: #000000;\">N\u00eb vitin 2005, ai u transferua n\u00eb Miami, ku nd\u00ebrtoi nj\u00eb vil\u00eb t\u00eb stilit kolonial me pamje nga nj\u00eb fush\u00eb golfi, e kompletuar me kolona dhe nj\u00eb stem\u00eb t\u00eb zbukuruar. Prona \u00ebsht\u00eb vler\u00ebsuar deri n\u00eb 3 milion\u00eb dollar\u00eb. T\u00eb dh\u00ebnat e pronave n\u00eb Florida tregojn\u00eb se, p\u00ebrve\u00e7 vil\u00ebs me kat\u00ebr dhoma gjumi, Shehu m\u00eb par\u00eb zot\u00ebronte edhe nj\u00eb seri kondosh n\u00eb Miami dhe zonat p\u00ebrreth.<\/span><\/p>\n<p><span style=\"color: #000000;\">Sht\u00ebpia e Shehut q\u00ebndron n\u00eb nj\u00eb lagje t\u00eb pasur vet\u00ebm disa minuta larg bregut, me nj\u00eb l\u00ebndin\u00eb t\u00eb rrethuar nga pem\u00ebt. Dy vetura Mercedes-Benz ishin parkuar n\u00eb rrug\u00ebkalim kur nj\u00eb reporter nga \u201cMiami Herald\u201d vizitoi pron\u00ebn.<\/span><\/p>\n<p><span style=\"color: #000000;\">P\u00ebrve\u00e7se vendosi nj\u00eb let\u00ebr me pyetje n\u00eb kutin\u00eb postare t\u00eb Shehut, gazetari gjithashtu ia d\u00ebrgoi atij pyetjet p\u00ebrmes Fedex, p\u00ebr t\u00eb cilat n\u00ebnshkroi dikush n\u00eb k\u00ebt\u00eb adres\u00eb. Pas k\u00ebsaj, Shehu kontaktoi nj\u00eb reporter n\u00eb Shqip\u00ebri p\u00ebrmes nj\u00eb nd\u00ebrmjet\u00ebsi, i cili i ofroi atij &#8220;\u00e7far\u00eb t\u00eb donte&#8221; n\u00eb k\u00ebmbim t\u00eb heqjes s\u00eb lajmit.<\/span><\/p>\n<div id=\"attachment_435837\" style=\"width: 900px\" class=\"wp-caption aligncenter\"><a href=\"https:\/\/hashtag.al\/wp-content\/uploads\/2021\/03\/Shehu-Miami-Mansion.jpg\"><img loading=\"lazy\" decoding=\"async\" aria-describedby=\"caption-attachment-435837\" class=\"wp-image-435837 size-full\" src=\"https:\/\/hashtag.al\/wp-content\/uploads\/2021\/03\/Shehu-Miami-Mansion.jpg\" alt=\"\" width=\"890\" height=\"500\" srcset=\"https:\/\/www.hashtag.al\/wp-content\/uploads\/2021\/03\/Shehu-Miami-Mansion.jpg 890w, https:\/\/www.hashtag.al\/wp-content\/uploads\/2021\/03\/Shehu-Miami-Mansion-300x169.jpg 300w, https:\/\/www.hashtag.al\/wp-content\/uploads\/2021\/03\/Shehu-Miami-Mansion-768x431.jpg 768w\" sizes=\"auto, (max-width: 890px) 100vw, 890px\" \/><\/a><p id=\"caption-attachment-435837\" class=\"wp-caption-text\"><span style=\"color: #000000;\"><em>Rezidenca e Artur Shehut n\u00eb Miami<\/em><\/span><\/p><\/div>\n<p><span style=\"color: #000000;\"><strong>Lidhjet me Mafian<\/strong><\/span><\/p>\n<p><span style=\"color: #000000;\">Megjith\u00ebse Shehu ka kaluar gati dy dekada duke jetuar n\u00eb Miami si refugjat, hetuesit italian\u00eb t\u00eb antimafias besojn\u00eb se ai ka vazhduar t\u00eb b\u00ebj\u00eb biznes n\u00eb Shqip\u00ebri &#8211; ndonj\u00ebher\u00eb pretendohet se e ka b\u00ebr\u00eb n\u00eb em\u00ebr t\u00eb gangster\u00ebve italian\u00eb.<\/span><\/p>\n<p><span style=\"color: #000000;\">Guglielmo Cataldi, nj\u00eb tjet\u00ebr prokuror n\u00eb Lecce, tha se Shehu u hetua n\u00eb vitin 2012 p\u00ebr rolin e tij n\u00eb investimin e parave n\u00eb Shqip\u00ebri p\u00ebr Albino Prudentinon, nj\u00eb an\u00ebtar i vjet\u00ebr i organizat\u00ebs mafioze italiane \u201cSacra Corona Unita\u201d.<\/span><\/p>\n<p><span style=\"color: #000000;\">Nj\u00eb dokument gjyq\u00ebsor italian i marr\u00eb nga OCCRP tregon se nga viti 2009, Prudentino mori me qira nj\u00eb pjes\u00eb t\u00eb nj\u00eb nd\u00ebrtese luksoze n\u00eb pron\u00ebsi t\u00eb Shehut n\u00eb lagjen Uji i Ftoht\u00eb t\u00eb Vlor\u00ebs. Shefi i mafies italiane drejtoi nj\u00eb restorant dhe nj\u00eb dyqan akulloresh n\u00eb katin p\u00ebrdhes\u00eb si dhe nj\u00eb kazino, n\u00eb katin m\u00eb lart.<\/span><\/p>\n<p><span style=\"color: #000000;\">Prudentino u shpall fajtor n\u00eb vitin 2013 p\u00ebr pastrim parash t\u00eb mafies p\u00ebrmes k\u00ebtyre bizneseve dhe u d\u00ebnua me tre vjet burg. Prokuror\u00ebt italian\u00eb pretenduan se Shehu b\u00ebri 1 milion euro duke e ndihmuar at\u00eb ta b\u00ebnte k\u00ebt\u00eb, megjith\u00ebse ata vun\u00eb n\u00eb dukje se nuk kishin prova t\u00eb mjaftueshme p\u00ebr ta akuzuar Shehun.<\/span><\/p>\n<p><span style=\"color: #000000;\">Shehu nuk u akuzua n\u00eb Itali, por Cataldi tha se \u00e7\u00ebshtja kund\u00ebr tij iu kalua hetuesve shqiptar\u00eb. <em>&#8220;Ne i d\u00ebrguam t\u00eb dh\u00ebnat q\u00eb kishim n\u00eb Shqip\u00ebri, duke u treguar atyre se \u00e7far\u00eb ishin investimet, por un\u00eb nuk e di se si shkoi ky hetim.&#8221;<\/em><\/span><\/p>\n<p><span style=\"color: #000000;\">Prokuroria e Shtetit e Shqip\u00ebris\u00eb, Policia dhe Prokuroria e Vlor\u00ebs\u2026 asnj\u00ebra nuk pranoi t\u00eb komentoj\u00eb mbi \u00e7\u00ebshtjen.<\/span><\/p>\n<p><span style=\"color: #000000;\">Duke filluar nga viti 2006, nga pozicioni i tij i rehatsh\u00ebm n\u00eb Miami, Shehu filloi t\u00eb grumbulloj\u00eb nj\u00eb portofol t\u00eb gjer\u00eb pronash rreth Vlor\u00ebs &#8211; p\u00ebrmes mjeteve q\u00eb banor\u00ebt lokal\u00eb thon\u00eb se ishin t\u00eb paligjshme.<\/span><\/p>\n<p><span style=\"color: #000000;\">Megjith\u00ebse ai dhe familja e tij p\u00ebrfituan, Shehu nuk \u00ebsht\u00eb akuzuar kurr\u00eb drejtp\u00ebrdrejt p\u00ebr \u00e7\u00ebshtjet e tok\u00ebs. Sidoqoft\u00eb, nj\u00eb bashk\u00ebpun\u00ebtor i ngusht\u00eb i tij, P\u00ebllumb Petritaj, u d\u00ebnua n\u00eb vitin 2018 p\u00ebr falsifikim t\u00eb dokumenteve t\u00eb tok\u00ebs p\u00ebr t\u00eb uzurpuar 187 hektar\u00eb tok\u00eb.<\/span><\/p>\n<p><span style=\"color: #000000;\">N\u00eb \u00e7\u00ebshtje t\u00eb tjera gjyq\u00ebsore q\u00eb p\u00ebrfshijn\u00eb nj\u00eb total prej gati 300 hektar\u00ebsh shtes\u00eb pran\u00eb Vlor\u00ebs, Shehu dhe an\u00ebtar\u00ebt e familjes s\u00eb tij akuzohen p\u00ebr rr\u00ebmbimin e pron\u00ebs p\u00ebrmes falsifikimeve t\u00eb ngjashme. Kjo p\u00ebrfshin tok\u00ebn n\u00eb brigjet e Lagun\u00ebs s\u00eb Nart\u00ebs q\u00eb Subashi dhe bashk\u00ebfshatar\u00ebt e tij thon\u00eb se u jan\u00eb vjedhur atyre.<\/span><\/p>\n<p><span style=\"color: #000000;\">N\u00eb k\u00ebto raste t\u00eb vazhdueshme, Petritaj dyshohet se do t\u00eb falsifikonte dokumente me ndihm\u00ebn e zyrtar\u00ebve lokal\u00eb p\u00ebr t\u00eb marr\u00eb tok\u00ebn n\u00eb duart e Arturit dhe babait t\u00eb tij, Ramisit. Ndonj\u00ebher\u00eb nj\u00eb pal\u00eb e tret\u00eb do t\u00eb merrte tok\u00ebn, pastaj ia transferonte at\u00eb Shehut.<\/span><\/p>\n<p><span style=\"color: #000000;\">Pavar\u00ebsisht nga mungesa e veprimeve ligjore kund\u00ebr Shehut, t\u00eb pakt\u00ebn disa n\u00eb gjyq\u00ebsor jan\u00eb t\u00eb vet\u00ebdijsh\u00ebm p\u00ebr reputacionin e tij p\u00ebr shpron\u00ebsimin e tokave p\u00ebrreth Vlor\u00ebs.<\/span><\/p>\n<p><span style=\"color: #000000;\">Nj\u00eb \u00e7\u00ebshtje disiplinore n\u00eb vitin 2018 pa Artur Malajn<\/span><span style=\"color: #000000;\">\u00a0<\/span><span style=\"color: #000000;\">t\u00eb shkarkohej p\u00ebr \u00e7\u00ebshtje etike<\/span><span style=\"color: #000000;\">, nj\u00eb gjyqtar n\u00eb Tiran\u00eb i cili kishte sh\u00ebrbyer m\u00eb par\u00eb si kreu i Gjykat\u00ebs s\u00eb Vlor\u00ebs. Nd\u00ebr gjetjet e hetimit ndaj gjyqtarit ishte se t\u00eb pakt\u00ebn nj\u00eb nga an\u00ebtar\u00ebt e familjes s\u00eb tij kishte bler\u00eb tok\u00eb nga Shehu, t\u00eb cil\u00ebn Malaj nuk arriti ta raportonte.<\/span><\/p>\n<p><span style=\"color: #000000;\"><em>\u201cA. Sh dyshohet se \u00ebsht\u00eb nj\u00eb lojtar kryesor n\u00eb procesin e tjet\u00ebrsimit t\u00eb pronave n\u00eb Vlor\u00eb.\u201d-<\/em>shkruhet n\u00eb raport, q\u00eb i referohet Shehut.<\/span><\/p>\n<p><span style=\"color: #000000;\">Gjykat\u00ebsi i tha OCCRP-s\u00eb se vet\u00ebm nj\u00eb an\u00ebtar i familjes kishte bler\u00eb tok\u00eb nga Shehu. Ai tha se nuk kishte patur njohuri p\u00ebr k\u00ebt\u00eb derisa hetimet e zbuluan dhe k\u00ebmb\u00ebnguli se ai nuk kishte pasur asnj\u00eb kontakt me Shehun.<\/span><\/p>\n<p><span style=\"color: #000000;\"><em>\u201cUn\u00eb kam qen\u00eb nj\u00eb gjykat\u00ebs n\u00eb qytetin e Vlor\u00ebs p\u00ebr rreth 10 vjet. N\u00eb asnj\u00eb rast t\u00eb vet\u00ebm nuk kam pasur ndonj\u00eb \u00e7\u00ebshtje pron\u00ebsie ose \u00e7\u00ebshtje t\u00eb tjera q\u00eb kishin t\u00eb b\u00ebnin\u2026 me Artur Shehun ose familjen e tij.\u201d-<\/em>tha Malaj.<\/span><\/p>\n<p><span style=\"color: #000000;\">Edhe ata me burime t\u00eb konsiderueshme n\u00eb dispozicion jan\u00eb detyruar t\u00eb b\u00ebjn\u00eb marr\u00ebveshje me Shehun. K\u00ebto p\u00ebrfshijn\u00eb nj\u00eb fondacion bamir\u00ebsie t\u00eb formuar n\u00eb vitin 2014 me misionin e rimarrjes s\u00eb pasuris\u00eb st\u00ebrgjyshore t\u00eb Eftimiadis, nj\u00eb familje q\u00eb emigroi nga Vlora n\u00eb Itali n\u00eb fillim t\u00eb shekullit t\u00eb 20-t\u00eb.<\/span><\/p>\n<p><span style=\"color: #000000;\">Pasuria e familjes Eftimiadi u kap nga nd\u00ebrrimet politike dhe ideologjike q\u00eb trondit\u00ebn Shqip\u00ebrin\u00eb gjat\u00eb gjith\u00eb shekullit t\u00eb 20-t\u00eb. N\u00eb fillim t\u00eb viteve 2000, nj\u00eb shekull pasi familja emigroi n\u00eb Itali, p\u00ebrpjekjet p\u00ebr t\u00eb k\u00ebrkuar pron\u00ebn ran\u00eb n\u00eb grack\u00ebn e korrupsionit dhe joefikasitetit gjyq\u00ebsor.<\/span><\/p>\n<p><span style=\"color: #000000;\">Pasi zbuloi se nj\u00eb pjes\u00eb e pasuris\u00eb ishte marr\u00eb nga Shehu, bordi i fondacionit (ku b\u00ebnte pjes\u00eb dhe nj\u00eb ish-diplomat italian dhe nj\u00eb gjeneral n\u00eb pension n\u00eb policin\u00eb financiare t\u00eb Italis\u00eb) vendosi t\u00eb b\u00ebj\u00eb nj\u00eb marr\u00ebveshje me t\u00eb.<\/span><\/p>\n<p><span style=\"color: #000000;\">Fondacioni Luca dhe Marco Eftimiadi n\u00ebnshkruan nj\u00eb kontrat\u00eb me Shehun n\u00eb vitin 2015, duke r\u00ebn\u00eb dakord t\u00eb pranonin tet\u00eb apartamente dhe tre hektar\u00eb tok\u00eb n\u00eb vij\u00ebn bregdetare. Asnj\u00eb nga ato prona nuk ishin fillimisht pjes\u00eb e pasuris\u00eb dhe fondacioni ra dakord t\u00eb heq\u00eb dor\u00eb nga \u00e7do k\u00ebrkes\u00eb p\u00ebr tok\u00ebn st\u00ebrgjyshore. Petritaj n\u00ebnshkroi kontrat\u00ebn n\u00eb em\u00ebr t\u00eb Shehut.<\/span><\/p>\n<p><span style=\"color: #000000;\">Marr\u00ebveshja u prish shpejt.<\/span><\/p>\n<p><span style=\"color: #000000;\">Fondacioni kishte synuar t\u00eb nd\u00ebrtonte nj\u00eb marin\u00eb t\u00eb vog\u00ebl q\u00eb do t\u00eb gjeneronte fonde p\u00ebr misionin e saj bamir\u00ebs, \u200b\u200bi cili p\u00ebrfshinte nd\u00ebrtimin e urave midis Shqip\u00ebris\u00eb dhe Italis\u00eb. Ky plan u ndal kur fondacioni kuptoi se transferimi i tok\u00ebs ishte bazuar n\u00eb dokumente t\u00eb falsifikuara, sipas Namik Alimu\u00e7it, nj\u00eb biznesmen shqiptar i cili ka drejtuar nj\u00eb lokal n\u00eb pron\u00eb p\u00ebr 15 vjet.<\/span><\/p>\n<p><span style=\"color: #000000;\"><em>&#8220;Ata jan\u00eb t\u00eb gjith\u00eb t\u00eb rrem\u00eb dhe i gjith\u00eb fshati e di k\u00ebt\u00eb.&#8221;-<\/em> tha Alimu\u00e7i, i cili supozohej t\u00eb punonte me fondacionin p\u00ebr zhvillimin e bregdetit.<\/span><\/p>\n<div id=\"attachment_435836\" style=\"width: 1609px\" class=\"wp-caption aligncenter\"><a href=\"https:\/\/hashtag.al\/wp-content\/uploads\/2021\/03\/Seafront-Land-Vlora.jpg\"><img loading=\"lazy\" decoding=\"async\" aria-describedby=\"caption-attachment-435836\" class=\"size-full wp-image-435836\" src=\"https:\/\/hashtag.al\/wp-content\/uploads\/2021\/03\/Seafront-Land-Vlora.jpg\" alt=\"\" width=\"1599\" height=\"899\" srcset=\"https:\/\/www.hashtag.al\/wp-content\/uploads\/2021\/03\/Seafront-Land-Vlora.jpg 1599w, https:\/\/www.hashtag.al\/wp-content\/uploads\/2021\/03\/Seafront-Land-Vlora-300x169.jpg 300w, https:\/\/www.hashtag.al\/wp-content\/uploads\/2021\/03\/Seafront-Land-Vlora-768x432.jpg 768w, https:\/\/www.hashtag.al\/wp-content\/uploads\/2021\/03\/Seafront-Land-Vlora-1024x576.jpg 1024w\" sizes=\"auto, (max-width: 1599px) 100vw, 1599px\" \/><\/a><p id=\"caption-attachment-435836\" class=\"wp-caption-text\"><span style=\"color: #000000;\"><em>Toka bregdetare af\u00ebr Vlor\u00ebs q\u00eb Shehu pretendoi se po ia dhuronte Fondacionit Eftimiadi<\/em><\/span><\/p><\/div>\n<p><span style=\"color: #000000;\"><strong>Pretendimet Konkurruese<\/strong><\/span><\/p>\n<p><span style=\"color: #000000;\">Saga e pasuris\u00eb s\u00eb familjes Eftimiadi \u00ebsht\u00eb vet\u00ebm nj\u00ebra nga mij\u00ebra historit\u00eb e ngjashme n\u00eb t\u00eb gjith\u00eb Shqip\u00ebrin\u00eb, e cila \u00ebsht\u00eb kapur n\u00eb nj\u00eb rrjet pretendimesh konkurruese p\u00ebr tok\u00ebn- nj\u00eb trash\u00ebgimi e komunist\u00ebve q\u00eb e shtet\u00ebzuan pron\u00ebn dhe nj\u00eb seri vjedhjesh gjat\u00eb p\u00ebrpjekjeve p\u00ebr ta kthyer at\u00eb n\u00eb pron\u00eb private.<\/span><\/p>\n<p><span style=\"color: #000000;\">\u00c7\u00ebshtjet e tok\u00ebs p\u00ebrreth Vlor\u00ebs jan\u00eb ve\u00e7an\u00ebrisht t\u00eb komplikuara, sipas Elona Hodaj, nj\u00eb ish-drejtoresh\u00eb e Zyr\u00ebs s\u00eb Regjistrimit t\u00eb Pasurive t\u00eb Paluajtshme n\u00eb qytet.<\/span><\/p>\n<p><span style=\"color: #000000;\"><em>&#8220;\u00cbsht\u00eb nj\u00eb situat\u00eb e krijuar p\u00ebr 25 vjet.&#8221;-<\/em> tha ajo. <em>&#8220;Ka vendime gjyq\u00ebsore q\u00eb i kan\u00eb dh\u00ebn\u00eb t\u00eb nj\u00ebjt\u00ebn pron\u00eb nj\u00eb her\u00eb nj\u00eb pale dhe nj\u00eb her\u00eb nj\u00eb pale tjet\u00ebr.&#8221;<\/em><\/span><\/p>\n<p><span style=\"color: #000000;\">Hodaj zgjati m\u00eb pak se nj\u00eb muaj n\u00eb detyr\u00eb. Ajo \u00ebsht\u00eb nj\u00eb nga tet\u00eb drejtor\u00ebt q\u00eb kan\u00eb dh\u00ebn\u00eb dor\u00ebheqjen q\u00eb nga shtatori i vitit 2019, secili duke p\u00ebrmendur <em>&#8220;arsye personale&#8221;<\/em> p\u00ebr largimin.<\/span><\/p>\n<p><span style=\"color: #000000;\">Kur ai erdhi n\u00eb pushtet n\u00eb vitin 2013, Kryeministri Edi Rama u zotua t\u00eb zgjidh\u00eb kriz\u00ebn e tok\u00ebs n\u00eb Shqip\u00ebri dhe t\u00eb siguroj\u00eb q\u00eb pronat e vjedhura t\u2019u kthehen pronar\u00ebve t\u00eb tyre t\u00eb ligjsh\u00ebm.<\/span><\/p>\n<p><span style=\"color: #000000;\"><em>&#8220;Shqip\u00ebria nuk mund t\u00eb jet\u00eb vendi q\u00eb gjenerata e ardhshme do t\u00eb trash\u00ebgoj\u00eb, si nj\u00eb vend ku grabit\u00ebsit dhe falsifikuesit g\u00ebzojn\u00eb nj\u00ebher\u00eb e p\u00ebrgjithmon\u00eb produktin e veprimeve t\u00eb tyre kriminale.&#8221;-<\/em> tha Rama n\u00eb 2015-\u00ebn.<\/span><\/p>\n<p><span style=\"color: #000000;\">P\u00ebrpjekjet e qeveris\u00eb s\u00eb tij deri m\u00eb tani kan\u00eb par\u00eb pak sukses. Hajdut\u00ebt e pretenduar t\u00eb tokave si Shehu kan\u00eb p\u00ebrparuar, nd\u00ebrsa t\u00eb tjer\u00ebt si Fondacioni Eftimiadi dhe fshatar\u00ebt n\u00eb Zv\u00ebrnec, af\u00ebr lagun\u00ebs s\u00eb Nart\u00ebs, nuk kan\u00eb qen\u00eb n\u00eb gjendje t\u00eb rimarrin pronat e tyre.<\/span><\/p>\n<p><span style=\"color: #000000;\">Pasi d\u00ebshtuan t\u00eb negociojn\u00eb, Subashi dhe bashk\u00ebfshatar\u00ebt e tij kan\u00eb mbetur me nj\u00eb mund\u00ebsi t\u00eb fundit t\u00eb mundshme. <em>&#8220;Ne i kemi shkruar \u00e7do kryeministri p\u00ebr vite me rradh\u00eb.&#8221;- tha Subashi. &#8220;Ne gjithashtu i kemi shkruar Edi Ram\u00ebs.&#8221;<\/em><\/span><\/p>\n<p><span style=\"color: #000000;\"><strong>Autorja e shkrimit: Lindita \u00c7ela<\/strong><\/span><\/p>\n<p><span style=\"color: #000000;\"><strong>Ndihmuan p\u00ebr shkrimin:<\/strong> <em>Shirsho Dasgupta (Miami Herald), Megan Bobrowsky (Miami Herald) dhe Valerio Cataldi (TG3).<\/em><\/span><\/p>\n<p><span style=\"color: #000000;\"><strong><span style=\"color: #ff0000;\">VINI RE<\/span>: Ky artikull \u00ebsht\u00eb pron\u00eb intelektuale e <span style=\"color: #0000ff;\"><a style=\"color: #0000ff;\" href=\"https:\/\/www.occrp.org\/en\/investigations\/from-a-miami-mansion-an-alleged-mobster-amasses-albanian-property\">OCCRP<\/a><\/span><\/strong><\/span><\/p>\n<p><span style=\"color: #000000;\"><strong>P\u00ebrshtati n\u00eb shqip<\/strong> p\u00ebr Hashtag.al, Dajana Dobrozi<\/span><\/p>\n","protected":false,"gt_translate_keys":[{"key":"rendered","format":"html"}]},"excerpt":{"rendered":"<p>Nga Lindita \u00c7ela Nga banesa e tij me pamje nga laguna piktoreske e Nart\u00ebs n\u00eb jug t\u00eb Shqip\u00ebris\u00eb, 72-vje\u00e7ari Jorgaq Subashi mund t\u2019i hedh\u00eb nj\u00eb sy tok\u00ebs q\u00eb iu dha n\u00eb vitin 1993 si pjes\u00eb e p\u00ebrpjekjes s\u00eb qeveris\u00eb p\u00ebr t\u00eb kthyer pronat e kapura n\u00ebn sundimin komunist. Por ai nuk lejohet t\u00eb jetoj\u00eb n\u00eb [&hellip;]<\/p>\n","protected":false,"gt_translate_keys":[{"key":"rendered","format":"html"}]},"author":30,"featured_media":435834,"comment_status":"open","ping_status":"open","sticky":false,"template":"","format":"standard","meta":{"footnotes":""},"categories":[22,65,13],"tags":[],"class_list":["post-435833","post","type-post","status-publish","format-standard","has-post-thumbnail","hentry","category-ballina","category-lajme","category-te-fundit"],"gt_translate_keys":[{"key":"link","format":"url"}],"_links":{"self":[{"href":"https:\/\/www.hashtag.al\/index.php\/wp-json\/wp\/v2\/posts\/435833","targetHints":{"allow":["GET"]}}],"collection":[{"href":"https:\/\/www.hashtag.al\/index.php\/wp-json\/wp\/v2\/posts"}],"about":[{"href":"https:\/\/www.hashtag.al\/index.php\/wp-json\/wp\/v2\/types\/post"}],"author":[{"embeddable":true,"href":"https:\/\/www.hashtag.al\/index.php\/wp-json\/wp\/v2\/users\/30"}],"replies":[{"embeddable":true,"href":"https:\/\/www.hashtag.al\/index.php\/wp-json\/wp\/v2\/comments?post=435833"}],"version-history":[{"count":0,"href":"https:\/\/www.hashtag.al\/index.php\/wp-json\/wp\/v2\/posts\/435833\/revisions"}],"wp:featuredmedia":[{"embeddable":true,"href":"https:\/\/www.hashtag.al\/index.php\/wp-json\/wp\/v2\/media\/435834"}],"wp:attachment":[{"href":"https:\/\/www.hashtag.al\/index.php\/wp-json\/wp\/v2\/media?parent=435833"}],"wp:term":[{"taxonomy":"category","embeddable":true,"href":"https:\/\/www.hashtag.al\/index.php\/wp-json\/wp\/v2\/categories?post=435833"},{"taxonomy":"post_tag","embeddable":true,"href":"https:\/\/www.hashtag.al\/index.php\/wp-json\/wp\/v2\/tags?post=435833"}],"curies":[{"name":"wp","href":"https:\/\/api.w.org\/{rel}","templated":true}]}}