{"id":435828,"date":"2021-03-12T13:59:38","date_gmt":"2021-03-12T12:59:38","guid":{"rendered":"https:\/\/hashtag.al\/?p=435828"},"modified":"2021-03-12T13:59:38","modified_gmt":"2021-03-12T12:59:38","slug":"sali-shehu-pas-perplasjes-me-policine-nuk-ka-burre-nene-mbi-toke-qe-ti-marre-keto-zyra","status":"publish","type":"post","link":"https:\/\/www.hashtag.al\/index.php\/2021\/03\/12\/sali-shehu-pas-perplasjes-me-policine-nuk-ka-burre-nene-mbi-toke-qe-ti-marre-keto-zyra\/","title":{"rendered":"Sali Shehu pas p\u00ebrplasjes me policin\u00eb: Nuk ka burr\u00eb n\u00ebne mbi tok\u00eb q\u00eb t\u2019i marr\u00eb k\u00ebto zyra","gt_translate_keys":[{"key":"rendered","format":"text"}]},"content":{"rendered":"<p><span style=\"color: #000000;\"><a href=\"https:\/\/hashtag.al\/wp-content\/uploads\/2021\/03\/Sali-Shehi.png\"><img loading=\"lazy\" decoding=\"async\" class=\"aligncenter size-full wp-image-435829\" src=\"https:\/\/hashtag.al\/wp-content\/uploads\/2021\/03\/Sali-Shehi.png\" alt=\"\" width=\"770\" height=\"420\" srcset=\"https:\/\/www.hashtag.al\/wp-content\/uploads\/2021\/03\/Sali-Shehi.png 770w, https:\/\/www.hashtag.al\/wp-content\/uploads\/2021\/03\/Sali-Shehi-300x164.png 300w, https:\/\/www.hashtag.al\/wp-content\/uploads\/2021\/03\/Sali-Shehi-768x419.png 768w\" sizes=\"auto, (max-width: 770px) 100vw, 770px\" \/><\/a><\/span><\/p>\n<p><span style=\"color: #000000;\">Drejtuesi i Frym\u00ebs s\u00eb Re Demokratike, Sali Shehu, ka reaguar pas p\u00ebrplasjes q\u00eb ndodhi n\u00eb zyrat e partis\u00eb s\u00eb tij me forcat e policis\u00eb bashkiake, ku u p\u00ebrfshi edhe presidenti Ilir Meta.<\/span><\/p>\n<p><span style=\"color: #000000;\">Krah tij ishte edhe n\u00ebnkryetari i LSI-s\u00eb, Petrit Vasili. Shehi theksoi se \u201cnuk ka burr\u00eb n\u00ebne\u201d q\u00eb ti nxjerr\u00eb ata nga zyrat.<\/span><\/p>\n<p><em><span style=\"color: #000000;\">\u00a0\u201cUn\u00eb mendoj se i vetmi pushtet i demokracis\u00eb \u00ebsht\u00eb media, ju p\u00ebrsh\u00ebndes p\u00ebr misionin. M\u00eb lejoni t\u2019iu them se e fal\u00ebnderoj shum\u00eb z.Vasili p\u00ebr solidaritetin, p\u00ebrkrahjen. \u2018Dardha e ka bishtin mbrapa\u2019, themi ne n\u00eb Dib\u00ebr.<\/span><\/em><\/p>\n<p><span style=\"color: #000000;\"><em>Nuk ka burr\u00eb n\u00ebne mbi tok\u00eb q\u00eb t\u2019i marr\u00eb k\u00ebto zyra, se jan\u00eb t\u00eb FRD. As bandit\u00ebt e pushteti, as njeri mbi tok\u00eb. Jemi k\u00ebtu p\u00ebr t\u2019iu th\u00ebn\u00eb shqiptar\u00ebve se jemi bashk\u00eb p\u00ebr nj\u00eb gj\u00eb m\u00eb t\u00eb mir\u00eb. As n\u00eb koh\u00ebn e Enver Hoxh\u00ebs nuk ka ndodhur q\u00eb t\u00eb nxjerr\u00ebs partin\u00eb nga zyra.\u201d<\/em>&#8211; tha Shehu.<\/span><\/p>\n<p><span style=\"color: #000000;\">Ai ka shpjeguar para gazetar\u00ebve incidentin, se si fillimisht \u00ebsht\u00eb telefonuar nga nj\u00eb punonj\u00ebs se nuk lejohen t\u00eb futen n\u00eb zyr\u00eb. E m\u00eb pas si njoftoi presidentin Meta, p\u00ebr t\u2019i k\u00ebrkuar atij mb\u00ebshtetje.<\/span><\/p>\n<p><span style=\"color: #000000;\"><em>\u201cN\u00eb m\u00ebngjes u futa n\u00eb zyr\u00eb dhe prita t\u00eb vij\u00eb stafi. Mora telefonat\u00eb posht\u00eb, q\u00eb m\u00eb than\u00eb se m\u00eb kan\u00eb ndaluar hyrjen. Tentova t\u00eb lidhem me z.Veliaj, por nuk m\u00eb \u00ebsht\u00eb p\u00ebrgjigjur. Un\u00eb njoftova t\u00eb gjitha mediat dhe drejtuesit e shtetit, kryeministrin, kryetarin e bashkis\u00eb, presidentin, do t\u00eb njoftoj edhe selit\u00eb diplomatike. Nj\u00eb gj\u00eb \u00ebsht\u00eb e sigurt, kjo do t\u00eb jet\u00eb epiqendra e situat\u00ebs n\u00eb Tiran\u00eb. Do ja dalim, se kemi bindje q\u00eb gjith\u00eb partit\u00eb q\u00eb jan\u00eb rreshtuar n\u00eb krah t\u00eb k\u00ebsaj situate, kan\u00eb mb\u00ebshtetje nga shqiptar\u00ebt, k\u00ebt\u00eb do ta v\u00ebrtetoj\u00eb 25 prilli dhe k\u00ebta pastaj t\u00eb gjejn\u00eb vend t\u00eb futen. Kam njoftuar zyrtarisht prokurorin e Tiran\u00ebs, q\u00eb do t\u00eb sjell\u00eb grupin e gatsh\u00ebm p\u00ebr t\u00eb v\u00ebrtetuar dhun\u00ebn e ushtruar ndaj stafit t\u00eb FRD dhe Presidentit.\u201d-<\/em> shtoi Shehu.<\/span><\/p>\n","protected":false,"gt_translate_keys":[{"key":"rendered","format":"html"}]},"excerpt":{"rendered":"<p>Drejtuesi i Frym\u00ebs s\u00eb Re Demokratike, Sali Shehu, ka reaguar pas p\u00ebrplasjes q\u00eb ndodhi n\u00eb zyrat e partis\u00eb s\u00eb tij me forcat e policis\u00eb bashkiake, ku u p\u00ebrfshi edhe presidenti Ilir Meta. Krah tij ishte edhe n\u00ebnkryetari i LSI-s\u00eb, Petrit Vasili. Shehi theksoi se \u201cnuk ka burr\u00eb n\u00ebne\u201d q\u00eb ti nxjerr\u00eb ata nga zyrat. \u00a0\u201cUn\u00eb [&hellip;]<\/p>\n","protected":false,"gt_translate_keys":[{"key":"rendered","format":"html"}]},"author":30,"featured_media":435829,"comment_status":"open","ping_status":"open","sticky":false,"template":"","format":"standard","meta":{"footnotes":""},"categories":[65,13],"tags":[],"class_list":["post-435828","post","type-post","status-publish","format-standard","has-post-thumbnail","hentry","category-lajme","category-te-fundit"],"gt_translate_keys":[{"key":"link","format":"url"}],"_links":{"self":[{"href":"https:\/\/www.hashtag.al\/index.php\/wp-json\/wp\/v2\/posts\/435828","targetHints":{"allow":["GET"]}}],"collection":[{"href":"https:\/\/www.hashtag.al\/index.php\/wp-json\/wp\/v2\/posts"}],"about":[{"href":"https:\/\/www.hashtag.al\/index.php\/wp-json\/wp\/v2\/types\/post"}],"author":[{"embeddable":true,"href":"https:\/\/www.hashtag.al\/index.php\/wp-json\/wp\/v2\/users\/30"}],"replies":[{"embeddable":true,"href":"https:\/\/www.hashtag.al\/index.php\/wp-json\/wp\/v2\/comments?post=435828"}],"version-history":[{"count":0,"href":"https:\/\/www.hashtag.al\/index.php\/wp-json\/wp\/v2\/posts\/435828\/revisions"}],"wp:featuredmedia":[{"embeddable":true,"href":"https:\/\/www.hashtag.al\/index.php\/wp-json\/wp\/v2\/media\/435829"}],"wp:attachment":[{"href":"https:\/\/www.hashtag.al\/index.php\/wp-json\/wp\/v2\/media?parent=435828"}],"wp:term":[{"taxonomy":"category","embeddable":true,"href":"https:\/\/www.hashtag.al\/index.php\/wp-json\/wp\/v2\/categories?post=435828"},{"taxonomy":"post_tag","embeddable":true,"href":"https:\/\/www.hashtag.al\/index.php\/wp-json\/wp\/v2\/tags?post=435828"}],"curies":[{"name":"wp","href":"https:\/\/api.w.org\/{rel}","templated":true}]}}