{"id":435822,"date":"2021-03-12T13:46:52","date_gmt":"2021-03-12T12:46:52","guid":{"rendered":"https:\/\/hashtag.al\/?p=435822"},"modified":"2021-03-12T13:47:08","modified_gmt":"2021-03-12T12:47:08","slug":"435822","status":"publish","type":"post","link":"https:\/\/www.hashtag.al\/index.php\/2021\/03\/12\/435822\/","title":{"rendered":"Z\u00ebdh\u00ebn\u00ebsi i Met\u00ebs i p\u00ebrgjigjet Veliajt:  Mos i detyro presidentin e qytetar\u00ebt t\u00eb t\u00eb p\u00ebrz\u00ebn\u00eb q\u00eb sot nga bashkia","gt_translate_keys":[{"key":"rendered","format":"text"}]},"content":{"rendered":"<p><span style=\"color: #000000;\"><a href=\"https:\/\/hashtag.al\/wp-content\/uploads\/2020\/03\/metatediblushi.jpeg\"><img loading=\"lazy\" decoding=\"async\" class=\"aligncenter size-full wp-image-357531\" src=\"https:\/\/hashtag.al\/wp-content\/uploads\/2020\/03\/metatediblushi.jpeg\" alt=\"\" width=\"1280\" height=\"853\" srcset=\"https:\/\/www.hashtag.al\/wp-content\/uploads\/2020\/03\/metatediblushi.jpeg 1280w, https:\/\/www.hashtag.al\/wp-content\/uploads\/2020\/03\/metatediblushi-300x200.jpeg 300w, https:\/\/www.hashtag.al\/wp-content\/uploads\/2020\/03\/metatediblushi-768x512.jpeg 768w, https:\/\/www.hashtag.al\/wp-content\/uploads\/2020\/03\/metatediblushi-1024x682.jpeg 1024w\" sizes=\"auto, (max-width: 1280px) 100vw, 1280px\" \/><\/a><\/span><\/p>\n<p><span style=\"color: #000000;\">Pas p\u00ebrplasjes s\u00eb presidentit Ilir Meta n\u00eb zyrat e FRD-s\u00eb me polic\u00ebt bashkiak\u00eb, vjen nj\u00eb reagim nga z\u00ebdh\u00ebn\u00ebsi i tij Tedi Blushi.<\/span><\/p>\n<p><span style=\"color: #000000;\">Ai i drejtohet kryebashkiakut t\u00eb Tiran\u00ebs Erion Veliaj duke e paralajm\u00ebruar q\u00eb most \u00eb provokoj\u00eb, e mos ta detyroj\u00eb presidentin t\u2019u b\u00ebj\u00eb thirrje qytetar\u00ebve q\u00eb ta nxjerrin q\u00eb sot nga zyra.<\/span><\/p>\n<p><em><span style=\"color: #000000;\">\u201cMos e detyro Presidentin e Republik\u00ebs t\u2019u b\u00ebj\u00eb thirrje qytetar\u00ebve t\u00eb t\u00eb p\u00ebrzen\u00eb q\u00eb sot nga Bashkia e Tiran\u00ebs, si nj\u00eb qen rrug\u00ebsh t\u00eb pasterilizuar, o provokator ordiner i skizofrenit me kartel\u00eb.<\/span><\/em><\/p>\n<p><em><span style=\"color: #000000;\">O vemje, mbaj sh\u00ebnim:<\/span><\/em><\/p>\n<ol>\n<li><em><span style=\"color: #000000;\">Nuk ke p\u00ebr t\u2019i shp\u00ebtuar KURR\u00cb d\u00ebnimit mbar\u00ebqytetar, as p\u00ebr shembjen kriminale t\u00eb Teatrit Komb\u00ebtar, as p\u00ebr afer\u00ebn e zez\u00eb sterr\u00eb t\u00eb incerator\u00ebve dhe as p\u00ebr shum\u00eb afera t\u00eb tjera.<\/span><\/em><\/li>\n<li><span style=\"color: #000000;\"><em>MOS GUXO M\u00cb t\u00eb b\u00ebsh veprime t\u00eb paligjshme dhe t\u00eb porosit\u00ebsh dhun\u00eb kund\u00ebr Opozit\u00ebs, se do t\u00eb dor\u00ebzojm\u00eb te gjykat\u00ebsi popull o horr gjirizash dhe t\u2019i besoj e kupton mir\u00eb se \u00e7do do t\u00eb thot\u00eb kjo.\u201d-<\/em> shkruan Blushi.<\/span><\/li>\n<\/ol>\n<p><span style=\"color: #000000;\">Ky reagim vjen pasi kryebashkiaku Erion Veliajn, e quajti presidentin \u201ct\u00eb degraduar mend\u00ebrisht\u201d, si nj\u00eb burr\u00eb i dhunsh\u00ebm q\u00eb kapet me grushta.<\/span><\/p>\n<p><span style=\"color: #000000;\">P\u00ebrplasja e presidentit me polic\u00ebt bashkiak\u00eb, erdhi pasi k\u00ebta t\u00eb fundit kishin marr\u00eb urdh\u00ebr q\u00eb t\u00eb lironin zyrat e FRD-s\u00eb, pas nj\u00eb shkrese me argumentin se ajo ishte e amortizuar.<\/span><\/p>\n","protected":false,"gt_translate_keys":[{"key":"rendered","format":"html"}]},"excerpt":{"rendered":"<p>Pas p\u00ebrplasjes s\u00eb presidentit Ilir Meta n\u00eb zyrat e FRD-s\u00eb me polic\u00ebt bashkiak\u00eb, vjen nj\u00eb reagim nga z\u00ebdh\u00ebn\u00ebsi i tij Tedi Blushi. Ai i drejtohet kryebashkiakut t\u00eb Tiran\u00ebs Erion Veliaj duke e paralajm\u00ebruar q\u00eb most \u00eb provokoj\u00eb, e mos ta detyroj\u00eb presidentin t\u2019u b\u00ebj\u00eb thirrje qytetar\u00ebve q\u00eb ta nxjerrin q\u00eb sot nga zyra. \u201cMos e [&hellip;]<\/p>\n","protected":false,"gt_translate_keys":[{"key":"rendered","format":"html"}]},"author":30,"featured_media":357531,"comment_status":"open","ping_status":"open","sticky":false,"template":"","format":"standard","meta":{"footnotes":""},"categories":[65,13],"tags":[],"class_list":["post-435822","post","type-post","status-publish","format-standard","has-post-thumbnail","hentry","category-lajme","category-te-fundit"],"gt_translate_keys":[{"key":"link","format":"url"}],"_links":{"self":[{"href":"https:\/\/www.hashtag.al\/index.php\/wp-json\/wp\/v2\/posts\/435822","targetHints":{"allow":["GET"]}}],"collection":[{"href":"https:\/\/www.hashtag.al\/index.php\/wp-json\/wp\/v2\/posts"}],"about":[{"href":"https:\/\/www.hashtag.al\/index.php\/wp-json\/wp\/v2\/types\/post"}],"author":[{"embeddable":true,"href":"https:\/\/www.hashtag.al\/index.php\/wp-json\/wp\/v2\/users\/30"}],"replies":[{"embeddable":true,"href":"https:\/\/www.hashtag.al\/index.php\/wp-json\/wp\/v2\/comments?post=435822"}],"version-history":[{"count":0,"href":"https:\/\/www.hashtag.al\/index.php\/wp-json\/wp\/v2\/posts\/435822\/revisions"}],"wp:featuredmedia":[{"embeddable":true,"href":"https:\/\/www.hashtag.al\/index.php\/wp-json\/wp\/v2\/media\/357531"}],"wp:attachment":[{"href":"https:\/\/www.hashtag.al\/index.php\/wp-json\/wp\/v2\/media?parent=435822"}],"wp:term":[{"taxonomy":"category","embeddable":true,"href":"https:\/\/www.hashtag.al\/index.php\/wp-json\/wp\/v2\/categories?post=435822"},{"taxonomy":"post_tag","embeddable":true,"href":"https:\/\/www.hashtag.al\/index.php\/wp-json\/wp\/v2\/tags?post=435822"}],"curies":[{"name":"wp","href":"https:\/\/api.w.org\/{rel}","templated":true}]}}