{"id":435815,"date":"2021-03-12T13:26:38","date_gmt":"2021-03-12T12:26:38","guid":{"rendered":"https:\/\/hashtag.al\/?p=435815"},"modified":"2021-03-12T13:52:36","modified_gmt":"2021-03-12T12:52:36","slug":"perplasja-e-metes-me-policine-reagon-veliaj-presidenti-ka-degraduar-menderisht-i-ofrojme-rehabilitim","status":"publish","type":"post","link":"https:\/\/www.hashtag.al\/index.php\/2021\/03\/12\/perplasja-e-metes-me-policine-reagon-veliaj-presidenti-ka-degraduar-menderisht-i-ofrojme-rehabilitim\/","title":{"rendered":"P\u00ebrplasja e Met\u00ebs me policin\u00eb, reagon Veliaj: Presidenti ka degraduar mend\u00ebrisht, i ofrojm\u00eb rehabilitim","gt_translate_keys":[{"key":"rendered","format":"text"}]},"content":{"rendered":"<p><span style=\"color: #000000;\"><a style=\"color: #000000;\" href=\"https:\/\/hashtag.al\/wp-content\/uploads\/2021\/03\/Veliaj.jpg\"><img loading=\"lazy\" decoding=\"async\" class=\"aligncenter size-full wp-image-433743\" src=\"https:\/\/hashtag.al\/wp-content\/uploads\/2021\/03\/Veliaj.jpg\" alt=\"\" width=\"703\" height=\"476\" srcset=\"https:\/\/www.hashtag.al\/wp-content\/uploads\/2021\/03\/Veliaj.jpg 703w, https:\/\/www.hashtag.al\/wp-content\/uploads\/2021\/03\/Veliaj-300x203.jpg 300w\" sizes=\"auto, (max-width: 703px) 100vw, 703px\" \/><\/a><br \/>\n<\/span><\/p>\n<p><span style=\"color: #000000;\">Kryetari i Bashkis\u00eb s\u00eb Tiran\u00ebs Erion Veliaj, ka reaguar pas p\u00ebrplasjes fizike mes presidentit Ilir Meta dhe polic\u00ebve bashkiak\u00eb q\u00eb kishin shkuar n\u00eb zyrat e FRD-s\u00eb duke k\u00ebrkuar lirimin e ambienteve.<\/span><\/p>\n<p><span style=\"color: #000000;\">N\u00eb nj\u00eb lidhje t\u00eb drejtp\u00ebrdrejt\u00eb me televizionin \u201cNews 24\u201d, kryebashkiaku Erion Veliaj tha se presidenti \u201cka degraduar mend\u00ebrisht\u201d q\u00eb zihet me grushta me njer\u00ebzit me uniform\u00eb.<\/span><\/p>\n<p><span style=\"color: #000000;\"><em>\u201cN\u00ebse presidenti i Republik\u00ebs p\u00ebr \u00e7do paqart\u00ebsi q\u00eb ka shkon e shtyhet me grushta, fyen uniformat, i bullizon, i k\u00ebrc\u00ebnon, dhe prek me dor\u00eb e rrihet, keni t\u00eb b\u00ebni me nj\u00eb rast t\u00eb degradimit t\u00eb r\u00ebnd\u00eb mendor t\u00eb presidentit dhe institucionit. Kur dikush ka nj\u00eb problem me shkresat shkon e zgjidh n\u00eb gjykat\u00eb. S\u2019m\u00eb keni par\u00eb mua ndonj\u00ebher\u00eb t\u00eb kapem me grushta.<\/em><\/span><\/p>\n<p><span style=\"color: #000000;\"><em>Presidenti duhet t\u00eb kuptoj\u00eb se ajo \u00ebsht\u00eb nj\u00eb zyr\u00eb n\u00eb pron\u00ebsi t\u00eb Bashkis\u00eb s\u00eb Tiran\u00ebs, me hipotek\u00eb. Sipas ligjit p\u00ebr partit\u00eb politike, partit\u00eb q\u00eb nuk kan\u00eb asnj\u00eb mandat parlamentar dhe as 1% t\u00eb votave t\u00eb popullit, nuk e detyrojn\u00eb bashkin\u00eb e Tiran\u00ebs q\u00eb t\u2019u jap\u00eb zyr\u00eb. Po t\u00eb veprojm\u00eb k\u00ebshtu p\u00ebr t\u00eb gjith\u00eb, m\u00ebnyra m\u00eb e shkurt\u00ebr p\u00ebr t\u00eb marr\u00eb nj\u00eb pron\u00eb do t\u00eb ishte, krijo nj\u00eb parti dhe merr nj\u00eb pron\u00eb. Kjo nuk funksionon. Nga t\u00ebrmeti ka patur shum\u00eb d\u00ebme, partia e zotit Milo\u2026 t\u00eb gjitha partit\u00eb e tjera e kan\u00eb respektuar lirimin e ambientit, u \u00ebsht\u00eb k\u00ebrkuar me shum\u00eb mir\u00ebsjellje.<\/em><\/span><\/p>\n<p><span style=\"color: #000000;\"><em>E kemi k\u00ebrkuar lirimin nga t\u00eb gjitha partit\u00eb politike, t\u00eb gjitha e kan\u00eb b\u00ebr\u00eb. Qartazi kjo parti vendosi t\u00eb mos zbatoj\u00eb ligjin duke p\u00ebrdorur presidentit e Republik\u00ebs, nj\u00eb njeri t\u00eb s\u00ebmur\u00eb, \u00ebsht\u00eb v\u00ebrtet p\u00ebr t\u00eb ardhur keq, q\u00eb zihet me grushta. <\/em><em>N\u00ebse ka nevoj\u00eb p\u00ebr sqarime kjo mund t\u00eb b\u00ebhet n\u00eb bashki, ose t\u00eb \u00e7ohet n\u00eb gjykat\u00eb. P\u00ebrdorimi i njer\u00ebzve q\u00eb kan\u00eb degraduar mend\u00ebrisht m\u00eb duket fyerje e madhe edhe p\u00ebr institucionin e Presidenc\u00ebs.<\/em><\/span><span style=\"color: #000000;\">\u201d- deklaroi Veliaj.<\/span><\/p>\n<p><span style=\"color: #000000;\">Ai p\u00ebrs\u00ebriti disa her\u00eb se kjo ishte pron\u00eb e bashkis\u00eb s\u00eb Tiran\u00ebs, nd\u00ebrsa theksoi se i ofronte rehabilitim presidentit Meta dhe burrave t\u00eb dhunsh\u00ebm.<\/span><\/p>\n<p><span style=\"color: #000000;\"><em>&#8220;Sa i p\u00ebrket pron\u00ebs publike t\u00eb Bashkis\u00eb s\u00eb Tiran\u00ebs \u00ebsht\u00eb, ka qen\u00eb dhe do t\u00eb jet\u00eb pron\u00eb e bashkis\u00eb. Un\u00eb e kuptoj q\u00eb partit\u00eb politike pron\u00ebn publike k\u00ebtu e kan\u00eb abuzuar si interes t\u00eb tyre. K\u00ebt\u00eb nuk e luan as topi, q\u00eb kjo do t\u00eb ndryshoj\u00eb. Me k\u00ebt\u00eb politik\u00ebn e Met\u00ebs dhe Berish\u00ebs &#8216;KCK&#8217;, dua t\u2019i them Ilir Met\u00ebs dhe kujtdo t\u00eb kjo minoranc\u00eb se \u2018koha jua mbaroi, nuk keni shans, do ta lironi pron\u00ebn publike\u2019. Burrat e dhunsh\u00ebm, ata t\u00eb alkoolizuar, jemi gati t\u2019iu ofrojm\u00eb programe falas p\u00ebr rehabilitim, secili duhet t\u00eb ket\u00eb nj\u00eb shans t\u00eb dyt\u00eb dhe ne jemi t\u00eb gatsh\u00ebm t\u2019ua japim.\u201d-<\/em>\u00a0tha Veliaj.<\/span><\/p>\n","protected":false,"gt_translate_keys":[{"key":"rendered","format":"html"}]},"excerpt":{"rendered":"<p>Kryetari i Bashkis\u00eb s\u00eb Tiran\u00ebs Erion Veliaj, ka reaguar pas p\u00ebrplasjes fizike mes presidentit Ilir Meta dhe polic\u00ebve bashkiak\u00eb q\u00eb kishin shkuar n\u00eb zyrat e FRD-s\u00eb duke k\u00ebrkuar lirimin e ambienteve. N\u00eb nj\u00eb lidhje t\u00eb drejtp\u00ebrdrejt\u00eb me televizionin \u201cNews 24\u201d, kryebashkiaku Erion Veliaj tha se presidenti \u201cka degraduar mend\u00ebrisht\u201d q\u00eb zihet me grushta me njer\u00ebzit [&hellip;]<\/p>\n","protected":false,"gt_translate_keys":[{"key":"rendered","format":"html"}]},"author":30,"featured_media":433743,"comment_status":"open","ping_status":"open","sticky":false,"template":"","format":"standard","meta":{"footnotes":""},"categories":[65,13],"tags":[],"class_list":["post-435815","post","type-post","status-publish","format-standard","has-post-thumbnail","hentry","category-lajme","category-te-fundit"],"gt_translate_keys":[{"key":"link","format":"url"}],"_links":{"self":[{"href":"https:\/\/www.hashtag.al\/index.php\/wp-json\/wp\/v2\/posts\/435815","targetHints":{"allow":["GET"]}}],"collection":[{"href":"https:\/\/www.hashtag.al\/index.php\/wp-json\/wp\/v2\/posts"}],"about":[{"href":"https:\/\/www.hashtag.al\/index.php\/wp-json\/wp\/v2\/types\/post"}],"author":[{"embeddable":true,"href":"https:\/\/www.hashtag.al\/index.php\/wp-json\/wp\/v2\/users\/30"}],"replies":[{"embeddable":true,"href":"https:\/\/www.hashtag.al\/index.php\/wp-json\/wp\/v2\/comments?post=435815"}],"version-history":[{"count":0,"href":"https:\/\/www.hashtag.al\/index.php\/wp-json\/wp\/v2\/posts\/435815\/revisions"}],"wp:featuredmedia":[{"embeddable":true,"href":"https:\/\/www.hashtag.al\/index.php\/wp-json\/wp\/v2\/media\/433743"}],"wp:attachment":[{"href":"https:\/\/www.hashtag.al\/index.php\/wp-json\/wp\/v2\/media?parent=435815"}],"wp:term":[{"taxonomy":"category","embeddable":true,"href":"https:\/\/www.hashtag.al\/index.php\/wp-json\/wp\/v2\/categories?post=435815"},{"taxonomy":"post_tag","embeddable":true,"href":"https:\/\/www.hashtag.al\/index.php\/wp-json\/wp\/v2\/tags?post=435815"}],"curies":[{"name":"wp","href":"https:\/\/api.w.org\/{rel}","templated":true}]}}