{"id":435801,"date":"2021-03-12T12:44:41","date_gmt":"2021-03-12T11:44:41","guid":{"rendered":"https:\/\/hashtag.al\/?p=435801"},"modified":"2021-03-12T13:32:19","modified_gmt":"2021-03-12T12:32:19","slug":"meta-perplaset-me-policine-ne-zyrat-e-frd-se-dilni-perjashte-ose-do-ju-fus-ne-burg","status":"publish","type":"post","link":"https:\/\/www.hashtag.al\/index.php\/2021\/03\/12\/meta-perplaset-me-policine-ne-zyrat-e-frd-se-dilni-perjashte-ose-do-ju-fus-ne-burg\/","title":{"rendered":"Meta p\u00ebrplaset me policin\u00eb n\u00eb zyrat e FRD-s\u00eb: Dilni p\u00ebrjasht\u00eb ose do ju fus n\u00eb burg","gt_translate_keys":[{"key":"rendered","format":"text"}]},"content":{"rendered":"<p><span style=\"color: #000000;\"><a href=\"https:\/\/hashtag.al\/wp-content\/uploads\/2021\/03\/METAA.jpg\"><img loading=\"lazy\" decoding=\"async\" class=\"aligncenter size-full wp-image-435818\" src=\"https:\/\/hashtag.al\/wp-content\/uploads\/2021\/03\/METAA.jpg\" alt=\"\" width=\"865\" height=\"494\" srcset=\"https:\/\/www.hashtag.al\/wp-content\/uploads\/2021\/03\/METAA.jpg 865w, https:\/\/www.hashtag.al\/wp-content\/uploads\/2021\/03\/METAA-300x171.jpg 300w, https:\/\/www.hashtag.al\/wp-content\/uploads\/2021\/03\/METAA-768x439.jpg 768w\" sizes=\"auto, (max-width: 865px) 100vw, 865px\" \/><\/a><\/span><\/p>\n<p><span style=\"color: #000000;\">Presidenti i vendit Ilir Meta \u00ebsht\u00eb p\u00ebrplasur mesdit\u00ebn e sotme me policis\u00eb, nd\u00ebrsa po futej n\u00eb zyrat e Frym\u00ebs s\u00eb Re Demokratike.<\/span><\/p>\n<p><span style=\"color: #000000;\">Ky incident vjen pasi policia bashkiake m<\/span><span style=\"color: #000000;\">e\u00a0<\/span><span style=\"color: #000000;\">an\u00eb t\u00eb nj\u00eb shkrese zyrtare policia bashkiake k\u00ebrkoi sot lirimin e zyrave t\u00eb FRD-s\u00eb. M\u00eb pas policia <\/span><span style=\"color: #000000;\">kishte rrethuar godin\u00ebn e FRD-s\u00eb duke shk\u00ebputur edhe energjin\u00eb elektrike.\u00a0<\/span><\/p>\n<p><span style=\"color: #000000;\"><a href=\"https:\/\/hashtag.al\/wp-content\/uploads\/2021\/03\/604b50207729bScreenshot_1-1.jpg\"><img loading=\"lazy\" decoding=\"async\" class=\"aligncenter size-full wp-image-435809\" src=\"https:\/\/hashtag.al\/wp-content\/uploads\/2021\/03\/604b50207729bScreenshot_1-1.jpg\" alt=\"\" width=\"607\" height=\"718\" srcset=\"https:\/\/www.hashtag.al\/wp-content\/uploads\/2021\/03\/604b50207729bScreenshot_1-1.jpg 607w, https:\/\/www.hashtag.al\/wp-content\/uploads\/2021\/03\/604b50207729bScreenshot_1-1-254x300.jpg 254w\" sizes=\"auto, (max-width: 607px) 100vw, 607px\" \/><\/a><\/span><\/p>\n<p><span style=\"color: #000000;\">Drejtuesit e FRD-s\u00eb thon\u00eb se sot policia Bashkiake u ka ndaluar atyre hyrjen n\u00eb k\u00ebt\u00eb godin\u00eb me argumentin se \u00ebsht\u00eb e amortizuar, por sipas tyre kjo \u00ebsht\u00eb nj\u00eb goditje politike n\u00eb mes t\u00eb fushat\u00ebs.<\/span><\/p>\n<p><span style=\"color: #000000;\">N\u00ebnkryetari i FRD-s\u00eb Sali Shehu ka deklaruar se do t\u00eb ket\u00eb nj\u00eb kall\u00ebzim penal p\u00ebr k\u00ebt\u00eb q\u00eb ka ndodhur, ndaj bashkis\u00eb s\u00eb Tiran\u00ebs.<\/span><\/p>\n<p><span style=\"color: #000000;\">Presidenti Meta ka shkuar n\u00eb mb\u00ebshtetje t\u00eb tyre, ku ka ndodhur dhe nj\u00eb p\u00ebrplasje me forcat e policis\u00eb q\u00eb po e ndalonin t\u00eb futej brenda.<\/span><\/p>\n<p><span style=\"color: #000000;\">M\u00eb posht\u00eb \u00ebsht\u00eb nj\u00eb video nga ky moment, ku Meta d\u00ebgjohet t\u00eb thot\u00eb: <\/span><em><span style=\"color: #000000;\">&#8220;Pse dhunoni partin\u00eb e opozit\u00ebs? Dilni p\u00ebrjasht\u00eb, mos t\u00eb kemi probleme. Do ju \u00e7oj n\u00eb burg me duart e mia, kaq po ju them.&#8221;\/<\/span><\/em><span style=\"color: #000000;\"><strong>Hashtag.al<\/strong><\/span><\/p>\n<div style=\"width: 636px;\" class=\"wp-video\"><video class=\"wp-video-shortcode\" id=\"video-435801-1\" width=\"636\" height=\"360\" preload=\"metadata\" controls=\"controls\"><source type=\"video\/mp4\" src=\"https:\/\/hashtag.al\/wp-content\/uploads\/2021\/03\/604b58aea3026.mp4?_=1\" \/><a href=\"https:\/\/hashtag.al\/wp-content\/uploads\/2021\/03\/604b58aea3026.mp4\">https:\/\/hashtag.al\/wp-content\/uploads\/2021\/03\/604b58aea3026.mp4<\/a><\/video><\/div>\n","protected":false,"gt_translate_keys":[{"key":"rendered","format":"html"}]},"excerpt":{"rendered":"<p>Presidenti i vendit Ilir Meta \u00ebsht\u00eb p\u00ebrplasur mesdit\u00ebn e sotme me policis\u00eb, nd\u00ebrsa po futej n\u00eb zyrat e Frym\u00ebs s\u00eb Re Demokratike. Ky incident vjen pasi policia bashkiake me\u00a0an\u00eb t\u00eb nj\u00eb shkrese zyrtare policia bashkiake k\u00ebrkoi sot lirimin e zyrave t\u00eb FRD-s\u00eb. M\u00eb pas policia kishte rrethuar godin\u00ebn e FRD-s\u00eb duke shk\u00ebputur edhe energjin\u00eb elektrike.\u00a0 [&hellip;]<\/p>\n","protected":false,"gt_translate_keys":[{"key":"rendered","format":"html"}]},"author":30,"featured_media":435818,"comment_status":"open","ping_status":"open","sticky":false,"template":"","format":"standard","meta":{"footnotes":""},"categories":[22,65,13],"tags":[],"class_list":["post-435801","post","type-post","status-publish","format-standard","has-post-thumbnail","hentry","category-ballina","category-lajme","category-te-fundit"],"gt_translate_keys":[{"key":"link","format":"url"}],"_links":{"self":[{"href":"https:\/\/www.hashtag.al\/index.php\/wp-json\/wp\/v2\/posts\/435801","targetHints":{"allow":["GET"]}}],"collection":[{"href":"https:\/\/www.hashtag.al\/index.php\/wp-json\/wp\/v2\/posts"}],"about":[{"href":"https:\/\/www.hashtag.al\/index.php\/wp-json\/wp\/v2\/types\/post"}],"author":[{"embeddable":true,"href":"https:\/\/www.hashtag.al\/index.php\/wp-json\/wp\/v2\/users\/30"}],"replies":[{"embeddable":true,"href":"https:\/\/www.hashtag.al\/index.php\/wp-json\/wp\/v2\/comments?post=435801"}],"version-history":[{"count":0,"href":"https:\/\/www.hashtag.al\/index.php\/wp-json\/wp\/v2\/posts\/435801\/revisions"}],"wp:featuredmedia":[{"embeddable":true,"href":"https:\/\/www.hashtag.al\/index.php\/wp-json\/wp\/v2\/media\/435818"}],"wp:attachment":[{"href":"https:\/\/www.hashtag.al\/index.php\/wp-json\/wp\/v2\/media?parent=435801"}],"wp:term":[{"taxonomy":"category","embeddable":true,"href":"https:\/\/www.hashtag.al\/index.php\/wp-json\/wp\/v2\/categories?post=435801"},{"taxonomy":"post_tag","embeddable":true,"href":"https:\/\/www.hashtag.al\/index.php\/wp-json\/wp\/v2\/tags?post=435801"}],"curies":[{"name":"wp","href":"https:\/\/api.w.org\/{rel}","templated":true}]}}