{"id":435725,"date":"2021-03-11T23:33:14","date_gmt":"2021-03-11T22:33:14","guid":{"rendered":"https:\/\/hashtag.al\/?p=435725"},"modified":"2021-03-11T23:33:14","modified_gmt":"2021-03-11T22:33:14","slug":"koalicion-rama-basha-meta-kemi-pare-njerez-me-2-3-fytyra","status":"publish","type":"post","link":"https:\/\/www.hashtag.al\/index.php\/2021\/03\/11\/koalicion-rama-basha-meta-kemi-pare-njerez-me-2-3-fytyra\/","title":{"rendered":"Koalicion Rama-Basha?-Meta: Asgj\u00eb nuk \u00ebsht\u00eb fatalitet, kemi par\u00eb njer\u00ebz me 2-3 fytyra","gt_translate_keys":[{"key":"rendered","format":"text"}]},"content":{"rendered":"<p><span style=\"color: #000000;\"><img loading=\"lazy\" decoding=\"async\" class=\"aligncenter size-full wp-image-435696\" src=\"https:\/\/hashtag.al\/wp-content\/uploads\/2021\/03\/meta-tpz.jpg\" alt=\"\" width=\"901\" height=\"489\" srcset=\"https:\/\/www.hashtag.al\/wp-content\/uploads\/2021\/03\/meta-tpz.jpg 901w, https:\/\/www.hashtag.al\/wp-content\/uploads\/2021\/03\/meta-tpz-300x163.jpg 300w, https:\/\/www.hashtag.al\/wp-content\/uploads\/2021\/03\/meta-tpz-768x417.jpg 768w\" sizes=\"auto, (max-width: 901px) 100vw, 901px\" \/><\/span><\/p>\n<p><span style=\"color: #000000;\">Presidenti Ilir Meta n\u00eb debatin politik n\u00eb emisionin \u201cT\u00eb paekspozuarit\u201d n\u00eb MCN TV ka komentuar z\u00ebrat n\u00eb opinionin publik mbi nj\u00eb koalicionin t\u00eb mundsh\u00ebm mes Kryeministrit Edi Rama dhe kryedemokratit Lulzim Basha.<\/span><\/p>\n<p><span style=\"color: #000000;\">Presidenti ka th\u00ebn\u00eb se \u201casgj\u00eb nuk \u00ebsht\u00eb fatalitet\u201d madje shtoi ai se \u201ckemi par\u00eb njer\u00ebz me 2-3 fytyra\u201d.<\/span><\/p>\n<p><span style=\"color: #000000;\">\u201c<em>Asgj\u00eb nuk \u00ebsht\u00eb fatalitet. 25 prilli \u00ebsht\u00eb nj\u00eb dit\u00eb e prov\u00ebs s\u00eb zjarrit p\u00ebr \u00e7do njeri. P\u00ebr at\u00eb q\u00eb ka b\u00ebr\u00eb deri tani dhe p\u00ebr at\u00eb q\u00eb do t\u00eb b\u00ebj\u00eb p\u00ebr t\u00eb ardhmen. Kemi par\u00eb njer\u00ebz me 2-3 fytyra. Nga 25 prill do t\u00eb kemi p\u00ebrfundimisht nj\u00eb prov\u00eb t\u00eb zjarrit p\u00ebr secilin politikan t\u00eb Shqip\u00ebris\u00eb. Un\u00eb jam Ilir Meta, kam nj\u00eb fytyr\u00eb edhe me ambasador\u00ebt, edhe me opozit\u00ebn edhe Edi Ram\u00ebn. P\u00ebr \u00e7do \u00e7\u00ebshtje t\u00eb r\u00ebnd\u00ebsishme q\u00eb ka t\u00eb b\u00ebj\u00eb me pun\u00ebt e Shqip\u00ebris\u00eb. N\u00eb 25 prill, do t\u00eb jet\u00eb prov\u00eb zjarri p\u00ebr t\u00eb gjith\u00eb. Po shkoj drejt k\u00ebsaj prove t\u00eb zjarrit, me bindje se kam b\u00ebr\u00eb detyr\u00ebn ndaj vendit. Do ta b\u00ebj edhe pas 25 prillit. 25 prillit nuk i shmanget dot njeri<\/em>\u201d-deklaroi Meta.<\/span><\/p>\n","protected":false,"gt_translate_keys":[{"key":"rendered","format":"html"}]},"excerpt":{"rendered":"<p>Presidenti Ilir Meta n\u00eb debatin politik n\u00eb emisionin \u201cT\u00eb paekspozuarit\u201d n\u00eb MCN TV ka komentuar z\u00ebrat n\u00eb opinionin publik mbi nj\u00eb koalicionin t\u00eb mundsh\u00ebm mes Kryeministrit Edi Rama dhe kryedemokratit Lulzim Basha. Presidenti ka th\u00ebn\u00eb se \u201casgj\u00eb nuk \u00ebsht\u00eb fatalitet\u201d madje shtoi ai se \u201ckemi par\u00eb njer\u00ebz me 2-3 fytyra\u201d. \u201cAsgj\u00eb nuk \u00ebsht\u00eb fatalitet. 25 [&hellip;]<\/p>\n","protected":false,"gt_translate_keys":[{"key":"rendered","format":"html"}]},"author":32,"featured_media":435696,"comment_status":"open","ping_status":"open","sticky":false,"template":"","format":"standard","meta":{"footnotes":""},"categories":[65,13],"tags":[589,162],"class_list":["post-435725","post","type-post","status-publish","format-standard","has-post-thumbnail","hentry","category-lajme","category-te-fundit","tag-koalicion-rama-basha","tag-meta"],"gt_translate_keys":[{"key":"link","format":"url"}],"_links":{"self":[{"href":"https:\/\/www.hashtag.al\/index.php\/wp-json\/wp\/v2\/posts\/435725","targetHints":{"allow":["GET"]}}],"collection":[{"href":"https:\/\/www.hashtag.al\/index.php\/wp-json\/wp\/v2\/posts"}],"about":[{"href":"https:\/\/www.hashtag.al\/index.php\/wp-json\/wp\/v2\/types\/post"}],"author":[{"embeddable":true,"href":"https:\/\/www.hashtag.al\/index.php\/wp-json\/wp\/v2\/users\/32"}],"replies":[{"embeddable":true,"href":"https:\/\/www.hashtag.al\/index.php\/wp-json\/wp\/v2\/comments?post=435725"}],"version-history":[{"count":0,"href":"https:\/\/www.hashtag.al\/index.php\/wp-json\/wp\/v2\/posts\/435725\/revisions"}],"wp:featuredmedia":[{"embeddable":true,"href":"https:\/\/www.hashtag.al\/index.php\/wp-json\/wp\/v2\/media\/435696"}],"wp:attachment":[{"href":"https:\/\/www.hashtag.al\/index.php\/wp-json\/wp\/v2\/media?parent=435725"}],"wp:term":[{"taxonomy":"category","embeddable":true,"href":"https:\/\/www.hashtag.al\/index.php\/wp-json\/wp\/v2\/categories?post=435725"},{"taxonomy":"post_tag","embeddable":true,"href":"https:\/\/www.hashtag.al\/index.php\/wp-json\/wp\/v2\/tags?post=435725"}],"curies":[{"name":"wp","href":"https:\/\/api.w.org\/{rel}","templated":true}]}}