{"id":435614,"date":"2021-03-11T14:40:16","date_gmt":"2021-03-11T13:40:16","guid":{"rendered":"https:\/\/hashtag.al\/?p=435614"},"modified":"2021-03-11T14:34:24","modified_gmt":"2021-03-11T13:34:24","slug":"shtohen-viktimat-mes-bluzave-te-bardha-humb-jeten-nga-covid-19-mjeku-nga-kavaja","status":"publish","type":"post","link":"https:\/\/www.hashtag.al\/index.php\/2021\/03\/11\/shtohen-viktimat-mes-bluzave-te-bardha-humb-jeten-nga-covid-19-mjeku-nga-kavaja\/","title":{"rendered":"Shtohen viktimat mes bluzave t\u00eb bardha, humb jet\u00ebn nga Covid-19 mjeku nga Kavaja","gt_translate_keys":[{"key":"rendered","format":"text"}]},"content":{"rendered":"<p><span style=\"color: #000000;\"><img loading=\"lazy\" decoding=\"async\" class=\"aligncenter size-full wp-image-435615\" src=\"https:\/\/hashtag.al\/wp-content\/uploads\/2021\/03\/demrozi.jpg\" alt=\"\" width=\"579\" height=\"375\" srcset=\"https:\/\/www.hashtag.al\/wp-content\/uploads\/2021\/03\/demrozi.jpg 579w, https:\/\/www.hashtag.al\/wp-content\/uploads\/2021\/03\/demrozi-300x194.jpg 300w\" sizes=\"auto, (max-width: 579px) 100vw, 579px\" \/><\/span><\/p>\n<p><span style=\"color: #000000;\">Nj\u00eb tjet\u00ebr mjek ka humbur jet\u00ebn lidhur me pandemin\u00eb Covid-19. B\u00ebhet fjal\u00eb p\u00ebr mjekun neurolog Mehmet Demrozi i cili punonte n\u00eb spitalin e Kavaj\u00ebs. <\/span><\/p>\n<p><span style=\"color: #000000;\">Ai ishte shtruar prej disa dit\u00ebsh n\u00eb nj\u00eb spital privat ku ishte i intubuar po nuk ka mundur t\u00eb mbijetoj\u00eb. 68-vje\u00e7ari \u00ebsht\u00eb viktima e radh\u00ebs mes bluzave t\u00eb bardha.<\/span><\/p>\n<p><span style=\"color: #000000;\">Vet\u00ebm dy muajt e fundit dhjet\u00ebra mjek\u00eb e infermier\u00eb n\u00eb vend kan\u00eb humbur jet\u00ebn p\u00ebr shkak t\u00eb Covid-19 nd\u00ebrsa procesi i vaksinimit po ec\u00ebn me ritme t\u00eb ngadalta.<\/span><\/p>\n<p>&nbsp;<\/p>\n","protected":false,"gt_translate_keys":[{"key":"rendered","format":"html"}]},"excerpt":{"rendered":"<p>Nj\u00eb tjet\u00ebr mjek ka humbur jet\u00ebn lidhur me pandemin\u00eb Covid-19. B\u00ebhet fjal\u00eb p\u00ebr mjekun neurolog Mehmet Demrozi i cili punonte n\u00eb spitalin e Kavaj\u00ebs. Ai ishte shtruar prej disa dit\u00ebsh n\u00eb nj\u00eb spital privat ku ishte i intubuar po nuk ka mundur t\u00eb mbijetoj\u00eb. 68-vje\u00e7ari \u00ebsht\u00eb viktima e radh\u00ebs mes bluzave t\u00eb bardha. Vet\u00ebm dy [&hellip;]<\/p>\n","protected":false,"gt_translate_keys":[{"key":"rendered","format":"html"}]},"author":51,"featured_media":435615,"comment_status":"open","ping_status":"open","sticky":false,"template":"","format":"standard","meta":{"footnotes":""},"categories":[65,13],"tags":[],"class_list":["post-435614","post","type-post","status-publish","format-standard","has-post-thumbnail","hentry","category-lajme","category-te-fundit"],"gt_translate_keys":[{"key":"link","format":"url"}],"_links":{"self":[{"href":"https:\/\/www.hashtag.al\/index.php\/wp-json\/wp\/v2\/posts\/435614","targetHints":{"allow":["GET"]}}],"collection":[{"href":"https:\/\/www.hashtag.al\/index.php\/wp-json\/wp\/v2\/posts"}],"about":[{"href":"https:\/\/www.hashtag.al\/index.php\/wp-json\/wp\/v2\/types\/post"}],"author":[{"embeddable":true,"href":"https:\/\/www.hashtag.al\/index.php\/wp-json\/wp\/v2\/users\/51"}],"replies":[{"embeddable":true,"href":"https:\/\/www.hashtag.al\/index.php\/wp-json\/wp\/v2\/comments?post=435614"}],"version-history":[{"count":0,"href":"https:\/\/www.hashtag.al\/index.php\/wp-json\/wp\/v2\/posts\/435614\/revisions"}],"wp:featuredmedia":[{"embeddable":true,"href":"https:\/\/www.hashtag.al\/index.php\/wp-json\/wp\/v2\/media\/435615"}],"wp:attachment":[{"href":"https:\/\/www.hashtag.al\/index.php\/wp-json\/wp\/v2\/media?parent=435614"}],"wp:term":[{"taxonomy":"category","embeddable":true,"href":"https:\/\/www.hashtag.al\/index.php\/wp-json\/wp\/v2\/categories?post=435614"},{"taxonomy":"post_tag","embeddable":true,"href":"https:\/\/www.hashtag.al\/index.php\/wp-json\/wp\/v2\/tags?post=435614"}],"curies":[{"name":"wp","href":"https:\/\/api.w.org\/{rel}","templated":true}]}}