{"id":435607,"date":"2021-03-11T14:08:35","date_gmt":"2021-03-11T13:08:35","guid":{"rendered":"https:\/\/hashtag.al\/?p=435607"},"modified":"2021-03-11T14:02:12","modified_gmt":"2021-03-11T13:02:12","slug":"gjoba-per-583-persona-u-kapen-pa-maske-ose-duke-levizur-pas-ores-2000","status":"publish","type":"post","link":"https:\/\/www.hashtag.al\/index.php\/2021\/03\/11\/gjoba-per-583-persona-u-kapen-pa-maske-ose-duke-levizur-pas-ores-2000\/","title":{"rendered":"Gjoba p\u00ebr 583 persona, u kap\u00ebn pa mask\u00eb ose duke l\u00ebvizur pas or\u00ebs 20:00","gt_translate_keys":[{"key":"rendered","format":"text"}]},"content":{"rendered":"<p><img loading=\"lazy\" decoding=\"async\" class=\"aligncenter size-full wp-image-435608\" src=\"https:\/\/hashtag.al\/wp-content\/uploads\/2021\/03\/gjobamaska-1.jpg\" alt=\"\" width=\"1202\" height=\"1012\" \/><\/p>\n<p><span style=\"color: #000000;\">496 persona jan\u00eb nd\u00ebshkuar me nga 3 mij\u00eb lek\u00eb t\u00eb reja pasi jan\u00eb kapur pa mask\u00ebn mbrojt\u00ebse. <\/span><\/p>\n<p><span style=\"color: #000000;\">83 t\u00eb tjer\u00eb jan\u00eb nd\u00ebshkuar me t\u00eb nj\u00ebjt\u00ebn mas\u00eb pasi jan\u00eb kapur n\u00eb mjete private me persona me t\u00eb cil\u00ebt nuk kishin lidhje familjare apo n\u00eb mjetet e transportit publik, pa vendosur maskat mbrojt\u00ebse.<\/span><\/p>\n<p><span style=\"color: #000000;\">Gjithashtu jan\u00eb nd\u00ebshkuar me mas\u00eb administrative 10.000 lek\u00eb, 4 shtetas q\u00eb jan\u00eb konstatuar duke l\u00ebvizur n\u00eb k\u00ebmb\u00eb pas or\u00ebs 20:00.<\/span><\/p>\n","protected":false,"gt_translate_keys":[{"key":"rendered","format":"html"}]},"excerpt":{"rendered":"<p>496 persona jan\u00eb nd\u00ebshkuar me nga 3 mij\u00eb lek\u00eb t\u00eb reja pasi jan\u00eb kapur pa mask\u00ebn mbrojt\u00ebse. 83 t\u00eb tjer\u00eb jan\u00eb nd\u00ebshkuar me t\u00eb nj\u00ebjt\u00ebn mas\u00eb pasi jan\u00eb kapur n\u00eb mjete private me persona me t\u00eb cil\u00ebt nuk kishin lidhje familjare apo n\u00eb mjetet e transportit publik, pa vendosur maskat mbrojt\u00ebse. Gjithashtu jan\u00eb nd\u00ebshkuar me [&hellip;]<\/p>\n","protected":false,"gt_translate_keys":[{"key":"rendered","format":"html"}]},"author":51,"featured_media":435608,"comment_status":"open","ping_status":"open","sticky":false,"template":"","format":"standard","meta":{"footnotes":""},"categories":[65,13],"tags":[],"class_list":["post-435607","post","type-post","status-publish","format-standard","has-post-thumbnail","hentry","category-lajme","category-te-fundit"],"gt_translate_keys":[{"key":"link","format":"url"}],"_links":{"self":[{"href":"https:\/\/www.hashtag.al\/index.php\/wp-json\/wp\/v2\/posts\/435607","targetHints":{"allow":["GET"]}}],"collection":[{"href":"https:\/\/www.hashtag.al\/index.php\/wp-json\/wp\/v2\/posts"}],"about":[{"href":"https:\/\/www.hashtag.al\/index.php\/wp-json\/wp\/v2\/types\/post"}],"author":[{"embeddable":true,"href":"https:\/\/www.hashtag.al\/index.php\/wp-json\/wp\/v2\/users\/51"}],"replies":[{"embeddable":true,"href":"https:\/\/www.hashtag.al\/index.php\/wp-json\/wp\/v2\/comments?post=435607"}],"version-history":[{"count":0,"href":"https:\/\/www.hashtag.al\/index.php\/wp-json\/wp\/v2\/posts\/435607\/revisions"}],"wp:featuredmedia":[{"embeddable":true,"href":"https:\/\/www.hashtag.al\/index.php\/wp-json\/wp\/v2\/media\/435608"}],"wp:attachment":[{"href":"https:\/\/www.hashtag.al\/index.php\/wp-json\/wp\/v2\/media?parent=435607"}],"wp:term":[{"taxonomy":"category","embeddable":true,"href":"https:\/\/www.hashtag.al\/index.php\/wp-json\/wp\/v2\/categories?post=435607"},{"taxonomy":"post_tag","embeddable":true,"href":"https:\/\/www.hashtag.al\/index.php\/wp-json\/wp\/v2\/tags?post=435607"}],"curies":[{"name":"wp","href":"https:\/\/api.w.org\/{rel}","templated":true}]}}